{"id":12599,"date":"2020-08-11T09:00:53","date_gmt":"2020-08-11T07:00:53","guid":{"rendered":"https:\/\/my-life.lu\/?p=12599"},"modified":"2025-09-02T15:25:14","modified_gmt":"2025-09-02T13:25:14","slug":"alles-wissenswerte-ueber-den-krankenstand-in-luxemburg-56031","status":"publish","type":"post","link":"https:\/\/my-life.lu\/de\/alles-wissenswerte-ueber-den-krankenstand-in-luxemburg-56031\/","title":{"rendered":"Alles Wissenswerte \u00fcber den Krankenstand in Luxemburg"},"content":{"rendered":"<p class=\"entete\">Gibt es im Krankheitsfall eine Art Sonderurlaub, um zum Arzt zu gehen? Ist es gestattet, w\u00e4hrend des Krankenstands das Haus zu verlassen? F\u00fcr welche Dauer besteht eine Gehaltsfortzahlung? Was ist zu tun, wenn man w\u00e4hrend seiner Urlaubstage krank wird? In Anbetracht dieser Fragen, die sich sicher jeder stellt, m\u00f6chten wir das Thema Krankenstand in Luxemburg f\u00fcr Sie n\u00e4her beleuchten.<\/p>\n<p>Lucas hat seit einigen Monaten einen Job in Luxemburg. Da er sozialversichert ist, wei\u00df er zwar, dass f\u00fcr ihn der Versicherungsschutz durch die luxemburgische Krankenversicherung gilt. Aber er ist sich nicht wirklich sicher, welche Rechte er besitzt und welche Ma\u00dfnahmen er im Krankheitsfall zu ergreifen hat. Lassen Sie uns seine Fragen gemeinsam beantworten.<\/p>\n<h2 id=\"h2_0\" >Wer ist im Krankheitsfall zu informieren?<\/h2>\n<p>Als Lucas eines Morgens aufwacht, f\u00fchlt er sich alles andere als wohl. Ihm ist \u00fcbel, er hat Kopfschmerzen, Fieber und Schwindel, und f\u00fchlt sich daher nicht imstande, arbeiten zu gehen. Was ist in dieser Situation zu tun? Noch bevor Lucas \u00fcberhaupt seinen Arzt aufsucht, muss er zun\u00e4chst einmal seinen Arbeitgeber oder dessen Vertreter dar\u00fcber benachrichtigen, und zwar noch <span style=\"text-decoration: underline;\"><strong>am ersten Tag<\/strong><\/span> seiner krankheitsbedingten Abwesenheit. Diese Benachrichtigung kann pers\u00f6nlich oder durch einen Dritten erfolgen, ganz gleich ob per Telefon, E-Mail, SMS oder \u00e4hnliches. Hierzu sind alle Kommunikationswege erlaubt.<\/p>\n<p>Anschlie\u00dfend kann Lucas zum Arzt gehen. Dabei steht es im frei, einen Arzt in Luxemburg aufzusuchen oder ggf. in seinem Wohnsitzland, sofern er Grenzg\u00e4nger ist.<\/p>\n<p><strong>Wissenswertes<\/strong>: Im Falle eines Rechtsstreits muss Lucas nachweisen k\u00f6nnen, dass er seinen Arbeitgeber rechtzeitig benachrichtigt hat. Es ist daher ratsam, nach M\u00f6glichkeit einen schriftlichen Beleg dieser Benachrichtigung aufzubewahren.<\/p>\n<h2 id=\"h2_1\" >Gibt es im Krankheitsfall eine Art Sonderurlaub, um zum Arzt zu gehen?<\/h2>\n<p>Nein! Wenn Lucas w\u00e4hrend der Arbeitszeit feststellt, dass ihm unwohl ist, muss er seinen Arbeitgeber um Erlaubnis bitten, f\u00fcr die Dauer des Arztbesuchs seinen Arbeitsplatz verlassen zu d\u00fcrfen. Der Ablauf ist derselbe, wenn er beispielsweise einen Facharzt aufsuchen muss.<\/p>\n<p><strong>Wissenswertes<\/strong>: Wenn Lucas\u2019 Chef das Verlassen des Arbeitsplatzes gestattet, muss er allerdings angeben, ob diese Abwesenheit als Urlaub verbucht wird oder nicht.<\/p>\n<blockquote><p>Sp\u00e4testens am dritten Tag der Abwesenheit muss beim Arbeitgeber und bei der CNS ein \u00e4rztliches Attest eingegangen sein.<\/p><\/blockquote>\n<h2 id=\"h2_2\" >Was ist mit dem \u00e4rztlichen Attest zu tun?<\/h2>\n<p>Dauert die Abwesenheit mehr als zwei Tage an, ist ein \u00e4rztliches Attest erforderlich. Unter Umst\u00e4nden kann der Arbeitgeber das Attest jedoch bereits am ersten Tag der Abwesenheit verlangen. Unabh\u00e4ngig von der Dauer seiner Abwesenheit wird Lucas daher empfohlen, sich von seinem Arzt ein Attest ausstellen zu lassen.<\/p>\n<p>Um Anspruch auf <a href=\"https:\/\/my-life.lu\/de\/kuendigungsgruende-und-fristen-56002\/\" target=\"_blank\" rel=\"noopener\"><span style=\"text-decoration: underline;\"><strong>K\u00fcndigungsschutz<\/strong><\/span><\/a> zu haben und jede Art von Streitigkeit zu vermeiden, muss Lucas seinen Arbeitgeber noch am ersten Tag seiner krankheitsbedingten Abwesenheit von seiner Arbeitsunf\u00e4higkeit in Kenntnis setzen <span style=\"text-decoration: underline;\"><strong>und<\/strong><\/span><span style=\"font-size: 1rem;\"> au\u00dferdem sicherstellen, dass sein \u00e4rztliches Attest sp\u00e4testens am dritten Werktag seiner Abwesenheit <\/span><a href=\"https:\/\/cns.public.lu\/de\/assure.html\" target=\"_blank\" rel=\"noopener\"><span style=\"text-decoration: underline;\"><strong>bei seinem Arbeitgeber und der<\/strong> <\/span><span style=\"text-decoration: underline;\"><strong>Nationalen Gesundheitskasse (Caisse Nationale de Sant\u00e9, CNS)<\/strong><\/span><\/a><span style=\"font-size: 1rem;\"> eingegangen ist. Im Falle einer Noteinweisung ins Krankenhaus steigt die Frist f\u00fcr die \u00dcbersendung des Attests auf acht Tage.<\/span><\/p>\n<p><strong>Beispiel<\/strong>: Als Lucas am Mittwochmorgen aufgestanden ist, f\u00fchlte er sich unwohl, und sein Arzt hat ihn f\u00fcr drei Tage krankgeschrieben. Da es sich dabei nicht um einen dringenden Krankenhausaufenthalt handelt, muss sein \u00e4rztliches Attest <span style=\"text-decoration: underline;\"><strong>bis sp\u00e4testens<\/strong><\/span> Freitag bei der CNS und seinem Arbeitgeber eingegangen sein.<\/p>\n<p>Unabh\u00e4ngig vom Ausstellungsland des Attests ist auf diesem die luxemburgische nationale Identifikationsnummer (13\u00a0Ziffern) anzugeben, und eine Ausfertigung ist an die Caisse Nationale de Sant\u00e9 (per Post an die Dienststelle \u201eIndemnit\u00e9s p\u00e9cuniaires\u201c L-2980 Luxemburg oder \u00fcber deren <a href=\"https:\/\/cns.public.lu\/de\/assure\/droits-demarches\/demarches-frequentes\/formulaire-declaration-incapacite-travail.html\" target=\"_blank\" rel=\"noopener\"><span style=\"text-decoration: underline;\"><strong>Online-Formular<\/strong><\/span><\/a>) und eine zweite an den Arbeitgeber zu senden. Die dritte Ausfertigung ist vom Arbeitnehmer aufzubewahren. Achtung, der Versand des Zertifikats per E-Mail wird von der CNS seit dem 1. Dezember 2024 nicht mehr akzeptiert.<\/p>\n<p><strong>Wissenswertes<\/strong>: Wird das Attest in Belgien ausgestellt (in nur einer Ausfertigung), vergessen Sie nicht, Ihren Arzt um ein Duplikat zu bitten. Wenn das \u00e4rztliche Attest aus Frankreich stammt, muss \u00fcberpr\u00fcft werden, ob es sich tats\u00e4chlich um das neue, seit dem 1. Juli 2025 in Frankreich vorgeschriebene gesicherte Cerfa-Formular handelt.<\/p>\n<h2 id=\"h2_3\" >Was ist zu tun, wenn sich die Arbeitsunf\u00e4higkeit l\u00e4nger hinzieht?<\/h2>\n<p>Die Erkrankung hat sich inzwischen als hartn\u00e4ckig erwiesen. Lucas\u2019 Arzt hat seine Krankschreibung um einige Tage verl\u00e4ngert. In diesem Fall muss er erneut unverz\u00fcglich seinen Arbeitgeber in Kenntnis setzen und ihm und der CNS das neue \u00e4rztliche Attest zukommen lassen. Auch diesmal gilt wieder eine Frist von drei Tagen.<\/p>\n<p><strong>Beispiel<\/strong>: Lucas m\u00fcsste eigentlich am Montag wieder zur Arbeit gehen, aber sein Arzt hat seine Krankschreibung verl\u00e4ngert. Das neue Attest muss sp\u00e4testens am Mittwoch bei seinem Arbeitgeber und bei der CNS eingegangen sein.<\/p>\n<blockquote><p>W\u00e4hrend der ersten f\u00fcnf Tage der Arbeitsunf\u00e4higkeit gilt ein Ausgehverbot, Wochenenden mitinbegriffen.<\/p><\/blockquote>\n<h2 id=\"h2_4\" >Ist es gestattet, w\u00e4hrend des Krankenstands das Haus zu verlassen?<\/h2>\n<p>Lucas hat vier Tage nur im Bett verbracht. Nun beginnt er, sich langsam besser zu f\u00fchlen, und w\u00fcrde gerne einen kleinen Spaziergang durch die Nachbarschaft machen, um frische Luft zu schnappen. Doch leider gilt w\u00e4hrend der ersten f\u00fcnf Tage der Arbeitsunf\u00e4higkeit ein Ausgehverbot, Wochenenden mitinbegriffen. Selbst wenn sein Attest etwas anderes besagt, darf Lucas also seine Wohnung bzw. den Ort, den er der CNS vorher angegeben hat, nicht verlassen. Von dieser Einschr\u00e4nkung ausgenommen sind Ausg\u00e4nge, um sich zum behandelnden Arzt, in die Apotheke, zum kontroll\u00e4rztlichen Dienst der Sozialversicherung oder zu einem Dienstleister des Gesundheitswesens zu begeben.<\/p>\n<p>Sofern sein behandelnder Arzt nicht vom Ausgang abr\u00e4t, kann Lucas das Haus also ab dem sechsten Tag wieder verlassen. Aber gewiss nicht, um bis in die Morgenstunden zu feiern &#8230;! Sowohl unter der Woche als auch an Wochenenden ist der Ausgang lediglich zwischen 10 und 12 Uhr sowie zwischen 14 und 18 Uhr gestattet. Und selbst w\u00e4hrend dieser Zeiten kann Lucas nicht beliebig tun, was er will. Beispielsweise darf er keinen Sport treiben (au\u00dfer auf \u00e4rztliche Empfehlung) oder ins Restaurant gehen. Das hei\u00dft, es ist durchaus ab dem ersten Tag der Arbeitsunf\u00e4higkeit gestattet, Gastronomiebetriebe aufzusuchen, um dort eine Mahlzeit zu sich zu nehmen, allerdings muss die CNS im Voraus dar\u00fcber informiert werden. Zu diesem Zweck <a href=\"https:\/\/cns.public.lu\/de\/assure\/droits-demarches\/demarches-frequentes\/formulaire-prise-repas-exterieur.html\" target=\"_blank\" rel=\"noopener noreferrer\"><span style=\"text-decoration: underline;\"><strong>steht auf der Website der CNS ein spezielles Formular zur Verf\u00fcgung<\/strong><\/span><\/a>.<\/p>\n<h2 id=\"h2_5\" >Kann es am Wohnort des Kranken zu Kontrollen kommen?<\/h2>\n<p>Unabh\u00e4ngig von Lucas\u2019 Wohnsitzland kann die CNS ab dem ersten Tag der Arbeitsunf\u00e4higkeit auf Antrag der Kasse oder des Arbeitgebers Krankenkontrollen durchf\u00fchren. Solche unangek\u00fcndigten Kontrollen k\u00f6nnen zwischen 8 und 21\u00a0Uhr stattfinden.<\/p>\n<p><strong>Gut zu wissen<\/strong>: Wenn sich Lucas w\u00e4hrend seiner Krankschreibung an einem anderen Ort als seinem \u00fcblichen Wohnort (aber im selben Land wie sein offizieller Wohnsitz) aufh\u00e4lt, muss er die genaue Adresse auf der Arbeitsunf\u00e4higkeitsbescheinigung angeben oder die CNS mithilfe <a href=\"https:\/\/cns.public.lu\/de\/assure\/droits-demarches\/demarches-frequentes\/formulaire-adresse-temporaire-maladie.html\" target=\"_blank\" rel=\"noopener\"><span style=\"text-decoration: underline;\"><strong>des daf\u00fcr vorgesehenen Formulars<\/strong><\/span><\/a> informieren. Er muss jedoch eine vorherige Genehmigung der CNS einholen, wenn er in einem anderen Land als dem, in dem er wohnt, verweilen m\u00f6chte.<\/p>\n<h2 id=\"h2_6\" >Ist es gestattet, w\u00e4hrend des Krankenstands ins Ausland zu reisen?<\/h2>\n<p>Ganz gleich, ob es sich um einen Urlaub oder einen kurzen Wochenend-Trip handelt: Lucas ist es nicht gestattet, <a href=\"https:\/\/cns.public.lu\/de\/assure\/droits-demarches\/dossiers-thematiques\/salaries-independants\/sorties-autorisees-maladie.html\" target=\"_blank\" rel=\"noopener noreferrer\"><span style=\"text-decoration: underline;\"><strong>sich w\u00e4hrend seiner Arbeitsunf\u00e4higkeit im Ausland aufzuhalten<\/strong><\/span><\/a>. Allerdings kann er in den folgenden Sonderf\u00e4llen einen entsprechenden Antrag stellen:<\/p>\n<ul>\n<li style=\"list-style-type: none;\">\n<ul>\n<li>Todesfall des Lebenspartners oder eines Verwandten oder Verschw\u00e4gerten ersten Grades im Ausland<\/li>\n<li>Geburt eines Kindes der arbeitsunf\u00e4higen Person im Ausland<\/li>\n<li>schwere Krankheit<\/li>\n<li>Anspruch auf Palliativpflege<\/li>\n<li>Feststellung einer konsolidierten Krankheit im Rahmen eines Verfahrens zur Versetzung in den Ruhestand wegen Erwerbsunf\u00e4higkeit<\/li>\n<\/ul>\n<\/li>\n<\/ul>\n<p>Sollte Lucas von einer dieser Bedingungen betroffen sein, muss er seinen Antrag an die CNS richten, indem er <a href=\"https:\/\/cns.public.lu\/de\/assure\/publications\/formulaires\/mesure-surveillance\/sejour-etranger-incapacite-travail.html\" target=\"_blank\" rel=\"noopener\"><span style=\"text-decoration: underline;\"><strong>das Formular f\u00fcr die vorherige Genehmigung eines Auslandsaufenthalts<\/strong><\/span><\/a> zu H\u00e4nden des <em>Service Contr\u00f4le et gestion des certificats d\u2019incapacit\u00e9 de travail<\/em> L-2980 Luxemburg einreicht. Der Versand muss mindestens eine Woche vor der Abreise erfolgen (au\u00dfer im Falle eines Todes oder einer Geburt).<\/p>\n<h2 id=\"h2_7\" >Krank im Urlaub: Ist es m\u00f6glich, die betreffenden Urlaubstage wieder gutgeschrieben zu bekommen?<\/h2>\n<p>Lucas hat sich freigenommen und wird ausgerechnet w\u00e4hrend dieser Zeit krank. Wenngleich der Urlaub dadurch ruiniert ist, sind die Urlaubstage nicht verloren. Lucas kann sie durchaus wieder gutgeschrieben bekommen. Hierzu muss er seinen Arbeitgeber schnellstm\u00f6glich von seinem Zustand in Kenntnis setzen und ihm (sowie der CNS) das entsprechende Attest zukommen lassen. Wenn er sich in Luxemburg aufh\u00e4lt, muss dies innerhalb von drei Tagen geschehen. Die im \u00e4rztlichen Attest aufgef\u00fchrten Tage werden damit als Krankheitstage und nicht mehr als in Anspruch genommene Urlaubstage verbucht. Lucas bekommt sie also wieder gutgeschrieben und kann sie im weiteren Jahresverlauf zu einem mit seinem Arbeitgeber zu vereinbarenden Zeitpunkt verwenden.<\/p>\n<h2 id=\"h2_8\" >Und was ist, wenn ein Krankheitstag auf einen gesetzlichen Feiertag f\u00e4llt?<\/h2>\n<p>In diesem Fall gestaltet sich die Situation etwas komplizierter. Wird Lucas an einem gesetzlichen Feiertag krank, an dem er h\u00e4tte arbeiten sollen, wird ihm der Urlaubstag nicht wiedergutgeschrieben. H\u00e4tte er an dem Feiertag jedoch nicht arbeiten sollen, wird ihm ein zus\u00e4tzlicher Urlaubstag gutgeschrieben.<\/p>\n<p><strong>Beispiel<\/strong>: Lucas arbeitet f\u00fcr gew\u00f6hnlich von Montag bis Freitag. In diesem Jahr ist er am Nationalfeiertag krankgeschrieben. Er kann diesen Tag nur dann gutgeschrieben bekommen, wenn er auf einen Samstag oder Sonntag f\u00e4llt.<\/p>\n<h2 id=\"h2_9\" >Gibt es im Krankheitsfall eine Gehaltsfortzahlung, und durch wen erfolgt sie?<\/h2>\n<p>W\u00e4hrend seines Krankenstands wird Lucas weiterhin sein \u00fcbliches Gehalt gezahlt (die in seinem Arbeitsvertrag vereinbarten Gehaltszahlungen und Leistungen). F\u00fcr diese Gehaltszahlungen kommt sein Arbeitgeber auf, und zwar bis zum Ende des Monats, auf den der 77.\u00a0Tag seiner Arbeitsunf\u00e4higkeit f\u00e4llt. Diese Krankheitstage werden \u00fcber einen Referenzzeitraum von 18 aufeinanderfolgenden Monaten gerechnet (sofern der Arbeitsvertrag nicht vor diesem Datum endet).<\/p>\n<p>Ab dem 77.\u00a0Tag l\u00f6st die CNS den Arbeitgeber ab und zahlt Lucas ein Krankengeld. Dieses Krankengeld wird maximal f\u00fcr eine Dauer von 78\u00a0Wochen w\u00e4hrend eines Referenzzeitraums von 104\u00a0Wochen gezahlt. Bei Krankheitszeiten, die diesen Zeitraum \u00fcbersteigen, endet der Arbeitsvertrag automatisch.<\/p>\n<blockquote><p>Sofern die Pflichten gegen\u00fcber der CNS und dem Arbeitgeber erf\u00fcllt sind, genie\u00dfen Krankgeschriebene f\u00fcr die Dauer von 26\u00a0Wochen ab dem ersten Tag ihrer Arbeitsunf\u00e4higkeit K\u00fcndigungsschutz.<\/p><\/blockquote>\n<h2 id=\"h2_10\" >Hat man w\u00e4hrend des Krankenstands K\u00fcndigungsschutz?<\/h2>\n<p>Sofern Lucas seiner Informationspflicht gegen\u00fcber der CNS und seinem Arbeitgeber nachkommt, genie\u00dft er f\u00fcr die Dauer von 26\u00a0Wochen ab dem ersten Tag seiner Arbeitsunf\u00e4higkeit K\u00fcndigungsschutz (es sei denn, es liegt ein Ausnahmefall vor). H\u00e4ufen sich die Krankheitszeiten jedoch stark und st\u00f6ren sie die Betriebsabl\u00e4ufe seiner Abteilung, so kann dies ein K\u00fcndigungsgrund sein (vorausgesetzt, die Fehlzeiten sind nicht auf eine Berufskrankheit oder einen Arbeitsunfall zur\u00fcckzuf\u00fchren). Sein Arbeitgeber kann ihn also erst nach seiner R\u00fcckkehr an den Arbeitsplatz oder nach Ablauf einer Frist von 26\u00a0Wochen unter Einhaltung der K\u00fcndigungsfrist entlassen.<\/p>\n<h2 id=\"h2_11\" >Erh\u00e4lt man Urlaub, wenn sein Kind krank ist?<\/h2>\n<p>Lucas hat selbst noch keine Kinder, doch er beobachtet h\u00e4ufig, dass seine Kollegen recht genervt sind, wenn ihre Kinder krank sind. Zwar gibt es keinen gesonderten Urlaub, um sich als Eltern um sein krankes Kind zu k\u00fcmmern, doch es ist m\u00f6glich, <a href=\"https:\/\/cns.public.lu\/de\/assure\/droits-demarches\/dossiers-thematiques\/famille\/conge-raisons-familiales.html\" target=\"_blank\" rel=\"noopener\"><span style=\"text-decoration: underline;\"><strong>Urlaub aus famili\u00e4ren Gr\u00fcnden<\/strong><\/span><\/a> zu erhalten, wenn ein Kind im Alter von weniger als 18 Jahren krank ist oder einen schweren Unfall hatte oder bestimmte andere Gr\u00fcnde vorliegen.<\/p>\n<p>Um Anspruch auf einen solchen Urlaub zu erhalten, m\u00fcssen die Eltern ihren Arbeitgeber noch am selben Tag von ihrer Abwesenheit in Kenntnis setzten und der CNS innerhalb von drei Tagen ein entsprechendes \u00e4rztliches Attest zukommen lassen. Dieses Attest muss den Gesundheitszustand des Kindes und das damit verbundene Erfordernis der Anwesenheit eines der beiden Elternteile bescheinigen.<\/p>\n<div class=\"table-container\">\n<table id=\"tablepress-107\" class=\"tablepress tablepress-id-107 table-centre table-vcentre\">\n<thead>\n<tr class=\"row-1\">\n\t<td class=\"column-1\"><\/td><th class=\"column-2\"><strong>Dauer des Urlaubs <br \/>\naus famili\u00e4ren Gr\u00fcnden<br \/>\n(pro Kind)<\/strong><\/th><td class=\"column-3\"><\/td>\n<\/tr>\n<\/thead>\n<tbody class=\"row-striping row-hover\">\n<tr class=\"row-2\">\n\t<td class=\"column-1\"><strong>Kind im Alter von weniger als 4 Jahren<\/strong><\/td><td class=\"column-2\"><\/td><td class=\"column-3\">12 Tage<\/td>\n<\/tr>\n<tr class=\"row-3\">\n\t<td class=\"column-1\"><strong>Kind im Alter von 4 bis zum vollendeten 12.<\/strong><\/td><td class=\"column-2\"><\/td><td class=\"column-3\">18 Tage<\/td>\n<\/tr>\n<tr class=\"row-4\">\n\t<td class=\"column-1\"><strong>Kind im Alter von 13 bis zum vollendeten 17.<\/strong><\/td><td class=\"column-2\"><\/td><td class=\"column-3\">5 Tage im Falle eines Krankenhausaufenthalts<\/td>\n<\/tr>\n<\/tbody>\n<\/table>\n<\/div>\n<p><strong>Wissenswertes<\/strong>: Die Dauer des Urlaubs aus famili\u00e4ren Gr\u00fcnden verdoppelt sich im Falle von Kindern, f\u00fcr die eine Sonderzulage bezogen wird. Zudem kann sie im Falle einer sehr schweren Erkrankung des Kindes verl\u00e4ngert werden.<\/p>\n<h2 id=\"h2_12\" >Ist es m\u00f6glich, Sonderurlaub zur Sterbebegleitung eines Angeh\u00f6rigen zu erhalten?<\/h2>\n<p>Auch wenn Lucas nicht gerne dar\u00fcber nachdenkt, kann es durchaus passieren, dass einer seiner Angeh\u00f6rigen schwer erkrankt oder infolge einer schweren Krankheit bald sterben wird. Um dem betreffenden Angeh\u00f6rigen (Vater, Mutter, Kind, Bruder, Schwester, Ehegatte) in seinen letzten Stunden zur Seite zu stehen, ist es m\u00f6glich, <a href=\"https:\/\/cns.public.lu\/de\/assure\/droits-demarches\/dossiers-thematiques\/famille\/conge-accompagnement-fin-vie.html\" target=\"_blank\" rel=\"noopener noreferrer\"><span style=\"text-decoration: underline;\"><strong>Sonderurlaub zur Sterbebegleitung<\/strong><\/span><\/a> zu erhalten. Dieser Sonderurlaub darf h\u00f6chstens f\u00fcnf Werktage pro Fall und pro Jahr betragen. Er muss gegen\u00fcber der CNS mit einer \u00e4rztlichen Bescheinigung begr\u00fcndet werden, die die schwere Krankheit der Person in der Endphase des Lebens und das Erfordernis der Anwesenheit eines Angeh\u00f6rigen best\u00e4tigt.<\/p>\n<p>Lucas kennt nun die Antworten auf die wichtigsten Fragen, die er zum Thema Krankenstand hatte, und wei\u00df, wie er sich im Bedarfsfall zu verhalten hat. Am besten ist nat\u00fcrlich, wenn man gar nicht erst krank wird. Zudem empfiehlt es sich, sich \u00fcber die M\u00f6glichkeiten zu informieren, <a href=\"https:\/\/my-life.lu\/de\/mehr-wohlbefinden-am-arbeitsplatz-56017\/\" target=\"_blank\" rel=\"noopener noreferrer\"><span style=\"text-decoration: underline;\"><strong>sein Wohlbefinden am Arbeitsplatz zu verbessern<\/strong><\/span><\/a> oder <a href=\"https:\/\/my-life.lu\/de\/sport-treiben-ohne-sich-zu-ruinieren-59004\/\" target=\"_blank\" rel=\"noopener noreferrer\"><span style=\"text-decoration: underline;\"><strong>Sport zu treiben, ohne sich zu ruinieren<\/strong><\/span><\/a>. \u00a0So bleibt man bei guter Gesundheit und eignet sich gleich zu Beginn seiner beruflichen Laufbahn die richtigen Gewohnheiten an.<\/p>\n<table style=\"border-style: solid; border-color: #000000; background-color: #b5b7b7;\">\n<tbody>\n<tr>\n<td><span style=\"text-decoration: underline;\"><strong>Urlaub f\u00fcr pflegende Angeh\u00f6rige und Urlaub aus Gr\u00fcnden h\u00f6herer Gewalt<\/strong><\/span><\/p>\n<p>Im Sommer 2023 wurden zwei neue Arten des <a href=\"https:\/\/my-life.lu\/de\/alles-wissenswerte-zum-thema-sonderurlaub-in-luxemburg-56056\/\" target=\"_blank\" rel=\"noopener\"><span style=\"text-decoration: underline;\"><strong>Sonderurlaubs<\/strong><\/span><\/a> in Luxemburg eingef\u00fchrt:<\/p>\n<ul>\n<li style=\"list-style-type: none;\">\n<ul>\n<li><strong>Urlaub f\u00fcr pflegende Angeh\u00f6rige<\/strong>: 5\u00a0Tage innerhalb eines Zeitraums von 12\u00a0Monaten, um ein Familienmitglied oder eine im selben Haushalt lebende Person (aus schwerwiegenden medizinischen Gr\u00fcnden) zu pflegen oder zu betreuen.<\/li>\n<li><strong>Urlaub aus Gr\u00fcnden h\u00f6herer Gewalt<\/strong>: 1 Tag innerhalb eines Zeitraums von 12 Monaten aus Gr\u00fcnden h\u00f6herer Gewalt im Zusammenhang mit dringenden famili\u00e4ren Angelegenheiten (Krankheit oder Unfall, die\/der die Anwesenheit des Arbeitnehmers erfordert).<\/li>\n<\/ul>\n<\/li>\n<\/ul>\n<\/td>\n<\/tr>\n<\/tbody>\n<\/table>\n","protected":false},"excerpt":{"rendered":"<p>Gibt es im Krankheitsfall eine Art Sonderurlaub, um zum Arzt zu gehen? Ist es gestattet, w\u00e4hrend des Krankenstands das Haus zu verlassen? F\u00fcr welche Dauer besteht eine Gehaltsfortzahlung? Was ist zu tun, wenn man w\u00e4hrend seiner Urlaubstage krank wird? In Anbetracht dieser Fragen, die sich sicher jeder stellt, m\u00f6chten wir das Thema Krankenstand in Luxemburg &hellip; <\/p>\n<p class=\"link-more\"><a href=\"https:\/\/my-life.lu\/de\/alles-wissenswerte-ueber-den-krankenstand-in-luxemburg-56031\/\" class=\"more-link\">Continue reading<span class=\"screen-reader-text\"> &#8220;Alles Wissenswerte \u00fcber den Krankenstand in Luxemburg&#8221;<\/span><\/a><\/p>\n","protected":false},"author":4,"featured_media":12591,"comment_status":"closed","ping_status":"closed","sticky":false,"template":"","format":"standard","meta":{"_et_pb_use_builder":"","_et_pb_old_content":"","_et_gb_content_width":"","footnotes":"","beyondwords_generate_audio":"1","beyondwords_integration_method":"","beyondwords_project_id":"44704","beyondwords_content_id":"e5d1963e-2e01-4945-8f73-280fb5067f11","beyondwords_preview_token":"1237b986-0eb1-4f23-83d1-503280e67157","beyondwords_player_content":"","beyondwords_player_style":"standard","beyondwords_language_code":"de_DE","beyondwords_language_id":"44","beyondwords_title_voice_id":"1929","beyondwords_body_voice_id":"1929","beyondwords_summary_voice_id":"1929","beyondwords_error_message":"","beyondwords_disabled":"","beyondwords_delete_content":"","beyondwords_podcast_id":"e5d1963e-2e01-4945-8f73-280fb5067f11","beyondwords_hash":"","publish_post_to_speechkit":"","speechkit_hash":"","speechkit_generate_audio":"","speechkit_project_id":"","speechkit_podcast_id":"","speechkit_error_message":"","speechkit_disabled":"","speechkit_access_key":"","speechkit_error":"","speechkit_info":"","speechkit_response":"","speechkit_retries":"","speechkit_status":"","speechkit_updated_at":"","_speechkit_link":"","_speechkit_text":""},"categories":[2,149],"tags":[463,582],"class_list":["post-12599","post","type-post","status-publish","format-standard","has-post-thumbnail","hentry","category-me-and-my-family-de","category-jobs-de","tag-jobs-de","tag-kontakt-de","my_family"],"yoast_head":"<!-- This site is optimized with the Yoast SEO Premium plugin v27.3 (Yoast SEO v27.3) - https:\/\/yoast.com\/product\/yoast-seo-premium-wordpress\/ -->\n<title>Alles Wissenswerte \u00fcber den Krankenstand in Luxemburg - myLIFE<\/title>\n<meta name=\"description\" content=\"Was ist in Luxemburg im Krankheitsfall zu tun? Welche Rechte und Pflichten haben Sie? myLIFE beantwortet die Fragen zu diesem Thema.\" \/>\n<meta name=\"robots\" content=\"index, follow, max-snippet:-1, max-image-preview:large, max-video-preview:-1\" \/>\n<link rel=\"canonical\" href=\"https:\/\/my-life.lu\/de\/alles-wissenswerte-ueber-den-krankenstand-in-luxemburg-56031\/\" \/>\n<meta property=\"og:locale\" content=\"de_DE\" \/>\n<meta property=\"og:type\" content=\"article\" \/>\n<meta property=\"og:title\" content=\"Alles Wissenswerte \u00fcber den Krankenstand in Luxemburg\" \/>\n<meta property=\"og:description\" content=\"Was ist in Luxemburg im Krankheitsfall zu tun? Welche Rechte und Pflichten haben Sie? myLIFE beantwortet die Fragen zu diesem Thema.\" \/>\n<meta property=\"og:url\" content=\"https:\/\/my-life.lu\/de\/alles-wissenswerte-ueber-den-krankenstand-in-luxemburg-56031\/\" \/>\n<meta property=\"og:site_name\" content=\"myLIFE\" \/>\n<meta property=\"article:published_time\" content=\"2020-08-11T07:00:53+00:00\" \/>\n<meta property=\"article:modified_time\" content=\"2025-09-02T13:25:14+00:00\" \/>\n<meta property=\"og:image\" content=\"https:\/\/my-life.lu\/wp-content\/uploads\/2020\/07\/Article_56031-scaled-e1716817740539.jpg\" \/>\n\t<meta property=\"og:image:width\" content=\"1920\" \/>\n\t<meta property=\"og:image:height\" content=\"1242\" \/>\n\t<meta property=\"og:image:type\" content=\"image\/jpeg\" \/>\n<meta name=\"author\" content=\"Compiled by myLIFE team\" \/>\n<meta name=\"twitter:card\" content=\"summary_large_image\" \/>\n<meta name=\"twitter:label1\" content=\"Verfasst von\" \/>\n\t<meta name=\"twitter:data1\" content=\"Gesammelt von myLIFE team\" \/>\n\t<meta name=\"twitter:label2\" content=\"Gesch\u00e4tzte Lesezeit\" \/>\n\t<meta name=\"twitter:data2\" content=\"11\u00a0Minuten\" \/>\n<script type=\"application\/ld+json\" class=\"yoast-schema-graph\">{\"@context\":\"https:\\\/\\\/schema.org\",\"@graph\":[{\"@type\":\"Article\",\"@id\":\"https:\\\/\\\/my-life.lu\\\/de\\\/alles-wissenswerte-ueber-den-krankenstand-in-luxemburg-56031\\\/#article\",\"isPartOf\":{\"@id\":\"https:\\\/\\\/my-life.lu\\\/de\\\/alles-wissenswerte-ueber-den-krankenstand-in-luxemburg-56031\\\/\"},\"author\":{\"name\":\"Compiled by myLIFE team\",\"@id\":\"https:\\\/\\\/my-life.lu\\\/de\\\/#\\\/schema\\\/person\\\/224f7e554674eb9534cbab8498cd369b\"},\"headline\":\"Alles Wissenswerte \u00fcber den Krankenstand in Luxemburg\",\"datePublished\":\"2020-08-11T07:00:53+00:00\",\"dateModified\":\"2025-09-02T13:25:14+00:00\",\"mainEntityOfPage\":{\"@id\":\"https:\\\/\\\/my-life.lu\\\/de\\\/alles-wissenswerte-ueber-den-krankenstand-in-luxemburg-56031\\\/\"},\"wordCount\":2251,\"publisher\":{\"@id\":\"https:\\\/\\\/my-life.lu\\\/de\\\/#organization\"},\"image\":{\"@id\":\"https:\\\/\\\/my-life.lu\\\/de\\\/alles-wissenswerte-ueber-den-krankenstand-in-luxemburg-56031\\\/#primaryimage\"},\"thumbnailUrl\":\"https:\\\/\\\/my-life.lu\\\/wp-content\\\/uploads\\\/2020\\\/07\\\/Article_56031-scaled-e1716817740539.jpg\",\"keywords\":[\"Jobs\",\"Kontakt\"],\"articleSection\":[\"me&amp;myFAMILY\",\"Jobs\"],\"inLanguage\":\"de\"},{\"@type\":\"WebPage\",\"@id\":\"https:\\\/\\\/my-life.lu\\\/de\\\/alles-wissenswerte-ueber-den-krankenstand-in-luxemburg-56031\\\/\",\"url\":\"https:\\\/\\\/my-life.lu\\\/de\\\/alles-wissenswerte-ueber-den-krankenstand-in-luxemburg-56031\\\/\",\"name\":\"Alles Wissenswerte \u00fcber den Krankenstand in Luxemburg - myLIFE\",\"isPartOf\":{\"@id\":\"https:\\\/\\\/my-life.lu\\\/de\\\/#website\"},\"primaryImageOfPage\":{\"@id\":\"https:\\\/\\\/my-life.lu\\\/de\\\/alles-wissenswerte-ueber-den-krankenstand-in-luxemburg-56031\\\/#primaryimage\"},\"image\":{\"@id\":\"https:\\\/\\\/my-life.lu\\\/de\\\/alles-wissenswerte-ueber-den-krankenstand-in-luxemburg-56031\\\/#primaryimage\"},\"thumbnailUrl\":\"https:\\\/\\\/my-life.lu\\\/wp-content\\\/uploads\\\/2020\\\/07\\\/Article_56031-scaled-e1716817740539.jpg\",\"datePublished\":\"2020-08-11T07:00:53+00:00\",\"dateModified\":\"2025-09-02T13:25:14+00:00\",\"description\":\"Was ist in Luxemburg im Krankheitsfall zu tun? Welche Rechte und Pflichten haben Sie? myLIFE beantwortet die Fragen zu diesem Thema.\",\"breadcrumb\":{\"@id\":\"https:\\\/\\\/my-life.lu\\\/de\\\/alles-wissenswerte-ueber-den-krankenstand-in-luxemburg-56031\\\/#breadcrumb\"},\"inLanguage\":\"de\",\"potentialAction\":[{\"@type\":\"ReadAction\",\"target\":[\"https:\\\/\\\/my-life.lu\\\/de\\\/alles-wissenswerte-ueber-den-krankenstand-in-luxemburg-56031\\\/\"]}]},{\"@type\":\"ImageObject\",\"inLanguage\":\"de\",\"@id\":\"https:\\\/\\\/my-life.lu\\\/de\\\/alles-wissenswerte-ueber-den-krankenstand-in-luxemburg-56031\\\/#primaryimage\",\"url\":\"https:\\\/\\\/my-life.lu\\\/wp-content\\\/uploads\\\/2020\\\/07\\\/Article_56031-scaled-e1716817740539.jpg\",\"contentUrl\":\"https:\\\/\\\/my-life.lu\\\/wp-content\\\/uploads\\\/2020\\\/07\\\/Article_56031-scaled-e1716817740539.jpg\",\"width\":1920,\"height\":1242},{\"@type\":\"BreadcrumbList\",\"@id\":\"https:\\\/\\\/my-life.lu\\\/de\\\/alles-wissenswerte-ueber-den-krankenstand-in-luxemburg-56031\\\/#breadcrumb\",\"itemListElement\":[{\"@type\":\"ListItem\",\"position\":1,\"name\":\"Home\",\"item\":\"https:\\\/\\\/my-life.lu\\\/de\\\/\"},{\"@type\":\"ListItem\",\"position\":2,\"name\":\"Alles Wissenswerte \u00fcber den Krankenstand in Luxemburg\"}]},{\"@type\":\"WebSite\",\"@id\":\"https:\\\/\\\/my-life.lu\\\/de\\\/#website\",\"url\":\"https:\\\/\\\/my-life.lu\\\/de\\\/\",\"name\":\"myLIFE\",\"description\":\"\",\"publisher\":{\"@id\":\"https:\\\/\\\/my-life.lu\\\/de\\\/#organization\"},\"potentialAction\":[{\"@type\":\"SearchAction\",\"target\":{\"@type\":\"EntryPoint\",\"urlTemplate\":\"https:\\\/\\\/my-life.lu\\\/de\\\/?s={search_term_string}\"},\"query-input\":{\"@type\":\"PropertyValueSpecification\",\"valueRequired\":true,\"valueName\":\"search_term_string\"}}],\"inLanguage\":\"de\"},{\"@type\":\"Organization\",\"@id\":\"https:\\\/\\\/my-life.lu\\\/de\\\/#organization\",\"name\":\"myLIFE\",\"url\":\"https:\\\/\\\/my-life.lu\\\/de\\\/\",\"logo\":{\"@type\":\"ImageObject\",\"inLanguage\":\"de\",\"@id\":\"https:\\\/\\\/my-life.lu\\\/de\\\/#\\\/schema\\\/logo\\\/image\\\/\",\"url\":\"https:\\\/\\\/my-life.lu\\\/wp-content\\\/uploads\\\/2018\\\/07\\\/myLIFE_LOGO_violet-AMP2.png\",\"contentUrl\":\"https:\\\/\\\/my-life.lu\\\/wp-content\\\/uploads\\\/2018\\\/07\\\/myLIFE_LOGO_violet-AMP2.png\",\"width\":190,\"height\":36,\"caption\":\"myLIFE\"},\"image\":{\"@id\":\"https:\\\/\\\/my-life.lu\\\/de\\\/#\\\/schema\\\/logo\\\/image\\\/\"}},{\"@type\":\"Person\",\"@id\":\"https:\\\/\\\/my-life.lu\\\/de\\\/#\\\/schema\\\/person\\\/224f7e554674eb9534cbab8498cd369b\",\"name\":\"Compiled by myLIFE team\",\"image\":{\"@type\":\"ImageObject\",\"inLanguage\":\"de\",\"@id\":\"https:\\\/\\\/secure.gravatar.com\\\/avatar\\\/28b395d9b8d5c7e9757fb0c7315ee854d88aef3f02f0c439e5813c8149eb6ecb?s=96&d=mm&r=g\",\"url\":\"https:\\\/\\\/secure.gravatar.com\\\/avatar\\\/28b395d9b8d5c7e9757fb0c7315ee854d88aef3f02f0c439e5813c8149eb6ecb?s=96&d=mm&r=g\",\"contentUrl\":\"https:\\\/\\\/secure.gravatar.com\\\/avatar\\\/28b395d9b8d5c7e9757fb0c7315ee854d88aef3f02f0c439e5813c8149eb6ecb?s=96&d=mm&r=g\",\"caption\":\"Compiled by myLIFE team\"},\"url\":\"https:\\\/\\\/my-life.lu\\\/de\\\/author\\\/compiled-by-mylife-team\\\/\"}]}<\/script>\n<!-- \/ Yoast SEO Premium plugin. -->","yoast_head_json":{"title":"Alles Wissenswerte \u00fcber den Krankenstand in Luxemburg - myLIFE","description":"Was ist in Luxemburg im Krankheitsfall zu tun? Welche Rechte und Pflichten haben Sie? myLIFE beantwortet die Fragen zu diesem Thema.","robots":{"index":"index","follow":"follow","max-snippet":"max-snippet:-1","max-image-preview":"max-image-preview:large","max-video-preview":"max-video-preview:-1"},"canonical":"https:\/\/my-life.lu\/de\/alles-wissenswerte-ueber-den-krankenstand-in-luxemburg-56031\/","og_locale":"de_DE","og_type":"article","og_title":"Alles Wissenswerte \u00fcber den Krankenstand in Luxemburg","og_description":"Was ist in Luxemburg im Krankheitsfall zu tun? Welche Rechte und Pflichten haben Sie? myLIFE beantwortet die Fragen zu diesem Thema.","og_url":"https:\/\/my-life.lu\/de\/alles-wissenswerte-ueber-den-krankenstand-in-luxemburg-56031\/","og_site_name":"myLIFE","article_published_time":"2020-08-11T07:00:53+00:00","article_modified_time":"2025-09-02T13:25:14+00:00","og_image":[{"width":1920,"height":1242,"url":"https:\/\/my-life.lu\/wp-content\/uploads\/2020\/07\/Article_56031-scaled-e1716817740539.jpg","type":"image\/jpeg"}],"author":"Compiled by myLIFE team","twitter_card":"summary_large_image","twitter_misc":{"Verfasst von":"Gesammelt von myLIFE team","Gesch\u00e4tzte Lesezeit":"11\u00a0Minuten"},"schema":{"@context":"https:\/\/schema.org","@graph":[{"@type":"Article","@id":"https:\/\/my-life.lu\/de\/alles-wissenswerte-ueber-den-krankenstand-in-luxemburg-56031\/#article","isPartOf":{"@id":"https:\/\/my-life.lu\/de\/alles-wissenswerte-ueber-den-krankenstand-in-luxemburg-56031\/"},"author":{"name":"Compiled by myLIFE team","@id":"https:\/\/my-life.lu\/de\/#\/schema\/person\/224f7e554674eb9534cbab8498cd369b"},"headline":"Alles Wissenswerte \u00fcber den Krankenstand in Luxemburg","datePublished":"2020-08-11T07:00:53+00:00","dateModified":"2025-09-02T13:25:14+00:00","mainEntityOfPage":{"@id":"https:\/\/my-life.lu\/de\/alles-wissenswerte-ueber-den-krankenstand-in-luxemburg-56031\/"},"wordCount":2251,"publisher":{"@id":"https:\/\/my-life.lu\/de\/#organization"},"image":{"@id":"https:\/\/my-life.lu\/de\/alles-wissenswerte-ueber-den-krankenstand-in-luxemburg-56031\/#primaryimage"},"thumbnailUrl":"https:\/\/my-life.lu\/wp-content\/uploads\/2020\/07\/Article_56031-scaled-e1716817740539.jpg","keywords":["Jobs","Kontakt"],"articleSection":["me&amp;myFAMILY","Jobs"],"inLanguage":"de"},{"@type":"WebPage","@id":"https:\/\/my-life.lu\/de\/alles-wissenswerte-ueber-den-krankenstand-in-luxemburg-56031\/","url":"https:\/\/my-life.lu\/de\/alles-wissenswerte-ueber-den-krankenstand-in-luxemburg-56031\/","name":"Alles Wissenswerte \u00fcber den Krankenstand in Luxemburg - myLIFE","isPartOf":{"@id":"https:\/\/my-life.lu\/de\/#website"},"primaryImageOfPage":{"@id":"https:\/\/my-life.lu\/de\/alles-wissenswerte-ueber-den-krankenstand-in-luxemburg-56031\/#primaryimage"},"image":{"@id":"https:\/\/my-life.lu\/de\/alles-wissenswerte-ueber-den-krankenstand-in-luxemburg-56031\/#primaryimage"},"thumbnailUrl":"https:\/\/my-life.lu\/wp-content\/uploads\/2020\/07\/Article_56031-scaled-e1716817740539.jpg","datePublished":"2020-08-11T07:00:53+00:00","dateModified":"2025-09-02T13:25:14+00:00","description":"Was ist in Luxemburg im Krankheitsfall zu tun? Welche Rechte und Pflichten haben Sie? myLIFE beantwortet die Fragen zu diesem Thema.","breadcrumb":{"@id":"https:\/\/my-life.lu\/de\/alles-wissenswerte-ueber-den-krankenstand-in-luxemburg-56031\/#breadcrumb"},"inLanguage":"de","potentialAction":[{"@type":"ReadAction","target":["https:\/\/my-life.lu\/de\/alles-wissenswerte-ueber-den-krankenstand-in-luxemburg-56031\/"]}]},{"@type":"ImageObject","inLanguage":"de","@id":"https:\/\/my-life.lu\/de\/alles-wissenswerte-ueber-den-krankenstand-in-luxemburg-56031\/#primaryimage","url":"https:\/\/my-life.lu\/wp-content\/uploads\/2020\/07\/Article_56031-scaled-e1716817740539.jpg","contentUrl":"https:\/\/my-life.lu\/wp-content\/uploads\/2020\/07\/Article_56031-scaled-e1716817740539.jpg","width":1920,"height":1242},{"@type":"BreadcrumbList","@id":"https:\/\/my-life.lu\/de\/alles-wissenswerte-ueber-den-krankenstand-in-luxemburg-56031\/#breadcrumb","itemListElement":[{"@type":"ListItem","position":1,"name":"Home","item":"https:\/\/my-life.lu\/de\/"},{"@type":"ListItem","position":2,"name":"Alles Wissenswerte \u00fcber den Krankenstand in Luxemburg"}]},{"@type":"WebSite","@id":"https:\/\/my-life.lu\/de\/#website","url":"https:\/\/my-life.lu\/de\/","name":"myLIFE","description":"","publisher":{"@id":"https:\/\/my-life.lu\/de\/#organization"},"potentialAction":[{"@type":"SearchAction","target":{"@type":"EntryPoint","urlTemplate":"https:\/\/my-life.lu\/de\/?s={search_term_string}"},"query-input":{"@type":"PropertyValueSpecification","valueRequired":true,"valueName":"search_term_string"}}],"inLanguage":"de"},{"@type":"Organization","@id":"https:\/\/my-life.lu\/de\/#organization","name":"myLIFE","url":"https:\/\/my-life.lu\/de\/","logo":{"@type":"ImageObject","inLanguage":"de","@id":"https:\/\/my-life.lu\/de\/#\/schema\/logo\/image\/","url":"https:\/\/my-life.lu\/wp-content\/uploads\/2018\/07\/myLIFE_LOGO_violet-AMP2.png","contentUrl":"https:\/\/my-life.lu\/wp-content\/uploads\/2018\/07\/myLIFE_LOGO_violet-AMP2.png","width":190,"height":36,"caption":"myLIFE"},"image":{"@id":"https:\/\/my-life.lu\/de\/#\/schema\/logo\/image\/"}},{"@type":"Person","@id":"https:\/\/my-life.lu\/de\/#\/schema\/person\/224f7e554674eb9534cbab8498cd369b","name":"Compiled by myLIFE team","image":{"@type":"ImageObject","inLanguage":"de","@id":"https:\/\/secure.gravatar.com\/avatar\/28b395d9b8d5c7e9757fb0c7315ee854d88aef3f02f0c439e5813c8149eb6ecb?s=96&d=mm&r=g","url":"https:\/\/secure.gravatar.com\/avatar\/28b395d9b8d5c7e9757fb0c7315ee854d88aef3f02f0c439e5813c8149eb6ecb?s=96&d=mm&r=g","contentUrl":"https:\/\/secure.gravatar.com\/avatar\/28b395d9b8d5c7e9757fb0c7315ee854d88aef3f02f0c439e5813c8149eb6ecb?s=96&d=mm&r=g","caption":"Compiled by myLIFE team"},"url":"https:\/\/my-life.lu\/de\/author\/compiled-by-mylife-team\/"}]}},"_links":{"self":[{"href":"https:\/\/my-life.lu\/de\/wp-json\/wp\/v2\/posts\/12599","targetHints":{"allow":["GET"]}}],"collection":[{"href":"https:\/\/my-life.lu\/de\/wp-json\/wp\/v2\/posts"}],"about":[{"href":"https:\/\/my-life.lu\/de\/wp-json\/wp\/v2\/types\/post"}],"author":[{"embeddable":true,"href":"https:\/\/my-life.lu\/de\/wp-json\/wp\/v2\/users\/4"}],"replies":[{"embeddable":true,"href":"https:\/\/my-life.lu\/de\/wp-json\/wp\/v2\/comments?post=12599"}],"version-history":[{"count":7,"href":"https:\/\/my-life.lu\/de\/wp-json\/wp\/v2\/posts\/12599\/revisions"}],"predecessor-version":[{"id":26440,"href":"https:\/\/my-life.lu\/de\/wp-json\/wp\/v2\/posts\/12599\/revisions\/26440"}],"wp:featuredmedia":[{"embeddable":true,"href":"https:\/\/my-life.lu\/de\/wp-json\/wp\/v2\/media\/12591"}],"wp:attachment":[{"href":"https:\/\/my-life.lu\/de\/wp-json\/wp\/v2\/media?parent=12599"}],"wp:term":[{"taxonomy":"category","embeddable":true,"href":"https:\/\/my-life.lu\/de\/wp-json\/wp\/v2\/categories?post=12599"},{"taxonomy":"post_tag","embeddable":true,"href":"https:\/\/my-life.lu\/de\/wp-json\/wp\/v2\/tags?post=12599"}],"curies":[{"name":"wp","href":"https:\/\/api.w.org\/{rel}","templated":true}]}}