{"id":13271,"date":"2020-10-08T09:00:09","date_gmt":"2020-10-08T07:00:09","guid":{"rendered":"https:\/\/my-life.lu\/?p=13271"},"modified":"2020-10-09T12:04:30","modified_gmt":"2020-10-09T10:04:30","slug":"expertenmeinung-wie-nutzen-sie-ihr-intellektuelles-kapital-fuer-die-besicherung-einer-finanzierung-21012","status":"publish","type":"post","link":"https:\/\/my-life.lu\/de\/expertenmeinung-wie-nutzen-sie-ihr-intellektuelles-kapital-fuer-die-besicherung-einer-finanzierung-21012\/","title":{"rendered":"Expertenmeinung: Wie nutzen Sie Ihr intellektuelles Kapital f\u00fcr die Besicherung einer Finanzierung?"},"content":{"rendered":"<div id=\"playht-iframe-wrapper\" style=\"max-height: 210px !important;\">\n\t<iframe\n\tscrolling=\"no\"\n\tclass=\"playht-iframe-player\"\n\tid=\"playht-iframe-player\"\n\theight=\"90px\"\n\twidth=\"100%\"\n\tframeborder=\"0\"\n\tstyle=\"max-height: 90px; height: 90px !important;\"\n\tsrc=\"https:\/\/play.ht\/embed\/?article_url=https:\/\/my-life.lu\/de\/?p=13271&voice=de-DE-Wavenet-C&appId=fiFJxxWiUV3tImG&trans_id=-MJ2ldmuIEvR38_HaNVg\"\n\tdata-voice=\"de-DE-Wavenet-C\"\n\tarticle-url=\"https:\/\/my-life.lu\/de\/?p=13271\"\n\tdata-appId=\"fiFJxxWiUV3tImG\"\n\tallowfullscreen=\"\">\n\t<\/iframe>\n<\/div>\n<p class=\"entete\">Auch wenn es g\u00e4ngig ist, Immobilien oder Finanzinstrumente zur Besicherung eines Bankdarlehens zu nutzen, kann f\u00fcr Gewerbetreibende, die eine Finanzierung anstreben, auch die Verpf\u00e4ndung bestimmter geistiger Eigentumsrechte oder von Forderungen, die sich aus der Verwertung dieser Rechte ergeben, eine M\u00f6glichkeit darstellen. Es gibt zahlreiche verschiedene geistige Eigentumsrechte (Urheber-, Marken-, Patentrecht usw.), und die Unternehmen sind sich nicht immer der M\u00f6glichkeit bewusst, dieses Kapital nutzen zu k\u00f6nnen, wenn sie ein Darlehen oder auch eine staatliche Beihilfe w\u00fcnschen. Welche Arten von Rechten k\u00f6nnen zur Besicherung genutzt werden und wie wird dies zu Wege gebracht? Wir haben Rechtsanwalt Vincent Wellens von der Anwaltskanzlei NautaDutilh Avocats Luxembourg, der bei Gericht zugelassen und auf geistiges Eigentumsrecht spezialisiert ist, gefragt.*<\/p>\n<h2 id=\"h2_0\" >Welche Rechte geh\u00f6ren zu den geistigen Eigentumsrechten?<\/h2>\n<p>Die geistigen Eigentumsrechte k\u00f6nnen in Rechte in Bezug auf Sch\u00f6pfungen (Patente auf Erfindungen, Urheberrechte, Geschmacksmuster, Datenbankrechte usw.) und in Nutzungsrechte (Markenrechte) unterteilt werden. Sie sollen ein ausschlie\u00dfliches Recht an einer Sch\u00f6pfung auf einem bestimmten Gebiet verleihen (ein Software-Anbieter beispielsweise, der Inhaber der Urheberrechte an seiner Software ist, kann unter anderem Kopien verbieten) oder auch die Unterscheidung der Waren und Dienstleistungen mehrerer Unternehmen erm\u00f6glichen (beispielsweise Logos oder Namen, die als Marke angemeldet sind und die Dienstleistungen von denen der Wettbewerber unterscheiden).<\/p>\n<blockquote><p>Die meisten geistigen Eigentumsrechte m\u00fcssen je nach Gebiet, f\u00fcr das der rechtliche Schutz gew\u00e4hrt wird, bei nationalen oder internationalen Beh\u00f6rden eingetragen werden.<\/p><\/blockquote>\n<p>Die meisten geistigen Eigentumsrechte m\u00fcssen je nach Gebiet, f\u00fcr das der rechtliche Schutz gew\u00e4hrt wird, bei (h\u00e4ufig als \u00c4mtern bezeichneten) nationalen oder internationalen Beh\u00f6rden eingetragen werden. Die Urheberrechte und die Datenbankrechte, die nicht eingetragen werden m\u00fcssen, bilden hierbei die Ausnahme.<\/p>\n<p>Im Bereich der geistigen Eigentumsrechte sind auch andere immaterielle Rechte angesiedelt. Diese Rechte genie\u00dfen gesetzlichen Schutz und verf\u00fcgen daher \u00fcber einen gewissen wirtschaftlichen Wert, der sie ebenso wie die geistigen Eigentumsrechte als intellektuelles Kapital qualifiziert. Hier sind beispielsweise Gesch\u00e4ftsgeheimnisse oder der auf einer Website verwendete Domainname eines Unternehmens zu nennen.<\/p>\n<h2 id=\"h2_1\" >Welche geistigen Eigentumsrechte k\u00f6nnen zur Besicherung einer Finanzierung dienen?<\/h2>\n<p>Wie jedes andere Eigentum kann geistiges Eigentum grunds\u00e4tzlich als Sicherheit verwendet werden und nimmt hierbei die rechtliche Form eines Pfands an. Der Pfandvertrag ist ein Vertrag, mit dem ein Schuldner einem Gl\u00e4ubiger einen beweglichen Gegenstand \u00fcberl\u00e4sst, der materiell (Maschinen, Waren oder Fahrzeuge) oder immateriell (Forderung, Gesch\u00e4ftsverm\u00f6gen, bestimmte geistige Eigentumsrechte) ist und ihm als Sicherheit dienen soll.<\/p>\n<p>Nach luxemburgischem Recht k\u00f6nnen gegenw\u00e4rtig nicht alle geistigen Eigentumsrechte verpf\u00e4ndet werden. Die Verpf\u00e4ndung von Patenten auf Erfindungen, von Marken oder von Geschmacksmustern (die die \u00e4sthetische Erscheinungsform eines Gegenstandes wie beispielsweise eines M\u00f6bel- oder Schmuckst\u00fccks sch\u00fctzen sollen) ist gem\u00e4\u00df Gesetz heute ausdr\u00fccklich zul\u00e4ssig. Bei nicht eintragungspflichtigen Rechten und insbesondere beim Urheberrecht und beim Datenbankrecht gestaltet sich die Lage schwieriger. Die Verpf\u00e4ndung einer Forderung, die aus der Verwertung von nicht eingetragenen Rechten resultiert, kann jedoch eine alternative L\u00f6sung zur Verpf\u00e4ndung des eigentlichen Rechts darstellen, wenn die Verpf\u00e4ndung gesetzlich nicht vorgesehen ist.<\/p>\n<h2 id=\"h2_2\" >Was ist eine Marke und wie wird sie verpf\u00e4ndet?<\/h2>\n<p>Jedes Zeichen, das grafisch dargestellt werden kann, kann als Marke eingetragen werden. Hierzu geh\u00f6ren nicht nur Buchstaben, W\u00f6rter, Slogans, Muster oder Produktverpackungen, sondern auch musikalische oder stimmliche Laute, D\u00fcfte oder Farben (wie beispielsweise die rote Sohle von Christian Louboutin). Eine Marke kann auf dem Gebiet des Gro\u00dfherzogtums entweder als von der Benelux-Beh\u00f6rde f\u00fcr geistiges Eigentum (BOIP) ausgegebene Benelux-Marke mit Schutz in den drei Benelux-L\u00e4ndern oder als vom Amt der Europ\u00e4ischen Union f\u00fcr geistiges Eigentum (EUIPO) ausgegebene Marke mit Schutz in s\u00e4mtlichen EU-Mitgliedstaaten gesch\u00fctzt werden.<\/p>\n<blockquote><p>In der Praxis ist die Verpf\u00e4ndung einer Marke im Bereich der geistigen Eigentumsrechte die am h\u00e4ufigsten verwendete Sicherheit in Luxemburg.<\/p><\/blockquote>\n<p>In der Praxis ist die Verpf\u00e4ndung einer Marke im Bereich der geistigen Eigentumsrechte die am h\u00e4ufigsten verwendete Sicherheit in Luxemburg. Hierf\u00fcr muss ein Pfandvertrag zwischen dem Inhaber des Markenrechts (beispielsweise einem Gewerbetreibenden) und dem Pfandgl\u00e4ubiger (beispielsweise einem Kreditinstitut) geschlossen und diese Verpf\u00e4ndung beim <a href=\"https:\/\/www.boip.int\/en\" target=\"_blank\" rel=\"noopener noreferrer\"><span style=\"text-decoration: underline;\"><strong>BOIP<\/strong><\/span><\/a> f\u00fcr eine Benelux-Marke oder beim <a href=\"https:\/\/euipo.europa.eu\/ohimportal\/de\" target=\"_blank\" rel=\"noopener noreferrer\"><span style=\"text-decoration: underline;\"><strong>EUIPO<\/strong><\/span><\/a> f\u00fcr eine EU-Marke eingetragen werden. Diese Eintragung wird gel\u00f6scht (sobald das Pfand aufgrund der Tilgung des Darlehens nicht mehr ben\u00f6tigt wird) oder ge\u00e4ndert werden, wenn die Markeninhaberschaft im Falle einer Pfandverwertung (etwa weil das Darlehen nicht gem\u00e4\u00df den festgelegten Bedingungen getilgt wurde) auf den Pfandgl\u00e4ubiger \u00fcbertragen werden muss. Der Pfandvertrag ist nach den gleichen Modalit\u00e4ten \u00fcberdies f\u00fcr eine Markenanmeldung beim BOIP und beim EUIPO m\u00f6glich (d. h. bevor der Markentitel von diesen \u00c4mtern ausgegeben wird). Dar\u00fcber hinaus unterliegt die in der Praxis eher seltene Verpf\u00e4ndung eines Geschmacksmusterrechts \u00e4hnlichen Bedingungen wie die Verpf\u00e4ndung eines Markenrechts.<\/p>\n<h2 id=\"h2_3\" >Was ist ein Patent und wie wird es verpf\u00e4ndet?<\/h2>\n<p>Patente beschreiben und sch\u00fctzen neue technische Erfindungen, die auf einer erfinderischen T\u00e4tigkeit beruhen und gewerblich einsetzbar sind (wie beispielsweise Arzneimittel). Es ist m\u00f6glich, ein Patent und somit eine von dem zust\u00e4ndigen Amt (wie beispielsweise dem Amt f\u00fcr geistiges Eigentum des luxemburgischen Wirtschaftsministeriums) ausgestellte Urkunde zu verpf\u00e4nden. Gleiches gilt f\u00fcr einen Patentantrag (vor der m\u00f6glichen Ausstellung der Urkunde durch dieses Amt). Die Verpf\u00e4ndung muss zwingend in Schriftform festgehalten werden. Demnach muss zwischen dem Patentinhaber und dem Pfandgl\u00e4ubiger ein Vertrag geschlossen werden. \u00dcberdies muss die Verpf\u00e4ndung in das Register des patentausstellenden Amtes eingetragen werden. Die Kosten f\u00fcr diese Formalit\u00e4t belaufen sich beispielsweise beim Amt f\u00fcr geistiges Eigentum derzeit auf 7\u00a0Euro. Die Verpf\u00e4ndung hindert den Patentinhaber nicht daran, weiterhin seinen Patentantrag oder sein Patent zu verwerten, so dass der Inhaber seine Erfindung weiterhin verkaufen oder die Lizenzen, die er Dritten auf diese Erfindungen gew\u00e4hrt hat, behalten kann.<\/p>\n<h2 id=\"h2_4\" >Was ist ein Urheberrecht und wie wird es verpf\u00e4ndet?<\/h2>\n<p>Durch das Urheberrecht werden Werke (s\u00e4mtliche Sch\u00f6pfungen aus den Bereichen Literatur, Wissenschaft und Kunst, einschlie\u00dflich Computerprogrammen und Datenbanken), die original sind und die eine Formgestalt haben (dies schlie\u00dft Begriffe und Ideen aus), gesch\u00fctzt. Auch wenn es immer m\u00f6glich ist, ein Gem\u00e4lde oder einen anderen materiellen Gegenstand, in dem sich ein urheberrechtlich gesch\u00fctztes Werk ausdr\u00fcckt, zu verpf\u00e4nden, sieht das luxemburgische Recht eine Verpf\u00e4ndung des eigentlichen Urheberrechts nicht vor.<\/p>\n<blockquote><p>Das luxemburgische Recht sieht keine Verpf\u00e4ndung des Urheberrechts vor. Dagegen k\u00f6nnen Royaltys und andere Lizenzgeb\u00fchren aus der Verwertung des Werks wie eine gew\u00f6hnliche Forderung verpf\u00e4ndet werden.<\/p><\/blockquote>\n<p>Allerdings sollten Gewerbetreibende wissen, dass Royaltys und andere Lizenzgeb\u00fchren, die sie etwaig aus der Verwertung ihres Werks erhalten, gleich, ob dieses Werk der Quellcode eines Programms (denn aus rechtlicher Sicht gelten diese Codes als geistiges Werk), ein Film, ein musikalisches oder anderes Werk ist, wie jede gew\u00f6hnliche Forderung verpf\u00e4ndet werden k\u00f6nnen. Die Verpf\u00e4ndung dieser Forderungen wird durch das Gesetz vom 5.\u00a0August 2005 betreffend die Vertr\u00e4ge \u00fcber finanzielle Sicherheiten in seiner geltenden Fassung geregelt, das einen genauen und angepassten Rechtsrahmen setzt und das Zustandekommen der Verpf\u00e4ndung durch den blo\u00dfen Abschluss des Pfandvertrages erm\u00f6glicht. In der Praxis ist eine Mitteilung an den Schuldner der Forderung (beispielsweise das Unternehmen, das eine Lizenz auf das Urheberrecht h\u00e4lt) auch dann w\u00fcnschenswert, wenn dieser Schuldner keine Partei des Pfandvertrages ist.<\/p>\n<h2 id=\"h2_5\" >Kann ein Gesch\u00e4ftsgeheimnis verpf\u00e4ndet werden?<\/h2>\n<p>Auch wenn sie keine geistigen Eigentumsrechte sind, genie\u00dfen Know-how und Gesch\u00e4ftsdaten eines Unternehmens, die nicht offengelegt werden (zusammengefasst als \u201eGesch\u00e4ftsgeheimnisse\u201c), gesetzlichen Schutz gegen ihre rechtswidrige Erlangung, Nutzung und Offenlegung. Diese Geheimnisse k\u00f6nnen einen betr\u00e4chtlichen Verm\u00f6genswert darstellen. Ein h\u00e4ufig zitiertes Beispiel ist das Rezept f\u00fcr das Coca-Cola-Getr\u00e4nk, das vom Hersteller geheim gehalten wird. Um Schutz zu genie\u00dfen, ist keine Anmeldung bei einer Beh\u00f6rde erforderlich. Der Schutz ist jedoch an die Geheimhaltung des Know-hows oder der Daten, an den sich aus diesem Geheimnis ergebenden gesch\u00e4ftlichen Wert und an angemessene Vorkehrungen zur Wahrung dieses Geheimnisses gekn\u00fcpft. Wie beim Urheberrecht kennt das luxemburgische Recht gegenw\u00e4rtig nicht die M\u00f6glichkeit, ein Gesch\u00e4ftsgeheimnis zu verpf\u00e4nden. Es ist jedoch weiterhin m\u00f6glich, die Royaltys und anderen Forderungen, die aus der Verwertung dieses Geheimnisses resultieren, gem\u00e4\u00df dem oben erw\u00e4hnten Gesetz von 2005 zu verpf\u00e4nden.<\/p>\n<h2 id=\"h2_6\" >Kann ein geistiges Eigentumsrecht, f\u00fcr das auf dem Gebiet von Luxemburg kein Schutz besteht (wie beispielsweise eine spanische Marke), verpf\u00e4ndet werden, um eine Finanzierung bei einer luxemburgischen Bank zu besichern?<\/h2>\n<p>Generell ist die Verpf\u00e4ndung eines geistigen Eigentumsrechts zur Absicherung einer Finanzierung von Fall zu Fall insbesondere im Hinblick auf die Art des zu verpf\u00e4ndenden Rechts (Marke, Patent, Geschmacksmuster) und auf das Gebiet, f\u00fcr das der rechtliche Schutz besteht (z.\u00a0B. EU im Falle einer EU-Marke oder Benelux-L\u00e4nder im Falle einer Benelux-Marke), genau zu pr\u00fcfen. Auch wenn es grunds\u00e4tzlich m\u00f6glich ist, ein geistiges Eigentumsrecht, das von einer ausl\u00e4ndischen Beh\u00f6rde verliehen wurde und das nicht das Gebiet von Luxemburg abdeckt, zu verpf\u00e4nden, muss eine genaue rechtliche Pr\u00fcfung vorgenommen werden, um diese M\u00f6glichkeit in dem jeweiligen Fall zu best\u00e4tigen und vor allem sicherzustellen, dass das ausl\u00e4ndische geistige Eigentumsrecht im Falle der Nicht-Tilgung der Finanzierung rechtswirksam an den Pfandgl\u00e4ubiger \u00fcbertragen werden kann.<\/p>\n<h2 id=\"h2_7\" >An wen k\u00f6nnen sich Betroffene bei Fragen zu diesem Thema wenden?<\/h2>\n<p>In Luxemburg k\u00f6nnen sich Gewerbetreibende f\u00fcr allgemeine Ausk\u00fcnfte an das <a href=\"https:\/\/meco.gouvernement.lu\/fr\/le-ministere\/domaines-activite\/propriete-intellectuelle.html\" target=\"_blank\" rel=\"noopener noreferrer\"><span style=\"text-decoration: underline;\"><strong>Amt f\u00fcr geistiges Eigentum<\/strong><\/span><\/a> oder an das <a href=\"https:\/\/ipil.lu\/\" target=\"_blank\" rel=\"noopener noreferrer\"><span style=\"text-decoration: underline;\"><strong>Institut f\u00fcr geistiges Eigentum<\/strong><\/span><\/a> (eine wirtschaftliche Interessenvereinigung, die u. a. f\u00fcr die Unterst\u00fctzung und Betreuung von Unternehmen zust\u00e4ndig ist) wenden. Falls Sie Ihr intellektuelles Kapital f\u00fcr die Besicherung einer Finanzierung nutzen m\u00f6chten, sollten Sie sich an ein Kreditinstitut wenden, das eine solche Sicherheit akzeptiert, und einen Anwalt zu Rate ziehen, der Sie bei allen Schritten begleitet und Sie vor allem bei der Abfassung des Pfandvertrages unterst\u00fctzt.<\/p>\n<hr \/>\n<p><span style=\"font-size: 10pt;\">*<em>Der vorliegende Inhalt wurde gemeinsam von Vincent Wellens (Partner) und Lindsay Korytko (Senior Associate) von der Anwaltskanzlei NautaDutilh Avocats Luxembourg verfasst.<\/em><\/span><\/p>\n<p><img loading=\"lazy\" decoding=\"async\" class=\"aligncenter wp-image-13544\" src=\"https:\/\/my-life.lu\/wp-content\/uploads\/2020\/10\/Auteurs_21012_v2.jpg\" alt=\"\" width=\"863\" height=\"456\" srcset=\"https:\/\/my-life.lu\/wp-content\/uploads\/2020\/10\/Auteurs_21012_v2.jpg 2346w, https:\/\/my-life.lu\/wp-content\/uploads\/2020\/10\/Auteurs_21012_v2-300x159.jpg 300w, https:\/\/my-life.lu\/wp-content\/uploads\/2020\/10\/Auteurs_21012_v2-1024x541.jpg 1024w, https:\/\/my-life.lu\/wp-content\/uploads\/2020\/10\/Auteurs_21012_v2-768x406.jpg 768w, https:\/\/my-life.lu\/wp-content\/uploads\/2020\/10\/Auteurs_21012_v2-1536x812.jpg 1536w, https:\/\/my-life.lu\/wp-content\/uploads\/2020\/10\/Auteurs_21012_v2-2048x1082.jpg 2048w, https:\/\/my-life.lu\/wp-content\/uploads\/2020\/10\/Auteurs_21012_v2-1080x571.jpg 1080w\" sizes=\"(max-width: 767px) 89vw, (max-width: 1000px) 54vw, (max-width: 1071px) 543px, 580px\" \/><\/p>\n","protected":false},"excerpt":{"rendered":"<p>Auch wenn es g\u00e4ngig ist, Immobilien oder Finanzinstrumente zur Besicherung eines Bankdarlehens zu nutzen, kann f\u00fcr Gewerbetreibende, die eine Finanzierung anstreben, auch die Verpf\u00e4ndung bestimmter geistiger Eigentumsrechte oder von Forderungen, die sich aus der Verwertung dieser Rechte ergeben, eine M\u00f6glichkeit darstellen. Es gibt zahlreiche verschiedene geistige Eigentumsrechte (Urheber-, Marken-, Patentrecht usw.), und die Unternehmen sind &hellip; <\/p>\n<p class=\"link-more\"><a href=\"https:\/\/my-life.lu\/de\/expertenmeinung-wie-nutzen-sie-ihr-intellektuelles-kapital-fuer-die-besicherung-einer-finanzierung-21012\/\" class=\"more-link\">Continue reading<span class=\"screen-reader-text\"> &#8220;Expertenmeinung: Wie nutzen Sie Ihr intellektuelles Kapital f\u00fcr die Besicherung einer Finanzierung?&#8221;<\/span><\/a><\/p>\n","protected":false},"author":4,"featured_media":13253,"comment_status":"closed","ping_status":"closed","sticky":false,"template":"","format":"standard","meta":{"_et_pb_use_builder":"","_et_pb_old_content":"","_et_gb_content_width":"","footnotes":"","beyondwords_generate_audio":"","beyondwords_integration_method":"","beyondwords_project_id":"","beyondwords_content_id":"","beyondwords_preview_token":"","beyondwords_player_content":"","beyondwords_player_style":"","beyondwords_language_code":"","beyondwords_language_id":"","beyondwords_title_voice_id":"","beyondwords_body_voice_id":"","beyondwords_summary_voice_id":"","beyondwords_error_message":"","beyondwords_disabled":"","beyondwords_delete_content":"","beyondwords_podcast_id":"","beyondwords_hash":"","publish_post_to_speechkit":"","speechkit_hash":"","speechkit_generate_audio":"","speechkit_project_id":"","speechkit_podcast_id":"","speechkit_error_message":"","speechkit_disabled":"","speechkit_access_key":"","speechkit_error":"","speechkit_info":"","speechkit_response":"","speechkit_retries":"","speechkit_status":"","speechkit_updated_at":"","_speechkit_link":"","_speechkit_text":""},"categories":[18,172],"tags":[421,467],"class_list":["post-13271","post","type-post","status-publish","format-standard","has-post-thumbnail","hentry","category-mycompany-de","category-verwaltung-de-2","tag-business-owner_de","tag-verwaltung","my_company"],"yoast_head":"<!-- This site is optimized with the Yoast SEO Premium plugin v27.3 (Yoast SEO v27.3) - https:\/\/yoast.com\/product\/yoast-seo-premium-wordpress\/ -->\n<title>Expertenmeinung: Wie nutzen Sie Ihr intellektuelles Kapital f\u00fcr die Besicherung einer Finanzierung? - myLIFE<\/title>\n<meta name=\"description\" content=\"Die Verpf\u00e4ndung bestimmter geistiger Eigentumsrechte kann f\u00fcr Gewerbetreibende, die eine Finanzierung ben\u00f6tigen, eine M\u00f6glichkeit darstellen.\" \/>\n<meta name=\"robots\" content=\"index, follow, max-snippet:-1, max-image-preview:large, max-video-preview:-1\" \/>\n<link rel=\"canonical\" href=\"https:\/\/my-life.lu\/de\/expertenmeinung-wie-nutzen-sie-ihr-intellektuelles-kapital-fuer-die-besicherung-einer-finanzierung-21012\/\" \/>\n<meta property=\"og:locale\" content=\"de_DE\" \/>\n<meta property=\"og:type\" content=\"article\" \/>\n<meta property=\"og:title\" content=\"Expertenmeinung: Wie nutzen Sie Ihr intellektuelles Kapital f\u00fcr die Besicherung einer Finanzierung?\" \/>\n<meta property=\"og:description\" content=\"Die Verpf\u00e4ndung bestimmter geistiger Eigentumsrechte kann f\u00fcr Gewerbetreibende, die eine Finanzierung ben\u00f6tigen, eine M\u00f6glichkeit darstellen.\" \/>\n<meta property=\"og:url\" content=\"https:\/\/my-life.lu\/de\/expertenmeinung-wie-nutzen-sie-ihr-intellektuelles-kapital-fuer-die-besicherung-einer-finanzierung-21012\/\" \/>\n<meta property=\"og:site_name\" content=\"myLIFE\" \/>\n<meta property=\"article:published_time\" content=\"2020-10-08T07:00:09+00:00\" \/>\n<meta property=\"article:modified_time\" content=\"2020-10-09T10:04:30+00:00\" \/>\n<meta property=\"og:image\" content=\"https:\/\/my-life.lu\/wp-content\/uploads\/2020\/09\/Article_21012.jpg\" \/>\n\t<meta property=\"og:image:width\" content=\"2788\" \/>\n\t<meta property=\"og:image:height\" content=\"2088\" \/>\n\t<meta property=\"og:image:type\" content=\"image\/jpeg\" \/>\n<meta name=\"author\" content=\"Compiled by myLIFE team\" \/>\n<meta name=\"twitter:card\" content=\"summary_large_image\" \/>\n<meta name=\"twitter:label1\" content=\"Verfasst von\" \/>\n\t<meta name=\"twitter:data1\" content=\"Gesammelt von myLIFE team\" \/>\n\t<meta name=\"twitter:label2\" content=\"Gesch\u00e4tzte Lesezeit\" \/>\n\t<meta name=\"twitter:data2\" content=\"8\u00a0Minuten\" \/>\n<script type=\"application\/ld+json\" class=\"yoast-schema-graph\">{\"@context\":\"https:\\\/\\\/schema.org\",\"@graph\":[{\"@type\":\"Article\",\"@id\":\"https:\\\/\\\/my-life.lu\\\/de\\\/expertenmeinung-wie-nutzen-sie-ihr-intellektuelles-kapital-fuer-die-besicherung-einer-finanzierung-21012\\\/#article\",\"isPartOf\":{\"@id\":\"https:\\\/\\\/my-life.lu\\\/de\\\/expertenmeinung-wie-nutzen-sie-ihr-intellektuelles-kapital-fuer-die-besicherung-einer-finanzierung-21012\\\/\"},\"author\":{\"name\":\"Compiled by myLIFE team\",\"@id\":\"https:\\\/\\\/my-life.lu\\\/de\\\/#\\\/schema\\\/person\\\/224f7e554674eb9534cbab8498cd369b\"},\"headline\":\"Expertenmeinung: Wie nutzen Sie Ihr intellektuelles Kapital f\u00fcr die Besicherung einer Finanzierung?\",\"datePublished\":\"2020-10-08T07:00:09+00:00\",\"dateModified\":\"2020-10-09T10:04:30+00:00\",\"mainEntityOfPage\":{\"@id\":\"https:\\\/\\\/my-life.lu\\\/de\\\/expertenmeinung-wie-nutzen-sie-ihr-intellektuelles-kapital-fuer-die-besicherung-einer-finanzierung-21012\\\/\"},\"wordCount\":1689,\"publisher\":{\"@id\":\"https:\\\/\\\/my-life.lu\\\/de\\\/#organization\"},\"image\":{\"@id\":\"https:\\\/\\\/my-life.lu\\\/de\\\/expertenmeinung-wie-nutzen-sie-ihr-intellektuelles-kapital-fuer-die-besicherung-einer-finanzierung-21012\\\/#primaryimage\"},\"thumbnailUrl\":\"https:\\\/\\\/my-life.lu\\\/wp-content\\\/uploads\\\/2020\\\/09\\\/Article_21012.jpg\",\"keywords\":[\"Business Owner\",\"Verwaltung\"],\"articleSection\":[\"myCOMPANY\",\"Verwaltung\"],\"inLanguage\":\"de\"},{\"@type\":\"WebPage\",\"@id\":\"https:\\\/\\\/my-life.lu\\\/de\\\/expertenmeinung-wie-nutzen-sie-ihr-intellektuelles-kapital-fuer-die-besicherung-einer-finanzierung-21012\\\/\",\"url\":\"https:\\\/\\\/my-life.lu\\\/de\\\/expertenmeinung-wie-nutzen-sie-ihr-intellektuelles-kapital-fuer-die-besicherung-einer-finanzierung-21012\\\/\",\"name\":\"Expertenmeinung: Wie nutzen Sie Ihr intellektuelles Kapital f\u00fcr die Besicherung einer Finanzierung? - myLIFE\",\"isPartOf\":{\"@id\":\"https:\\\/\\\/my-life.lu\\\/de\\\/#website\"},\"primaryImageOfPage\":{\"@id\":\"https:\\\/\\\/my-life.lu\\\/de\\\/expertenmeinung-wie-nutzen-sie-ihr-intellektuelles-kapital-fuer-die-besicherung-einer-finanzierung-21012\\\/#primaryimage\"},\"image\":{\"@id\":\"https:\\\/\\\/my-life.lu\\\/de\\\/expertenmeinung-wie-nutzen-sie-ihr-intellektuelles-kapital-fuer-die-besicherung-einer-finanzierung-21012\\\/#primaryimage\"},\"thumbnailUrl\":\"https:\\\/\\\/my-life.lu\\\/wp-content\\\/uploads\\\/2020\\\/09\\\/Article_21012.jpg\",\"datePublished\":\"2020-10-08T07:00:09+00:00\",\"dateModified\":\"2020-10-09T10:04:30+00:00\",\"description\":\"Die Verpf\u00e4ndung bestimmter geistiger Eigentumsrechte kann f\u00fcr Gewerbetreibende, die eine Finanzierung ben\u00f6tigen, eine M\u00f6glichkeit darstellen.\",\"breadcrumb\":{\"@id\":\"https:\\\/\\\/my-life.lu\\\/de\\\/expertenmeinung-wie-nutzen-sie-ihr-intellektuelles-kapital-fuer-die-besicherung-einer-finanzierung-21012\\\/#breadcrumb\"},\"inLanguage\":\"de\",\"potentialAction\":[{\"@type\":\"ReadAction\",\"target\":[\"https:\\\/\\\/my-life.lu\\\/de\\\/expertenmeinung-wie-nutzen-sie-ihr-intellektuelles-kapital-fuer-die-besicherung-einer-finanzierung-21012\\\/\"]}]},{\"@type\":\"ImageObject\",\"inLanguage\":\"de\",\"@id\":\"https:\\\/\\\/my-life.lu\\\/de\\\/expertenmeinung-wie-nutzen-sie-ihr-intellektuelles-kapital-fuer-die-besicherung-einer-finanzierung-21012\\\/#primaryimage\",\"url\":\"https:\\\/\\\/my-life.lu\\\/wp-content\\\/uploads\\\/2020\\\/09\\\/Article_21012.jpg\",\"contentUrl\":\"https:\\\/\\\/my-life.lu\\\/wp-content\\\/uploads\\\/2020\\\/09\\\/Article_21012.jpg\",\"width\":2788,\"height\":2088},{\"@type\":\"BreadcrumbList\",\"@id\":\"https:\\\/\\\/my-life.lu\\\/de\\\/expertenmeinung-wie-nutzen-sie-ihr-intellektuelles-kapital-fuer-die-besicherung-einer-finanzierung-21012\\\/#breadcrumb\",\"itemListElement\":[{\"@type\":\"ListItem\",\"position\":1,\"name\":\"Home\",\"item\":\"https:\\\/\\\/my-life.lu\\\/de\\\/\"},{\"@type\":\"ListItem\",\"position\":2,\"name\":\"Expertenmeinung: Wie nutzen Sie Ihr intellektuelles Kapital f\u00fcr die Besicherung einer Finanzierung?\"}]},{\"@type\":\"WebSite\",\"@id\":\"https:\\\/\\\/my-life.lu\\\/de\\\/#website\",\"url\":\"https:\\\/\\\/my-life.lu\\\/de\\\/\",\"name\":\"myLIFE\",\"description\":\"\",\"publisher\":{\"@id\":\"https:\\\/\\\/my-life.lu\\\/de\\\/#organization\"},\"potentialAction\":[{\"@type\":\"SearchAction\",\"target\":{\"@type\":\"EntryPoint\",\"urlTemplate\":\"https:\\\/\\\/my-life.lu\\\/de\\\/?s={search_term_string}\"},\"query-input\":{\"@type\":\"PropertyValueSpecification\",\"valueRequired\":true,\"valueName\":\"search_term_string\"}}],\"inLanguage\":\"de\"},{\"@type\":\"Organization\",\"@id\":\"https:\\\/\\\/my-life.lu\\\/de\\\/#organization\",\"name\":\"myLIFE\",\"url\":\"https:\\\/\\\/my-life.lu\\\/de\\\/\",\"logo\":{\"@type\":\"ImageObject\",\"inLanguage\":\"de\",\"@id\":\"https:\\\/\\\/my-life.lu\\\/de\\\/#\\\/schema\\\/logo\\\/image\\\/\",\"url\":\"https:\\\/\\\/my-life.lu\\\/wp-content\\\/uploads\\\/2018\\\/07\\\/myLIFE_LOGO_violet-AMP2.png\",\"contentUrl\":\"https:\\\/\\\/my-life.lu\\\/wp-content\\\/uploads\\\/2018\\\/07\\\/myLIFE_LOGO_violet-AMP2.png\",\"width\":190,\"height\":36,\"caption\":\"myLIFE\"},\"image\":{\"@id\":\"https:\\\/\\\/my-life.lu\\\/de\\\/#\\\/schema\\\/logo\\\/image\\\/\"}},{\"@type\":\"Person\",\"@id\":\"https:\\\/\\\/my-life.lu\\\/de\\\/#\\\/schema\\\/person\\\/224f7e554674eb9534cbab8498cd369b\",\"name\":\"Compiled by myLIFE team\",\"image\":{\"@type\":\"ImageObject\",\"inLanguage\":\"de\",\"@id\":\"https:\\\/\\\/secure.gravatar.com\\\/avatar\\\/28b395d9b8d5c7e9757fb0c7315ee854d88aef3f02f0c439e5813c8149eb6ecb?s=96&d=mm&r=g\",\"url\":\"https:\\\/\\\/secure.gravatar.com\\\/avatar\\\/28b395d9b8d5c7e9757fb0c7315ee854d88aef3f02f0c439e5813c8149eb6ecb?s=96&d=mm&r=g\",\"contentUrl\":\"https:\\\/\\\/secure.gravatar.com\\\/avatar\\\/28b395d9b8d5c7e9757fb0c7315ee854d88aef3f02f0c439e5813c8149eb6ecb?s=96&d=mm&r=g\",\"caption\":\"Compiled by myLIFE team\"},\"url\":\"https:\\\/\\\/my-life.lu\\\/de\\\/author\\\/compiled-by-mylife-team\\\/\"}]}<\/script>\n<!-- \/ Yoast SEO Premium plugin. -->","yoast_head_json":{"title":"Expertenmeinung: Wie nutzen Sie Ihr intellektuelles Kapital f\u00fcr die Besicherung einer Finanzierung? - myLIFE","description":"Die Verpf\u00e4ndung bestimmter geistiger Eigentumsrechte kann f\u00fcr Gewerbetreibende, die eine Finanzierung ben\u00f6tigen, eine M\u00f6glichkeit darstellen.","robots":{"index":"index","follow":"follow","max-snippet":"max-snippet:-1","max-image-preview":"max-image-preview:large","max-video-preview":"max-video-preview:-1"},"canonical":"https:\/\/my-life.lu\/de\/expertenmeinung-wie-nutzen-sie-ihr-intellektuelles-kapital-fuer-die-besicherung-einer-finanzierung-21012\/","og_locale":"de_DE","og_type":"article","og_title":"Expertenmeinung: Wie nutzen Sie Ihr intellektuelles Kapital f\u00fcr die Besicherung einer Finanzierung?","og_description":"Die Verpf\u00e4ndung bestimmter geistiger Eigentumsrechte kann f\u00fcr Gewerbetreibende, die eine Finanzierung ben\u00f6tigen, eine M\u00f6glichkeit darstellen.","og_url":"https:\/\/my-life.lu\/de\/expertenmeinung-wie-nutzen-sie-ihr-intellektuelles-kapital-fuer-die-besicherung-einer-finanzierung-21012\/","og_site_name":"myLIFE","article_published_time":"2020-10-08T07:00:09+00:00","article_modified_time":"2020-10-09T10:04:30+00:00","og_image":[{"width":2788,"height":2088,"url":"https:\/\/my-life.lu\/wp-content\/uploads\/2020\/09\/Article_21012.jpg","type":"image\/jpeg"}],"author":"Compiled by myLIFE team","twitter_card":"summary_large_image","twitter_misc":{"Verfasst von":"Gesammelt von myLIFE team","Gesch\u00e4tzte Lesezeit":"8\u00a0Minuten"},"schema":{"@context":"https:\/\/schema.org","@graph":[{"@type":"Article","@id":"https:\/\/my-life.lu\/de\/expertenmeinung-wie-nutzen-sie-ihr-intellektuelles-kapital-fuer-die-besicherung-einer-finanzierung-21012\/#article","isPartOf":{"@id":"https:\/\/my-life.lu\/de\/expertenmeinung-wie-nutzen-sie-ihr-intellektuelles-kapital-fuer-die-besicherung-einer-finanzierung-21012\/"},"author":{"name":"Compiled by myLIFE team","@id":"https:\/\/my-life.lu\/de\/#\/schema\/person\/224f7e554674eb9534cbab8498cd369b"},"headline":"Expertenmeinung: Wie nutzen Sie Ihr intellektuelles Kapital f\u00fcr die Besicherung einer Finanzierung?","datePublished":"2020-10-08T07:00:09+00:00","dateModified":"2020-10-09T10:04:30+00:00","mainEntityOfPage":{"@id":"https:\/\/my-life.lu\/de\/expertenmeinung-wie-nutzen-sie-ihr-intellektuelles-kapital-fuer-die-besicherung-einer-finanzierung-21012\/"},"wordCount":1689,"publisher":{"@id":"https:\/\/my-life.lu\/de\/#organization"},"image":{"@id":"https:\/\/my-life.lu\/de\/expertenmeinung-wie-nutzen-sie-ihr-intellektuelles-kapital-fuer-die-besicherung-einer-finanzierung-21012\/#primaryimage"},"thumbnailUrl":"https:\/\/my-life.lu\/wp-content\/uploads\/2020\/09\/Article_21012.jpg","keywords":["Business Owner","Verwaltung"],"articleSection":["myCOMPANY","Verwaltung"],"inLanguage":"de"},{"@type":"WebPage","@id":"https:\/\/my-life.lu\/de\/expertenmeinung-wie-nutzen-sie-ihr-intellektuelles-kapital-fuer-die-besicherung-einer-finanzierung-21012\/","url":"https:\/\/my-life.lu\/de\/expertenmeinung-wie-nutzen-sie-ihr-intellektuelles-kapital-fuer-die-besicherung-einer-finanzierung-21012\/","name":"Expertenmeinung: Wie nutzen Sie Ihr intellektuelles Kapital f\u00fcr die Besicherung einer Finanzierung? - myLIFE","isPartOf":{"@id":"https:\/\/my-life.lu\/de\/#website"},"primaryImageOfPage":{"@id":"https:\/\/my-life.lu\/de\/expertenmeinung-wie-nutzen-sie-ihr-intellektuelles-kapital-fuer-die-besicherung-einer-finanzierung-21012\/#primaryimage"},"image":{"@id":"https:\/\/my-life.lu\/de\/expertenmeinung-wie-nutzen-sie-ihr-intellektuelles-kapital-fuer-die-besicherung-einer-finanzierung-21012\/#primaryimage"},"thumbnailUrl":"https:\/\/my-life.lu\/wp-content\/uploads\/2020\/09\/Article_21012.jpg","datePublished":"2020-10-08T07:00:09+00:00","dateModified":"2020-10-09T10:04:30+00:00","description":"Die Verpf\u00e4ndung bestimmter geistiger Eigentumsrechte kann f\u00fcr Gewerbetreibende, die eine Finanzierung ben\u00f6tigen, eine M\u00f6glichkeit darstellen.","breadcrumb":{"@id":"https:\/\/my-life.lu\/de\/expertenmeinung-wie-nutzen-sie-ihr-intellektuelles-kapital-fuer-die-besicherung-einer-finanzierung-21012\/#breadcrumb"},"inLanguage":"de","potentialAction":[{"@type":"ReadAction","target":["https:\/\/my-life.lu\/de\/expertenmeinung-wie-nutzen-sie-ihr-intellektuelles-kapital-fuer-die-besicherung-einer-finanzierung-21012\/"]}]},{"@type":"ImageObject","inLanguage":"de","@id":"https:\/\/my-life.lu\/de\/expertenmeinung-wie-nutzen-sie-ihr-intellektuelles-kapital-fuer-die-besicherung-einer-finanzierung-21012\/#primaryimage","url":"https:\/\/my-life.lu\/wp-content\/uploads\/2020\/09\/Article_21012.jpg","contentUrl":"https:\/\/my-life.lu\/wp-content\/uploads\/2020\/09\/Article_21012.jpg","width":2788,"height":2088},{"@type":"BreadcrumbList","@id":"https:\/\/my-life.lu\/de\/expertenmeinung-wie-nutzen-sie-ihr-intellektuelles-kapital-fuer-die-besicherung-einer-finanzierung-21012\/#breadcrumb","itemListElement":[{"@type":"ListItem","position":1,"name":"Home","item":"https:\/\/my-life.lu\/de\/"},{"@type":"ListItem","position":2,"name":"Expertenmeinung: Wie nutzen Sie Ihr intellektuelles Kapital f\u00fcr die Besicherung einer Finanzierung?"}]},{"@type":"WebSite","@id":"https:\/\/my-life.lu\/de\/#website","url":"https:\/\/my-life.lu\/de\/","name":"myLIFE","description":"","publisher":{"@id":"https:\/\/my-life.lu\/de\/#organization"},"potentialAction":[{"@type":"SearchAction","target":{"@type":"EntryPoint","urlTemplate":"https:\/\/my-life.lu\/de\/?s={search_term_string}"},"query-input":{"@type":"PropertyValueSpecification","valueRequired":true,"valueName":"search_term_string"}}],"inLanguage":"de"},{"@type":"Organization","@id":"https:\/\/my-life.lu\/de\/#organization","name":"myLIFE","url":"https:\/\/my-life.lu\/de\/","logo":{"@type":"ImageObject","inLanguage":"de","@id":"https:\/\/my-life.lu\/de\/#\/schema\/logo\/image\/","url":"https:\/\/my-life.lu\/wp-content\/uploads\/2018\/07\/myLIFE_LOGO_violet-AMP2.png","contentUrl":"https:\/\/my-life.lu\/wp-content\/uploads\/2018\/07\/myLIFE_LOGO_violet-AMP2.png","width":190,"height":36,"caption":"myLIFE"},"image":{"@id":"https:\/\/my-life.lu\/de\/#\/schema\/logo\/image\/"}},{"@type":"Person","@id":"https:\/\/my-life.lu\/de\/#\/schema\/person\/224f7e554674eb9534cbab8498cd369b","name":"Compiled by myLIFE team","image":{"@type":"ImageObject","inLanguage":"de","@id":"https:\/\/secure.gravatar.com\/avatar\/28b395d9b8d5c7e9757fb0c7315ee854d88aef3f02f0c439e5813c8149eb6ecb?s=96&d=mm&r=g","url":"https:\/\/secure.gravatar.com\/avatar\/28b395d9b8d5c7e9757fb0c7315ee854d88aef3f02f0c439e5813c8149eb6ecb?s=96&d=mm&r=g","contentUrl":"https:\/\/secure.gravatar.com\/avatar\/28b395d9b8d5c7e9757fb0c7315ee854d88aef3f02f0c439e5813c8149eb6ecb?s=96&d=mm&r=g","caption":"Compiled by myLIFE team"},"url":"https:\/\/my-life.lu\/de\/author\/compiled-by-mylife-team\/"}]}},"_links":{"self":[{"href":"https:\/\/my-life.lu\/de\/wp-json\/wp\/v2\/posts\/13271","targetHints":{"allow":["GET"]}}],"collection":[{"href":"https:\/\/my-life.lu\/de\/wp-json\/wp\/v2\/posts"}],"about":[{"href":"https:\/\/my-life.lu\/de\/wp-json\/wp\/v2\/types\/post"}],"author":[{"embeddable":true,"href":"https:\/\/my-life.lu\/de\/wp-json\/wp\/v2\/users\/4"}],"replies":[{"embeddable":true,"href":"https:\/\/my-life.lu\/de\/wp-json\/wp\/v2\/comments?post=13271"}],"version-history":[{"count":2,"href":"https:\/\/my-life.lu\/de\/wp-json\/wp\/v2\/posts\/13271\/revisions"}],"predecessor-version":[{"id":13548,"href":"https:\/\/my-life.lu\/de\/wp-json\/wp\/v2\/posts\/13271\/revisions\/13548"}],"wp:featuredmedia":[{"embeddable":true,"href":"https:\/\/my-life.lu\/de\/wp-json\/wp\/v2\/media\/13253"}],"wp:attachment":[{"href":"https:\/\/my-life.lu\/de\/wp-json\/wp\/v2\/media?parent=13271"}],"wp:term":[{"taxonomy":"category","embeddable":true,"href":"https:\/\/my-life.lu\/de\/wp-json\/wp\/v2\/categories?post=13271"},{"taxonomy":"post_tag","embeddable":true,"href":"https:\/\/my-life.lu\/de\/wp-json\/wp\/v2\/tags?post=13271"}],"curies":[{"name":"wp","href":"https:\/\/api.w.org\/{rel}","templated":true}]}}