{"id":1362,"date":"2016-11-08T15:32:14","date_gmt":"2016-11-08T14:32:14","guid":{"rendered":"https:\/\/my-life.lu\/2017\/06\/29\/le-retour-de-linflation\/"},"modified":"2025-11-05T11:30:55","modified_gmt":"2025-11-05T10:30:55","slug":"ist-die-inflation-zurueck-32001","status":"publish","type":"post","link":"https:\/\/my-life.lu\/de\/ist-die-inflation-zurueck-32001\/","title":{"rendered":"Ist die Inflation zur\u00fcck?"},"content":{"rendered":"<div id=\"playht-iframe-wrapper\" style=\"max-height: 210px !important;\">\n\t<iframe\n\tscrolling=\"no\"\n\tclass=\"playht-iframe-player\"\n\tid=\"playht-iframe-player\"\n\theight=\"90px\"\n\twidth=\"100%\"\n\tframeborder=\"0\"\n\tstyle=\"max-height: 90px; height: 90px !important;\"\n\tsrc=\"https:\/\/play.ht\/embed\/?article_url=https:\/\/my-life.lu\/de\/?p=1362&voice=de-DE-Wavenet-C&appId=fiFJxxWiUV3tImG&trans_id=-MJgjMre_37giBZiAYfu\"\n\tdata-voice=\"de-DE-Wavenet-C\"\n\tarticle-url=\"https:\/\/my-life.lu\/de\/?p=1362\"\n\tdata-appId=\"fiFJxxWiUV3tImG\"\n\tallowfullscreen=\"\">\n\t<\/iframe>\n<\/div>\n<p class=\"entete\">\u201eKeine Panik\u201c, so lautet die Botschaft von Yves Kuhn, dem Chief Investment Officer der BIL, an die Anleger. \u201eAnleihe-Pessimisten sprechen von einem Anstieg der Inflation, doch wir sehen darin eher eine Konjunkturbelebung \u2013 und die ist f\u00fcr Anleger positiv\u201c, erkl\u00e4rt Yves Kuhn. Erfahren Sie im aktuellen Video unseres CIO mehr dar\u00fcber, was die Wende bei der weltweiten Disinflation f\u00fcr Anleger bedeutet.<\/p>\n<style>.embed-container { position: relative; padding-bottom: 56.25%; height: 0; overflow: hidden; max-width: 100%; } .embed-container iframe, .embed-container object, .embed-container embed { position: absolute; top: 0; left: 0; width: 100%; height: 100%; }<\/style>\n<div class=\"embed-container\"><iframe loading=\"lazy\" src=\"https:\/\/www.youtube.com\/embed\/ss7CIg-8YJ8?rel=0\" width=\"300\" height=\"150\" frameborder=\"0\" referrerpolicy=\"strict-origin-when-cross-origin\" allowfullscreen=\"allowfullscreen\"><\/iframe><\/div>\n<p>39.631 Aufrufe<\/p>\n<p><span style=\"text-decoration: underline;\"><strong><a href=\"https:\/\/www.bilinvestmentinsights.com\/?utm_source=mylife\" target=\"_blank\" rel=\"noopener noreferrer\">EINBLICKE<\/a><\/strong><\/span> des Chief Investment Officer der BIL.<\/p>\n","protected":false},"excerpt":{"rendered":"<p>\u201eKeine Panik\u201c, so lautet die Botschaft von Yves Kuhn, dem Chief Investment Officer der BIL, an die Anleger. \u201eAnleihe-Pessimisten sprechen von einem Anstieg der Inflation, doch wir sehen darin eher eine Konjunkturbelebung \u2013 und die ist f\u00fcr Anleger positiv\u201c, erkl\u00e4rt Yves Kuhn. Erfahren Sie im aktuellen Video unseres CIO mehr dar\u00fcber, was die Wende bei &hellip; <\/p>\n<p class=\"link-more\"><a href=\"https:\/\/my-life.lu\/de\/ist-die-inflation-zurueck-32001\/\" class=\"more-link\">Continue reading<span class=\"screen-reader-text\"> &#8220;Ist die Inflation zur\u00fcck?&#8221;<\/span><\/a><\/p>\n","protected":false},"author":5,"featured_media":4220,"comment_status":"closed","ping_status":"closed","sticky":false,"template":"","format":"standard","meta":{"_et_pb_use_builder":"","_et_pb_old_content":"","_et_gb_content_width":"","footnotes":"","beyondwords_generate_audio":"0","beyondwords_integration_method":"","beyondwords_project_id":"","beyondwords_content_id":"","beyondwords_preview_token":"","beyondwords_player_content":"","beyondwords_player_style":"standard","beyondwords_language_code":"","beyondwords_language_id":"","beyondwords_title_voice_id":"","beyondwords_body_voice_id":"","beyondwords_summary_voice_id":"","beyondwords_error_message":"","beyondwords_disabled":"","beyondwords_delete_content":"","beyondwords_podcast_id":"","beyondwords_hash":"","publish_post_to_speechkit":"","speechkit_hash":"","speechkit_generate_audio":"","speechkit_project_id":"","speechkit_podcast_id":"","speechkit_error_message":"","speechkit_disabled":"","speechkit_access_key":"","speechkit_error":"","speechkit_info":"","speechkit_response":"","speechkit_retries":"","speechkit_status":"","speechkit_updated_at":"","_speechkit_link":"","_speechkit_text":""},"categories":[191,16],"tags":[441,588,589],"class_list":["post-1362","post","type-post","status-publish","format-standard","has-post-thumbnail","hentry","category-ziele-und-perspektiven-de","category-myinvest-de","tag-ziele-und-perspektiven","tag-profil-dinvestisseur-de","tag-anlegerprofil-de","my_invest"],"yoast_head":"<!-- This site is optimized with the Yoast SEO Premium plugin v27.3 (Yoast SEO v27.3) - https:\/\/yoast.com\/product\/yoast-seo-premium-wordpress\/ -->\n<title>Ist die Inflation zur\u00fcck? - myLIFE<\/title>\n<meta name=\"description\" content=\"Inflation? Kein Grund zur Panik! So lautet die Botschaft des Chief Investment Officer der BIL-Gruppe, Yves Kuhn, an die Anleger.\" \/>\n<meta name=\"robots\" content=\"index, follow, max-snippet:-1, max-image-preview:large, max-video-preview:-1\" \/>\n<link rel=\"canonical\" href=\"https:\/\/my-life.lu\/de\/ist-die-inflation-zurueck-32001\/\" \/>\n<meta property=\"og:locale\" content=\"de_DE\" \/>\n<meta property=\"og:type\" content=\"article\" \/>\n<meta property=\"og:title\" content=\"Ist die Inflation zur\u00fcck?\" \/>\n<meta property=\"og:description\" content=\"Inflation? Kein Grund zur Panik! So lautet die Botschaft des Chief Investment Officer der BIL-Gruppe, Yves Kuhn, an die Anleger.\" \/>\n<meta property=\"og:url\" content=\"https:\/\/my-life.lu\/de\/ist-die-inflation-zurueck-32001\/\" \/>\n<meta property=\"og:site_name\" content=\"myLIFE\" \/>\n<meta property=\"article:published_time\" content=\"2016-11-08T14:32:14+00:00\" \/>\n<meta property=\"article:modified_time\" content=\"2025-11-05T10:30:55+00:00\" \/>\n<meta property=\"og:image\" content=\"https:\/\/my-life.lu\/wp-content\/uploads\/2016\/11\/Video_32001.jpg\" \/>\n\t<meta property=\"og:image:width\" content=\"1911\" \/>\n\t<meta property=\"og:image:height\" content=\"867\" \/>\n\t<meta property=\"og:image:type\" content=\"image\/jpeg\" \/>\n<meta name=\"author\" content=\"Yves Kuhn\" \/>\n<meta name=\"twitter:card\" content=\"summary_large_image\" \/>\n<meta name=\"twitter:label1\" content=\"Verfasst von\" \/>\n\t<meta name=\"twitter:data1\" content=\"Von Yves Kuhn\" \/>\n\t<meta name=\"twitter:label2\" content=\"Gesch\u00e4tzte Lesezeit\" \/>\n\t<meta name=\"twitter:data2\" content=\"1\u00a0Minute\" \/>\n<script type=\"application\/ld+json\" class=\"yoast-schema-graph\">{\"@context\":\"https:\\\/\\\/schema.org\",\"@graph\":[{\"@type\":\"Article\",\"@id\":\"https:\\\/\\\/my-life.lu\\\/de\\\/ist-die-inflation-zurueck-32001\\\/#article\",\"isPartOf\":{\"@id\":\"https:\\\/\\\/my-life.lu\\\/de\\\/ist-die-inflation-zurueck-32001\\\/\"},\"author\":{\"name\":\"Yves Kuhn\",\"@id\":\"https:\\\/\\\/my-life.lu\\\/de\\\/#\\\/schema\\\/person\\\/c8df4561c0206a8768a0339466c4fb63\"},\"headline\":\"Ist die Inflation zur\u00fcck?\",\"datePublished\":\"2016-11-08T14:32:14+00:00\",\"dateModified\":\"2025-11-05T10:30:55+00:00\",\"mainEntityOfPage\":{\"@id\":\"https:\\\/\\\/my-life.lu\\\/de\\\/ist-die-inflation-zurueck-32001\\\/\"},\"wordCount\":84,\"publisher\":{\"@id\":\"https:\\\/\\\/my-life.lu\\\/de\\\/#organization\"},\"image\":{\"@id\":\"https:\\\/\\\/my-life.lu\\\/de\\\/ist-die-inflation-zurueck-32001\\\/#primaryimage\"},\"thumbnailUrl\":\"https:\\\/\\\/my-life.lu\\\/wp-content\\\/uploads\\\/2016\\\/11\\\/Video_32001.jpg\",\"keywords\":[\"Ziele und Perspektiven\",\"Profil d'investisseur\",\"Anlegerprofil\"],\"articleSection\":[\"Ziele und Perspektiven\",\"myINVEST\"],\"inLanguage\":\"de\"},{\"@type\":\"WebPage\",\"@id\":\"https:\\\/\\\/my-life.lu\\\/de\\\/ist-die-inflation-zurueck-32001\\\/\",\"url\":\"https:\\\/\\\/my-life.lu\\\/de\\\/ist-die-inflation-zurueck-32001\\\/\",\"name\":\"Ist die Inflation zur\u00fcck? - myLIFE\",\"isPartOf\":{\"@id\":\"https:\\\/\\\/my-life.lu\\\/de\\\/#website\"},\"primaryImageOfPage\":{\"@id\":\"https:\\\/\\\/my-life.lu\\\/de\\\/ist-die-inflation-zurueck-32001\\\/#primaryimage\"},\"image\":{\"@id\":\"https:\\\/\\\/my-life.lu\\\/de\\\/ist-die-inflation-zurueck-32001\\\/#primaryimage\"},\"thumbnailUrl\":\"https:\\\/\\\/my-life.lu\\\/wp-content\\\/uploads\\\/2016\\\/11\\\/Video_32001.jpg\",\"datePublished\":\"2016-11-08T14:32:14+00:00\",\"dateModified\":\"2025-11-05T10:30:55+00:00\",\"description\":\"Inflation? Kein Grund zur Panik! So lautet die Botschaft des Chief Investment Officer der BIL-Gruppe, Yves Kuhn, an die Anleger.\",\"breadcrumb\":{\"@id\":\"https:\\\/\\\/my-life.lu\\\/de\\\/ist-die-inflation-zurueck-32001\\\/#breadcrumb\"},\"inLanguage\":\"de\",\"potentialAction\":[{\"@type\":\"ReadAction\",\"target\":[\"https:\\\/\\\/my-life.lu\\\/de\\\/ist-die-inflation-zurueck-32001\\\/\"]}]},{\"@type\":\"ImageObject\",\"inLanguage\":\"de\",\"@id\":\"https:\\\/\\\/my-life.lu\\\/de\\\/ist-die-inflation-zurueck-32001\\\/#primaryimage\",\"url\":\"https:\\\/\\\/my-life.lu\\\/wp-content\\\/uploads\\\/2016\\\/11\\\/Video_32001.jpg\",\"contentUrl\":\"https:\\\/\\\/my-life.lu\\\/wp-content\\\/uploads\\\/2016\\\/11\\\/Video_32001.jpg\",\"width\":1911,\"height\":867},{\"@type\":\"BreadcrumbList\",\"@id\":\"https:\\\/\\\/my-life.lu\\\/de\\\/ist-die-inflation-zurueck-32001\\\/#breadcrumb\",\"itemListElement\":[{\"@type\":\"ListItem\",\"position\":1,\"name\":\"Home\",\"item\":\"https:\\\/\\\/my-life.lu\\\/de\\\/\"},{\"@type\":\"ListItem\",\"position\":2,\"name\":\"Ist die Inflation zur\u00fcck?\"}]},{\"@type\":\"WebSite\",\"@id\":\"https:\\\/\\\/my-life.lu\\\/de\\\/#website\",\"url\":\"https:\\\/\\\/my-life.lu\\\/de\\\/\",\"name\":\"myLIFE\",\"description\":\"\",\"publisher\":{\"@id\":\"https:\\\/\\\/my-life.lu\\\/de\\\/#organization\"},\"potentialAction\":[{\"@type\":\"SearchAction\",\"target\":{\"@type\":\"EntryPoint\",\"urlTemplate\":\"https:\\\/\\\/my-life.lu\\\/de\\\/?s={search_term_string}\"},\"query-input\":{\"@type\":\"PropertyValueSpecification\",\"valueRequired\":true,\"valueName\":\"search_term_string\"}}],\"inLanguage\":\"de\"},{\"@type\":\"Organization\",\"@id\":\"https:\\\/\\\/my-life.lu\\\/de\\\/#organization\",\"name\":\"myLIFE\",\"url\":\"https:\\\/\\\/my-life.lu\\\/de\\\/\",\"logo\":{\"@type\":\"ImageObject\",\"inLanguage\":\"de\",\"@id\":\"https:\\\/\\\/my-life.lu\\\/de\\\/#\\\/schema\\\/logo\\\/image\\\/\",\"url\":\"https:\\\/\\\/my-life.lu\\\/wp-content\\\/uploads\\\/2018\\\/07\\\/myLIFE_LOGO_violet-AMP2.png\",\"contentUrl\":\"https:\\\/\\\/my-life.lu\\\/wp-content\\\/uploads\\\/2018\\\/07\\\/myLIFE_LOGO_violet-AMP2.png\",\"width\":190,\"height\":36,\"caption\":\"myLIFE\"},\"image\":{\"@id\":\"https:\\\/\\\/my-life.lu\\\/de\\\/#\\\/schema\\\/logo\\\/image\\\/\"}},{\"@type\":\"Person\",\"@id\":\"https:\\\/\\\/my-life.lu\\\/de\\\/#\\\/schema\\\/person\\\/c8df4561c0206a8768a0339466c4fb63\",\"name\":\"Yves Kuhn\",\"image\":{\"@type\":\"ImageObject\",\"inLanguage\":\"de\",\"@id\":\"https:\\\/\\\/secure.gravatar.com\\\/avatar\\\/a7ce04baaed011439e877f167df8f473ba214025a82e59b3f6c85b72bd48ee1b?s=96&d=mm&r=g\",\"url\":\"https:\\\/\\\/secure.gravatar.com\\\/avatar\\\/a7ce04baaed011439e877f167df8f473ba214025a82e59b3f6c85b72bd48ee1b?s=96&d=mm&r=g\",\"contentUrl\":\"https:\\\/\\\/secure.gravatar.com\\\/avatar\\\/a7ce04baaed011439e877f167df8f473ba214025a82e59b3f6c85b72bd48ee1b?s=96&d=mm&r=g\",\"caption\":\"Yves Kuhn\"},\"url\":\"https:\\\/\\\/my-life.lu\\\/de\\\/author\\\/by-yves-kuhn\\\/\"}]}<\/script>\n<!-- \/ Yoast SEO Premium plugin. -->","yoast_head_json":{"title":"Ist die Inflation zur\u00fcck? - myLIFE","description":"Inflation? Kein Grund zur Panik! So lautet die Botschaft des Chief Investment Officer der BIL-Gruppe, Yves Kuhn, an die Anleger.","robots":{"index":"index","follow":"follow","max-snippet":"max-snippet:-1","max-image-preview":"max-image-preview:large","max-video-preview":"max-video-preview:-1"},"canonical":"https:\/\/my-life.lu\/de\/ist-die-inflation-zurueck-32001\/","og_locale":"de_DE","og_type":"article","og_title":"Ist die Inflation zur\u00fcck?","og_description":"Inflation? Kein Grund zur Panik! So lautet die Botschaft des Chief Investment Officer der BIL-Gruppe, Yves Kuhn, an die Anleger.","og_url":"https:\/\/my-life.lu\/de\/ist-die-inflation-zurueck-32001\/","og_site_name":"myLIFE","article_published_time":"2016-11-08T14:32:14+00:00","article_modified_time":"2025-11-05T10:30:55+00:00","og_image":[{"width":1911,"height":867,"url":"https:\/\/my-life.lu\/wp-content\/uploads\/2016\/11\/Video_32001.jpg","type":"image\/jpeg"}],"author":"Yves Kuhn","twitter_card":"summary_large_image","twitter_misc":{"Verfasst von":"Von Yves Kuhn","Gesch\u00e4tzte Lesezeit":"1\u00a0Minute"},"schema":{"@context":"https:\/\/schema.org","@graph":[{"@type":"Article","@id":"https:\/\/my-life.lu\/de\/ist-die-inflation-zurueck-32001\/#article","isPartOf":{"@id":"https:\/\/my-life.lu\/de\/ist-die-inflation-zurueck-32001\/"},"author":{"name":"Yves Kuhn","@id":"https:\/\/my-life.lu\/de\/#\/schema\/person\/c8df4561c0206a8768a0339466c4fb63"},"headline":"Ist die Inflation zur\u00fcck?","datePublished":"2016-11-08T14:32:14+00:00","dateModified":"2025-11-05T10:30:55+00:00","mainEntityOfPage":{"@id":"https:\/\/my-life.lu\/de\/ist-die-inflation-zurueck-32001\/"},"wordCount":84,"publisher":{"@id":"https:\/\/my-life.lu\/de\/#organization"},"image":{"@id":"https:\/\/my-life.lu\/de\/ist-die-inflation-zurueck-32001\/#primaryimage"},"thumbnailUrl":"https:\/\/my-life.lu\/wp-content\/uploads\/2016\/11\/Video_32001.jpg","keywords":["Ziele und Perspektiven","Profil d'investisseur","Anlegerprofil"],"articleSection":["Ziele und Perspektiven","myINVEST"],"inLanguage":"de"},{"@type":"WebPage","@id":"https:\/\/my-life.lu\/de\/ist-die-inflation-zurueck-32001\/","url":"https:\/\/my-life.lu\/de\/ist-die-inflation-zurueck-32001\/","name":"Ist die Inflation zur\u00fcck? - myLIFE","isPartOf":{"@id":"https:\/\/my-life.lu\/de\/#website"},"primaryImageOfPage":{"@id":"https:\/\/my-life.lu\/de\/ist-die-inflation-zurueck-32001\/#primaryimage"},"image":{"@id":"https:\/\/my-life.lu\/de\/ist-die-inflation-zurueck-32001\/#primaryimage"},"thumbnailUrl":"https:\/\/my-life.lu\/wp-content\/uploads\/2016\/11\/Video_32001.jpg","datePublished":"2016-11-08T14:32:14+00:00","dateModified":"2025-11-05T10:30:55+00:00","description":"Inflation? Kein Grund zur Panik! So lautet die Botschaft des Chief Investment Officer der BIL-Gruppe, Yves Kuhn, an die Anleger.","breadcrumb":{"@id":"https:\/\/my-life.lu\/de\/ist-die-inflation-zurueck-32001\/#breadcrumb"},"inLanguage":"de","potentialAction":[{"@type":"ReadAction","target":["https:\/\/my-life.lu\/de\/ist-die-inflation-zurueck-32001\/"]}]},{"@type":"ImageObject","inLanguage":"de","@id":"https:\/\/my-life.lu\/de\/ist-die-inflation-zurueck-32001\/#primaryimage","url":"https:\/\/my-life.lu\/wp-content\/uploads\/2016\/11\/Video_32001.jpg","contentUrl":"https:\/\/my-life.lu\/wp-content\/uploads\/2016\/11\/Video_32001.jpg","width":1911,"height":867},{"@type":"BreadcrumbList","@id":"https:\/\/my-life.lu\/de\/ist-die-inflation-zurueck-32001\/#breadcrumb","itemListElement":[{"@type":"ListItem","position":1,"name":"Home","item":"https:\/\/my-life.lu\/de\/"},{"@type":"ListItem","position":2,"name":"Ist die Inflation zur\u00fcck?"}]},{"@type":"WebSite","@id":"https:\/\/my-life.lu\/de\/#website","url":"https:\/\/my-life.lu\/de\/","name":"myLIFE","description":"","publisher":{"@id":"https:\/\/my-life.lu\/de\/#organization"},"potentialAction":[{"@type":"SearchAction","target":{"@type":"EntryPoint","urlTemplate":"https:\/\/my-life.lu\/de\/?s={search_term_string}"},"query-input":{"@type":"PropertyValueSpecification","valueRequired":true,"valueName":"search_term_string"}}],"inLanguage":"de"},{"@type":"Organization","@id":"https:\/\/my-life.lu\/de\/#organization","name":"myLIFE","url":"https:\/\/my-life.lu\/de\/","logo":{"@type":"ImageObject","inLanguage":"de","@id":"https:\/\/my-life.lu\/de\/#\/schema\/logo\/image\/","url":"https:\/\/my-life.lu\/wp-content\/uploads\/2018\/07\/myLIFE_LOGO_violet-AMP2.png","contentUrl":"https:\/\/my-life.lu\/wp-content\/uploads\/2018\/07\/myLIFE_LOGO_violet-AMP2.png","width":190,"height":36,"caption":"myLIFE"},"image":{"@id":"https:\/\/my-life.lu\/de\/#\/schema\/logo\/image\/"}},{"@type":"Person","@id":"https:\/\/my-life.lu\/de\/#\/schema\/person\/c8df4561c0206a8768a0339466c4fb63","name":"Yves Kuhn","image":{"@type":"ImageObject","inLanguage":"de","@id":"https:\/\/secure.gravatar.com\/avatar\/a7ce04baaed011439e877f167df8f473ba214025a82e59b3f6c85b72bd48ee1b?s=96&d=mm&r=g","url":"https:\/\/secure.gravatar.com\/avatar\/a7ce04baaed011439e877f167df8f473ba214025a82e59b3f6c85b72bd48ee1b?s=96&d=mm&r=g","contentUrl":"https:\/\/secure.gravatar.com\/avatar\/a7ce04baaed011439e877f167df8f473ba214025a82e59b3f6c85b72bd48ee1b?s=96&d=mm&r=g","caption":"Yves Kuhn"},"url":"https:\/\/my-life.lu\/de\/author\/by-yves-kuhn\/"}]}},"_links":{"self":[{"href":"https:\/\/my-life.lu\/de\/wp-json\/wp\/v2\/posts\/1362","targetHints":{"allow":["GET"]}}],"collection":[{"href":"https:\/\/my-life.lu\/de\/wp-json\/wp\/v2\/posts"}],"about":[{"href":"https:\/\/my-life.lu\/de\/wp-json\/wp\/v2\/types\/post"}],"author":[{"embeddable":true,"href":"https:\/\/my-life.lu\/de\/wp-json\/wp\/v2\/users\/5"}],"replies":[{"embeddable":true,"href":"https:\/\/my-life.lu\/de\/wp-json\/wp\/v2\/comments?post=1362"}],"version-history":[{"count":12,"href":"https:\/\/my-life.lu\/de\/wp-json\/wp\/v2\/posts\/1362\/revisions"}],"predecessor-version":[{"id":27085,"href":"https:\/\/my-life.lu\/de\/wp-json\/wp\/v2\/posts\/1362\/revisions\/27085"}],"wp:featuredmedia":[{"embeddable":true,"href":"https:\/\/my-life.lu\/de\/wp-json\/wp\/v2\/media\/4220"}],"wp:attachment":[{"href":"https:\/\/my-life.lu\/de\/wp-json\/wp\/v2\/media?parent=1362"}],"wp:term":[{"taxonomy":"category","embeddable":true,"href":"https:\/\/my-life.lu\/de\/wp-json\/wp\/v2\/categories?post=1362"},{"taxonomy":"post_tag","embeddable":true,"href":"https:\/\/my-life.lu\/de\/wp-json\/wp\/v2\/tags?post=1362"}],"curies":[{"name":"wp","href":"https:\/\/api.w.org\/{rel}","templated":true}]}}