{"id":14450,"date":"2021-01-25T09:00:20","date_gmt":"2021-01-25T08:00:20","guid":{"rendered":"https:\/\/my-life.lu\/?p=14450"},"modified":"2025-11-05T11:12:54","modified_gmt":"2025-11-05T10:12:54","slug":"beim-kaffee-mit-matthieu-bracchetti-24501","status":"publish","type":"post","link":"https:\/\/my-life.lu\/de\/beim-kaffee-mit-matthieu-bracchetti-24501\/","title":{"rendered":"Beim Kaffee mit Matthieu Bracchetti"},"content":{"rendered":"<div id=\"playht-iframe-wrapper\" style=\"max-height: 210px !important;\">\n\t<iframe\n\tscrolling=\"no\"\n\tclass=\"playht-iframe-player\"\n\tid=\"playht-iframe-player\"\n\theight=\"90px\"\n\twidth=\"100%\"\n\tframeborder=\"0\"\n\tstyle=\"max-height: 90px; height: 90px !important;\"\n\tsrc=\"https:\/\/play.ht\/embed\/?article_url=https:\/\/my-life.lu\/de\/?p=14450&voice=de-DE-Wavenet-C&appId=fiFJxxWiUV3tImG&trans_id=-MRPeocDxIbh-Z21L0X_\"\n\tdata-voice=\"de-DE-Wavenet-C\"\n\tarticle-url=\"https:\/\/my-life.lu\/de\/?p=14450\"\n\tdata-appId=\"fiFJxxWiUV3tImG\"\n\tallowfullscreen=\"\">\n\t<\/iframe>\n<\/div>\n<p class=\"entete\">Ein Unternehmer, ein Ort, mit dem er viel verbindet, und ein Gespr\u00e4ch bei einer guten Tasse Kaffee\u00a0\u2013 das ist das Konzept der myLIFE-Artikelserie \u201ebeim Kaffee\u201c. Zur Er\u00f6ffnung der Serie trafen wir uns mit Matthieu Bracchetti, dem Gr\u00fcnder und CEO des auf den Bereich Virtual Reality spezialisierten Unternehmens Virtual Rangers. Portr\u00e4t eines Unternehmers, der Pixel im Kopf und beide Beine auf dem Boden hat.<\/p>\n<style>.embed-container { position: relative; padding-bottom: 56.25%; height: 0; overflow: hidden; max-width: 100%; } .embed-container iframe, .embed-container object, .embed-container embed { position: absolute; top: 0; left: 0; width: 100%; height: 100%; }<\/style>\n<div class=\"embed-container\"><iframe src=\"https:\/\/www.youtube.com\/embed\/\/xKJjv6kc4ks\" frameborder=\"0\" referrerpolicy=\"strict-origin-when-cross-origin\" allowfullscreen=\"allowfullscreen\"><\/iframe><\/div>\n<p>44.277 Aufrufe<\/p>\n","protected":false},"excerpt":{"rendered":"<p>Ein Unternehmer, ein Ort, mit dem er viel verbindet, und ein Gespr\u00e4ch bei einer guten Tasse Kaffee\u00a0\u2013 das ist das Konzept der myLIFE-Artikelserie \u201ebeim Kaffee\u201c. Zur Er\u00f6ffnung der Serie trafen wir uns mit Matthieu Bracchetti, dem Gr\u00fcnder und CEO des auf den Bereich Virtual Reality spezialisierten Unternehmens Virtual Rangers. Portr\u00e4t eines Unternehmers, der Pixel im &hellip; <\/p>\n<p class=\"link-more\"><a href=\"https:\/\/my-life.lu\/de\/beim-kaffee-mit-matthieu-bracchetti-24501\/\" class=\"more-link\">Continue reading<span class=\"screen-reader-text\"> &#8220;Beim Kaffee mit Matthieu Bracchetti&#8221;<\/span><\/a><\/p>\n","protected":false},"author":4,"featured_media":14447,"comment_status":"closed","ping_status":"closed","sticky":false,"template":"","format":"standard","meta":{"_et_pb_use_builder":"","_et_pb_old_content":"","_et_gb_content_width":"","footnotes":"","beyondwords_generate_audio":"0","beyondwords_integration_method":"","beyondwords_project_id":"","beyondwords_content_id":"","beyondwords_preview_token":"","beyondwords_player_content":"","beyondwords_player_style":"standard","beyondwords_language_code":"","beyondwords_language_id":"","beyondwords_title_voice_id":"","beyondwords_body_voice_id":"","beyondwords_summary_voice_id":"","beyondwords_error_message":"","beyondwords_disabled":"","beyondwords_delete_content":"","beyondwords_podcast_id":"","beyondwords_hash":"","publish_post_to_speechkit":"","speechkit_hash":"","speechkit_generate_audio":"","speechkit_project_id":"","speechkit_podcast_id":"","speechkit_error_message":"","speechkit_disabled":"","speechkit_access_key":"","speechkit_error":"","speechkit_info":"","speechkit_response":"","speechkit_retries":"","speechkit_status":"","speechkit_updated_at":"","_speechkit_link":"","_speechkit_text":""},"categories":[163,169,18,173],"tags":[421,459,462,548,583,584],"class_list":["post-14450","post","type-post","status-publish","format-standard","has-post-thumbnail","hentry","category-grundung-de","category-unternehmer-und-geschaftsfuhrer-de","category-mycompany-de","category-start-up-de","tag-business-owner_de","tag-gruendung","tag-start-up-de","tag-bil-stories-de","tag-entrepreneurs-dirigeants-de-2","tag-unternehmer-geschaeftsfuehrer","my_company"],"yoast_head":"<!-- This site is optimized with the Yoast SEO Premium plugin v27.3 (Yoast SEO v27.3) - https:\/\/yoast.com\/product\/yoast-seo-premium-wordpress\/ -->\n<title>Beim Kaffee mit Matthieu Bracchetti - myLIFE<\/title>\n<meta name=\"description\" content=\"Treffen mit Matthieu Bracchetti von Virtual Rangers. Das Konzept: ein Unternehmer, ein Ort und ein Gespr\u00e4ch bei einer Tasse Kaffee.\" \/>\n<meta name=\"robots\" content=\"index, follow, max-snippet:-1, max-image-preview:large, max-video-preview:-1\" \/>\n<link rel=\"canonical\" href=\"https:\/\/my-life.lu\/de\/beim-kaffee-mit-matthieu-bracchetti-24501\/\" \/>\n<meta property=\"og:locale\" content=\"de_DE\" \/>\n<meta property=\"og:type\" content=\"article\" \/>\n<meta property=\"og:title\" content=\"Beim Kaffee mit Matthieu Bracchetti\" \/>\n<meta property=\"og:description\" content=\"Treffen mit Matthieu Bracchetti von Virtual Rangers. Das Konzept: ein Unternehmer, ein Ort und ein Gespr\u00e4ch bei einer Tasse Kaffee.\" \/>\n<meta property=\"og:url\" content=\"https:\/\/my-life.lu\/de\/beim-kaffee-mit-matthieu-bracchetti-24501\/\" \/>\n<meta property=\"og:site_name\" content=\"myLIFE\" \/>\n<meta property=\"article:published_time\" content=\"2021-01-25T08:00:20+00:00\" \/>\n<meta property=\"article:modified_time\" content=\"2025-11-05T10:12:54+00:00\" \/>\n<meta property=\"og:image\" content=\"https:\/\/my-life.lu\/wp-content\/uploads\/2021\/01\/Vide\u0301o_24501.jpg\" \/>\n\t<meta property=\"og:image:width\" content=\"3360\" \/>\n\t<meta property=\"og:image:height\" content=\"2100\" \/>\n\t<meta property=\"og:image:type\" content=\"image\/jpeg\" \/>\n<meta name=\"author\" content=\"Compiled by myLIFE team\" \/>\n<meta name=\"twitter:card\" content=\"summary_large_image\" \/>\n<meta name=\"twitter:label1\" content=\"Verfasst von\" \/>\n\t<meta name=\"twitter:data1\" content=\"Gesammelt von myLIFE team\" \/>\n\t<meta name=\"twitter:label2\" content=\"Gesch\u00e4tzte Lesezeit\" \/>\n\t<meta name=\"twitter:data2\" content=\"1\u00a0Minute\" \/>\n<script type=\"application\/ld+json\" class=\"yoast-schema-graph\">{\"@context\":\"https:\\\/\\\/schema.org\",\"@graph\":[{\"@type\":\"Article\",\"@id\":\"https:\\\/\\\/my-life.lu\\\/de\\\/beim-kaffee-mit-matthieu-bracchetti-24501\\\/#article\",\"isPartOf\":{\"@id\":\"https:\\\/\\\/my-life.lu\\\/de\\\/beim-kaffee-mit-matthieu-bracchetti-24501\\\/\"},\"author\":{\"name\":\"Compiled by myLIFE team\",\"@id\":\"https:\\\/\\\/my-life.lu\\\/de\\\/#\\\/schema\\\/person\\\/224f7e554674eb9534cbab8498cd369b\"},\"headline\":\"Beim Kaffee mit Matthieu Bracchetti\",\"datePublished\":\"2021-01-25T08:00:20+00:00\",\"dateModified\":\"2025-11-05T10:12:54+00:00\",\"mainEntityOfPage\":{\"@id\":\"https:\\\/\\\/my-life.lu\\\/de\\\/beim-kaffee-mit-matthieu-bracchetti-24501\\\/\"},\"wordCount\":80,\"publisher\":{\"@id\":\"https:\\\/\\\/my-life.lu\\\/de\\\/#organization\"},\"image\":{\"@id\":\"https:\\\/\\\/my-life.lu\\\/de\\\/beim-kaffee-mit-matthieu-bracchetti-24501\\\/#primaryimage\"},\"thumbnailUrl\":\"https:\\\/\\\/my-life.lu\\\/wp-content\\\/uploads\\\/2021\\\/01\\\/Vide\u0301o_24501.jpg\",\"keywords\":[\"Business Owner\",\"Gr\u00fcndung\",\"Start-up\",\"BIL Stories\",\"Entrepreneurs &amp; dirigeants\",\"Unternehmer &amp; Gesch\u00e4ftsf\u00fchrer\"],\"articleSection\":[\"Gr\u00fcndung\",\"Unternehmer &amp; Gesch\u00e4ftsf\u00fchrer\",\"myCOMPANY\",\"Start-up\"],\"inLanguage\":\"de\"},{\"@type\":\"WebPage\",\"@id\":\"https:\\\/\\\/my-life.lu\\\/de\\\/beim-kaffee-mit-matthieu-bracchetti-24501\\\/\",\"url\":\"https:\\\/\\\/my-life.lu\\\/de\\\/beim-kaffee-mit-matthieu-bracchetti-24501\\\/\",\"name\":\"Beim Kaffee mit Matthieu Bracchetti - myLIFE\",\"isPartOf\":{\"@id\":\"https:\\\/\\\/my-life.lu\\\/de\\\/#website\"},\"primaryImageOfPage\":{\"@id\":\"https:\\\/\\\/my-life.lu\\\/de\\\/beim-kaffee-mit-matthieu-bracchetti-24501\\\/#primaryimage\"},\"image\":{\"@id\":\"https:\\\/\\\/my-life.lu\\\/de\\\/beim-kaffee-mit-matthieu-bracchetti-24501\\\/#primaryimage\"},\"thumbnailUrl\":\"https:\\\/\\\/my-life.lu\\\/wp-content\\\/uploads\\\/2021\\\/01\\\/Vide\u0301o_24501.jpg\",\"datePublished\":\"2021-01-25T08:00:20+00:00\",\"dateModified\":\"2025-11-05T10:12:54+00:00\",\"description\":\"Treffen mit Matthieu Bracchetti von Virtual Rangers. Das Konzept: ein Unternehmer, ein Ort und ein Gespr\u00e4ch bei einer Tasse Kaffee.\",\"breadcrumb\":{\"@id\":\"https:\\\/\\\/my-life.lu\\\/de\\\/beim-kaffee-mit-matthieu-bracchetti-24501\\\/#breadcrumb\"},\"inLanguage\":\"de\",\"potentialAction\":[{\"@type\":\"ReadAction\",\"target\":[\"https:\\\/\\\/my-life.lu\\\/de\\\/beim-kaffee-mit-matthieu-bracchetti-24501\\\/\"]}]},{\"@type\":\"ImageObject\",\"inLanguage\":\"de\",\"@id\":\"https:\\\/\\\/my-life.lu\\\/de\\\/beim-kaffee-mit-matthieu-bracchetti-24501\\\/#primaryimage\",\"url\":\"https:\\\/\\\/my-life.lu\\\/wp-content\\\/uploads\\\/2021\\\/01\\\/Vide\u0301o_24501.jpg\",\"contentUrl\":\"https:\\\/\\\/my-life.lu\\\/wp-content\\\/uploads\\\/2021\\\/01\\\/Vide\u0301o_24501.jpg\",\"width\":3360,\"height\":2100},{\"@type\":\"BreadcrumbList\",\"@id\":\"https:\\\/\\\/my-life.lu\\\/de\\\/beim-kaffee-mit-matthieu-bracchetti-24501\\\/#breadcrumb\",\"itemListElement\":[{\"@type\":\"ListItem\",\"position\":1,\"name\":\"Home\",\"item\":\"https:\\\/\\\/my-life.lu\\\/de\\\/\"},{\"@type\":\"ListItem\",\"position\":2,\"name\":\"Beim Kaffee mit Matthieu Bracchetti\"}]},{\"@type\":\"WebSite\",\"@id\":\"https:\\\/\\\/my-life.lu\\\/de\\\/#website\",\"url\":\"https:\\\/\\\/my-life.lu\\\/de\\\/\",\"name\":\"myLIFE\",\"description\":\"\",\"publisher\":{\"@id\":\"https:\\\/\\\/my-life.lu\\\/de\\\/#organization\"},\"potentialAction\":[{\"@type\":\"SearchAction\",\"target\":{\"@type\":\"EntryPoint\",\"urlTemplate\":\"https:\\\/\\\/my-life.lu\\\/de\\\/?s={search_term_string}\"},\"query-input\":{\"@type\":\"PropertyValueSpecification\",\"valueRequired\":true,\"valueName\":\"search_term_string\"}}],\"inLanguage\":\"de\"},{\"@type\":\"Organization\",\"@id\":\"https:\\\/\\\/my-life.lu\\\/de\\\/#organization\",\"name\":\"myLIFE\",\"url\":\"https:\\\/\\\/my-life.lu\\\/de\\\/\",\"logo\":{\"@type\":\"ImageObject\",\"inLanguage\":\"de\",\"@id\":\"https:\\\/\\\/my-life.lu\\\/de\\\/#\\\/schema\\\/logo\\\/image\\\/\",\"url\":\"https:\\\/\\\/my-life.lu\\\/wp-content\\\/uploads\\\/2018\\\/07\\\/myLIFE_LOGO_violet-AMP2.png\",\"contentUrl\":\"https:\\\/\\\/my-life.lu\\\/wp-content\\\/uploads\\\/2018\\\/07\\\/myLIFE_LOGO_violet-AMP2.png\",\"width\":190,\"height\":36,\"caption\":\"myLIFE\"},\"image\":{\"@id\":\"https:\\\/\\\/my-life.lu\\\/de\\\/#\\\/schema\\\/logo\\\/image\\\/\"}},{\"@type\":\"Person\",\"@id\":\"https:\\\/\\\/my-life.lu\\\/de\\\/#\\\/schema\\\/person\\\/224f7e554674eb9534cbab8498cd369b\",\"name\":\"Compiled by myLIFE team\",\"image\":{\"@type\":\"ImageObject\",\"inLanguage\":\"de\",\"@id\":\"https:\\\/\\\/secure.gravatar.com\\\/avatar\\\/28b395d9b8d5c7e9757fb0c7315ee854d88aef3f02f0c439e5813c8149eb6ecb?s=96&d=mm&r=g\",\"url\":\"https:\\\/\\\/secure.gravatar.com\\\/avatar\\\/28b395d9b8d5c7e9757fb0c7315ee854d88aef3f02f0c439e5813c8149eb6ecb?s=96&d=mm&r=g\",\"contentUrl\":\"https:\\\/\\\/secure.gravatar.com\\\/avatar\\\/28b395d9b8d5c7e9757fb0c7315ee854d88aef3f02f0c439e5813c8149eb6ecb?s=96&d=mm&r=g\",\"caption\":\"Compiled by myLIFE team\"},\"url\":\"https:\\\/\\\/my-life.lu\\\/de\\\/author\\\/compiled-by-mylife-team\\\/\"}]}<\/script>\n<!-- \/ Yoast SEO Premium plugin. -->","yoast_head_json":{"title":"Beim Kaffee mit Matthieu Bracchetti - myLIFE","description":"Treffen mit Matthieu Bracchetti von Virtual Rangers. Das Konzept: ein Unternehmer, ein Ort und ein Gespr\u00e4ch bei einer Tasse Kaffee.","robots":{"index":"index","follow":"follow","max-snippet":"max-snippet:-1","max-image-preview":"max-image-preview:large","max-video-preview":"max-video-preview:-1"},"canonical":"https:\/\/my-life.lu\/de\/beim-kaffee-mit-matthieu-bracchetti-24501\/","og_locale":"de_DE","og_type":"article","og_title":"Beim Kaffee mit Matthieu Bracchetti","og_description":"Treffen mit Matthieu Bracchetti von Virtual Rangers. Das Konzept: ein Unternehmer, ein Ort und ein Gespr\u00e4ch bei einer Tasse Kaffee.","og_url":"https:\/\/my-life.lu\/de\/beim-kaffee-mit-matthieu-bracchetti-24501\/","og_site_name":"myLIFE","article_published_time":"2021-01-25T08:00:20+00:00","article_modified_time":"2025-11-05T10:12:54+00:00","og_image":[{"width":3360,"height":2100,"url":"https:\/\/my-life.lu\/wp-content\/uploads\/2021\/01\/Vide\u0301o_24501.jpg","type":"image\/jpeg"}],"author":"Compiled by myLIFE team","twitter_card":"summary_large_image","twitter_misc":{"Verfasst von":"Gesammelt von myLIFE team","Gesch\u00e4tzte Lesezeit":"1\u00a0Minute"},"schema":{"@context":"https:\/\/schema.org","@graph":[{"@type":"Article","@id":"https:\/\/my-life.lu\/de\/beim-kaffee-mit-matthieu-bracchetti-24501\/#article","isPartOf":{"@id":"https:\/\/my-life.lu\/de\/beim-kaffee-mit-matthieu-bracchetti-24501\/"},"author":{"name":"Compiled by myLIFE team","@id":"https:\/\/my-life.lu\/de\/#\/schema\/person\/224f7e554674eb9534cbab8498cd369b"},"headline":"Beim Kaffee mit Matthieu Bracchetti","datePublished":"2021-01-25T08:00:20+00:00","dateModified":"2025-11-05T10:12:54+00:00","mainEntityOfPage":{"@id":"https:\/\/my-life.lu\/de\/beim-kaffee-mit-matthieu-bracchetti-24501\/"},"wordCount":80,"publisher":{"@id":"https:\/\/my-life.lu\/de\/#organization"},"image":{"@id":"https:\/\/my-life.lu\/de\/beim-kaffee-mit-matthieu-bracchetti-24501\/#primaryimage"},"thumbnailUrl":"https:\/\/my-life.lu\/wp-content\/uploads\/2021\/01\/Vide\u0301o_24501.jpg","keywords":["Business Owner","Gr\u00fcndung","Start-up","BIL Stories","Entrepreneurs &amp; dirigeants","Unternehmer &amp; Gesch\u00e4ftsf\u00fchrer"],"articleSection":["Gr\u00fcndung","Unternehmer &amp; Gesch\u00e4ftsf\u00fchrer","myCOMPANY","Start-up"],"inLanguage":"de"},{"@type":"WebPage","@id":"https:\/\/my-life.lu\/de\/beim-kaffee-mit-matthieu-bracchetti-24501\/","url":"https:\/\/my-life.lu\/de\/beim-kaffee-mit-matthieu-bracchetti-24501\/","name":"Beim Kaffee mit Matthieu Bracchetti - myLIFE","isPartOf":{"@id":"https:\/\/my-life.lu\/de\/#website"},"primaryImageOfPage":{"@id":"https:\/\/my-life.lu\/de\/beim-kaffee-mit-matthieu-bracchetti-24501\/#primaryimage"},"image":{"@id":"https:\/\/my-life.lu\/de\/beim-kaffee-mit-matthieu-bracchetti-24501\/#primaryimage"},"thumbnailUrl":"https:\/\/my-life.lu\/wp-content\/uploads\/2021\/01\/Vide\u0301o_24501.jpg","datePublished":"2021-01-25T08:00:20+00:00","dateModified":"2025-11-05T10:12:54+00:00","description":"Treffen mit Matthieu Bracchetti von Virtual Rangers. Das Konzept: ein Unternehmer, ein Ort und ein Gespr\u00e4ch bei einer Tasse Kaffee.","breadcrumb":{"@id":"https:\/\/my-life.lu\/de\/beim-kaffee-mit-matthieu-bracchetti-24501\/#breadcrumb"},"inLanguage":"de","potentialAction":[{"@type":"ReadAction","target":["https:\/\/my-life.lu\/de\/beim-kaffee-mit-matthieu-bracchetti-24501\/"]}]},{"@type":"ImageObject","inLanguage":"de","@id":"https:\/\/my-life.lu\/de\/beim-kaffee-mit-matthieu-bracchetti-24501\/#primaryimage","url":"https:\/\/my-life.lu\/wp-content\/uploads\/2021\/01\/Vide\u0301o_24501.jpg","contentUrl":"https:\/\/my-life.lu\/wp-content\/uploads\/2021\/01\/Vide\u0301o_24501.jpg","width":3360,"height":2100},{"@type":"BreadcrumbList","@id":"https:\/\/my-life.lu\/de\/beim-kaffee-mit-matthieu-bracchetti-24501\/#breadcrumb","itemListElement":[{"@type":"ListItem","position":1,"name":"Home","item":"https:\/\/my-life.lu\/de\/"},{"@type":"ListItem","position":2,"name":"Beim Kaffee mit Matthieu Bracchetti"}]},{"@type":"WebSite","@id":"https:\/\/my-life.lu\/de\/#website","url":"https:\/\/my-life.lu\/de\/","name":"myLIFE","description":"","publisher":{"@id":"https:\/\/my-life.lu\/de\/#organization"},"potentialAction":[{"@type":"SearchAction","target":{"@type":"EntryPoint","urlTemplate":"https:\/\/my-life.lu\/de\/?s={search_term_string}"},"query-input":{"@type":"PropertyValueSpecification","valueRequired":true,"valueName":"search_term_string"}}],"inLanguage":"de"},{"@type":"Organization","@id":"https:\/\/my-life.lu\/de\/#organization","name":"myLIFE","url":"https:\/\/my-life.lu\/de\/","logo":{"@type":"ImageObject","inLanguage":"de","@id":"https:\/\/my-life.lu\/de\/#\/schema\/logo\/image\/","url":"https:\/\/my-life.lu\/wp-content\/uploads\/2018\/07\/myLIFE_LOGO_violet-AMP2.png","contentUrl":"https:\/\/my-life.lu\/wp-content\/uploads\/2018\/07\/myLIFE_LOGO_violet-AMP2.png","width":190,"height":36,"caption":"myLIFE"},"image":{"@id":"https:\/\/my-life.lu\/de\/#\/schema\/logo\/image\/"}},{"@type":"Person","@id":"https:\/\/my-life.lu\/de\/#\/schema\/person\/224f7e554674eb9534cbab8498cd369b","name":"Compiled by myLIFE team","image":{"@type":"ImageObject","inLanguage":"de","@id":"https:\/\/secure.gravatar.com\/avatar\/28b395d9b8d5c7e9757fb0c7315ee854d88aef3f02f0c439e5813c8149eb6ecb?s=96&d=mm&r=g","url":"https:\/\/secure.gravatar.com\/avatar\/28b395d9b8d5c7e9757fb0c7315ee854d88aef3f02f0c439e5813c8149eb6ecb?s=96&d=mm&r=g","contentUrl":"https:\/\/secure.gravatar.com\/avatar\/28b395d9b8d5c7e9757fb0c7315ee854d88aef3f02f0c439e5813c8149eb6ecb?s=96&d=mm&r=g","caption":"Compiled by myLIFE team"},"url":"https:\/\/my-life.lu\/de\/author\/compiled-by-mylife-team\/"}]}},"_links":{"self":[{"href":"https:\/\/my-life.lu\/de\/wp-json\/wp\/v2\/posts\/14450","targetHints":{"allow":["GET"]}}],"collection":[{"href":"https:\/\/my-life.lu\/de\/wp-json\/wp\/v2\/posts"}],"about":[{"href":"https:\/\/my-life.lu\/de\/wp-json\/wp\/v2\/types\/post"}],"author":[{"embeddable":true,"href":"https:\/\/my-life.lu\/de\/wp-json\/wp\/v2\/users\/4"}],"replies":[{"embeddable":true,"href":"https:\/\/my-life.lu\/de\/wp-json\/wp\/v2\/comments?post=14450"}],"version-history":[{"count":3,"href":"https:\/\/my-life.lu\/de\/wp-json\/wp\/v2\/posts\/14450\/revisions"}],"predecessor-version":[{"id":27032,"href":"https:\/\/my-life.lu\/de\/wp-json\/wp\/v2\/posts\/14450\/revisions\/27032"}],"wp:featuredmedia":[{"embeddable":true,"href":"https:\/\/my-life.lu\/de\/wp-json\/wp\/v2\/media\/14447"}],"wp:attachment":[{"href":"https:\/\/my-life.lu\/de\/wp-json\/wp\/v2\/media?parent=14450"}],"wp:term":[{"taxonomy":"category","embeddable":true,"href":"https:\/\/my-life.lu\/de\/wp-json\/wp\/v2\/categories?post=14450"},{"taxonomy":"post_tag","embeddable":true,"href":"https:\/\/my-life.lu\/de\/wp-json\/wp\/v2\/tags?post=14450"}],"curies":[{"name":"wp","href":"https:\/\/api.w.org\/{rel}","templated":true}]}}