{"id":15024,"date":"2021-04-08T09:00:32","date_gmt":"2021-04-08T07:00:32","guid":{"rendered":"https:\/\/my-life.lu\/?p=15024"},"modified":"2021-07-14T09:11:37","modified_gmt":"2021-07-14T07:11:37","slug":"soll-ich-mich-selbststaendig-machen-24012","status":"publish","type":"post","link":"https:\/\/my-life.lu\/de\/soll-ich-mich-selbststaendig-machen-24012\/","title":{"rendered":"Soll ich mich selbstst\u00e4ndig machen?"},"content":{"rendered":"<div id=\"playht-iframe-wrapper\" style=\"max-height: 210px !important;\">\n\t<iframe\n\tscrolling=\"no\"\n\tclass=\"playht-iframe-player\"\n\tid=\"playht-iframe-player\"\n\theight=\"90px\"\n\twidth=\"100%\"\n\tframeborder=\"0\"\n\tstyle=\"max-height: 90px; height: 90px !important;\"\n\tsrc=\"https:\/\/play.ht\/embed\/?article_url=https:\/\/my-life.lu\/de\/?p=15024&voice=de-DE-Hedda&appId=fiFJxxWiUV3tImG&trans_id=-MeYr-JsjhOdKla1bKl7\"\n\tdata-voice=\"de-DE-Hedda\"\n\tarticle-url=\"https:\/\/my-life.lu\/de\/?p=15024\"\n\tdata-appId=\"fiFJxxWiUV3tImG\"\n\tallowfullscreen=\"\">\n\t<\/iframe>\n<\/div>\n<p class=\"entete\">COVID-19 war der Ausl\u00f6ser f\u00fcr das gr\u00f6\u00dfte Homeoffice-Experiment aller Zeiten. Wer es genossen hat, mehr Zeit f\u00fcr die Familie zu haben, seinen Arbeitsalltag flexibler gestalten zu k\u00f6nnen und nicht mehr pendeln zu m\u00fcssen, denkt vielleicht dar\u00fcber nach, sich diese Vorteile durch eine Selbstst\u00e4ndigkeit dauerhaft zu sichern.<\/p>\n<p>Andererseits wurden w\u00e4hrend der Pandemie auch die Nachteile der Selbstst\u00e4ndigkeit offensichtlich. Wenn pl\u00f6tzlich die Auftr\u00e4ge ausbleiben, kann man schnell in finanzielle Schwierigkeiten geraten. Zwar wurden Hilfen f\u00fcr Selbstst\u00e4ndige beschlossen. Diese fielen in den meisten F\u00e4llen jedoch eher gering aus. Man kann gewisse Risiken minimieren, doch jeder, der eine selbstst\u00e4ndige T\u00e4tigkeit in Betracht zieht, sollte einige Punkte beachten.<\/p>\n<h2 id=\"h2_0\" >1. Sich selbst kennen<\/h2>\n<p>Sie m\u00fcssen sich nicht unbedingt auf die Couch eines Psychiaters legen, um herauszufinden, ob eine selbstst\u00e4ndige T\u00e4tigkeit das Richtige f\u00fcr Sie ist. Gem\u00e4\u00df einer Studie des MIT haben erfolgreiche Selbstst\u00e4ndige oft bestimmte Charaktereigenschaften, unter anderem Selbstvertrauen, ein hohes Verantwortungsgef\u00fchl, wenig Angst vor dem Scheitern und Toleranz gegen\u00fcber Unsicherheit.<\/p>\n<p>\u00dcberzeugungsverm\u00f6gen und Verhandlungsgeschick sind f\u00fcr Selbstst\u00e4ndige unerl\u00e4sslich: Sie m\u00fcssen Preise aushandeln, Kunden gewinnen und Bedingungen vereinbaren. Hiermit haben sehr kreative Menschen oft Schwierigkeiten. Andererseits werden Sie m\u00f6glicherweise auch viel Zeit alleine verbringen. F\u00fcr Introvertierte mag dies das Richtige sein, es kann aber auch zu einem Gef\u00fchl der Einsamkeit f\u00fchren. Vielleicht bietet sich dann die Arbeit im Coworking-Space oder eine Gesch\u00e4ftspartnerschaft an. Allerdings muss sich dies auch finanziell rechnen.<\/p>\n<blockquote><p>Sich seine Arbeitszeit selbst einteilen zu k\u00f6nnen, mag verf\u00fchrerisch sein. Doch bei einer selbstst\u00e4ndigen T\u00e4tigkeit erh\u00e4lt man nur dann Geld, wenn man arbeitet.<\/p><\/blockquote>\n<h2 id=\"h2_1\" >2. Zeitmanagement<\/h2>\n<p>Sich seine Arbeitszeit selbst einteilen zu k\u00f6nnen, mag verf\u00fchrerisch sein. Doch bei einer selbstst\u00e4ndigen T\u00e4tigkeit erh\u00e4lt man nur dann Geld, wenn man arbeitet. So bedeutet ein Urlaub auch immer einen Verdienstausfall, w\u00e4hrend Angestellte Anspruch auf bezahlten Urlaub haben. Au\u00dferdem ist es sehr schwierig, Auftr\u00e4ge abzulehnen, und selbst erfahrene Selbstst\u00e4ndige f\u00fcrchten, in diesem Fall Kunden zu verlieren. Somit haben Sie m\u00f6glicherweise l\u00e4ngere Arbeitszeiten. Sie haben dann zwar keinen Chef mehr \u00fcber sich, m\u00fcssen es daf\u00fcr aber den Kunden recht machen.<\/p>\n<h2 id=\"h2_2\" >3. Besteuerung<\/h2>\n<p>Finanzielle Disziplin ist eine wichtige Eigenschaft von Selbstst\u00e4ndigen. Die Steuern werden nicht jeden Monat automatisch von Ihrem Gehalt abgezogen. Es liegt in Ihrer Verantwortung, daf\u00fcr zu sorgen, dass sie gezahlt werden. F\u00fcr Selbstst\u00e4ndige kommen vor allem Einzelunternehmen, Personengesellschaften und die Gesellschaft mit beschr\u00e4nkter Haftung als Rechtsform infrage. F\u00fcr jede Struktur gelten eine unterschiedliche Besteuerung und unterschiedliche Meldefristen. In vielen L\u00e4ndern ziehen die Steuerbeh\u00f6rden jeden Monat einen bestimmten Betrag ein, wobei am Ende des Steuerjahres noch eine abschlie\u00dfende Abrechnung erfolgen kann.<\/p>\n<p>Sie sollten auch sicherstellen, dass Sie weiterhin Anspruch auf Sozialversicherungsleistungen haben, insbesondere auf gesetzliche Rentenleistungen. Die Beitr\u00e4ge k\u00f6nnen zusammen mit der Einkommensteuer eingezogen werden. Wenn Sie als Gesellschaft mit beschr\u00e4nkter Haftung t\u00e4tig sind, ist es etwas komplizierter. Hier tragen Sie die Verantwortung daf\u00fcr, dass die Zahlungen p\u00fcnktlich geleistet werden.<\/p>\n<h2 id=\"h2_3\" >4. Mehrwertsteuer<\/h2>\n<p>Gesellschaften und Einzelunternehmen mit einem Jahresumsatz von \u00fcber 35.000 Euro m\u00fcssen sich in Luxemburg f\u00fcr die Mehrwertsteuer registrieren. Dies bringt bestimmte Meldepflichten mit sich, bedeutet aber auch, dass Sie die Ihnen in Rechnung gestellte Mehrwertsteuer abziehen k\u00f6nnen. Der normale Mehrwertsteuersatz in Luxemburg betr\u00e4gt 17\u00a0%. F\u00fcr wesentliche G\u00fcter wie Heizung und Beleuchtung, Mietzahlungen und Kraftstoff gelten erm\u00e4\u00dfigte Steuers\u00e4tze.<\/p>\n<blockquote><p>Die private Altersvorsorge l\u00e4sst sich relativ einfach umsetzen und sollte Teil der Finanzplanung von Selbstst\u00e4ndigen sein.<\/p><\/blockquote>\n<h2 id=\"h2_4\" >5. Altersvorsorge<\/h2>\n<p>Wenn Sie die Sicherheit einer Festanstellung aufgeben, verzichten Sie nicht nur auf ein regelm\u00e4\u00dfiges, festes Gehalt, sondern auch auf verschiedene andere Leistungen, darunter h\u00e4ufig eine betriebliche Altersvorsorge, Krankenversicherung und Todesfallleistungen, sowie auf m\u00f6gliche Extras wie die Mitgliedschaft in einem Fitnessstudio.<\/p>\n<p>F\u00fcr Selbstst\u00e4ndige besteht die Gefahr einer unzureichenden Altersvorsorge. Doch die <a href=\"https:\/\/my-life.lu\/de\/welche-rente-fuer-selbststaendige-24002\/\" target=\"_blank\" rel=\"noopener noreferrer\"><span style=\"text-decoration: underline;\"><strong>private Altersvorsorge l\u00e4sst sich relativ leicht umsetzen<\/strong><\/span><\/a> und sollte Teil der Finanzplanung von Selbstst\u00e4ndigen sein. Gut zu wissen, dass das System der Zusatzrente in Luxemburg, das bisher Arbeitnehmern vorbehalten war, seit 2019 auch Selbstst\u00e4ndigen offensteht.<\/p>\n<h2 id=\"h2_5\" >6. Ihre Familie<\/h2>\n<p>Wenn Sie w\u00e4hrend Ihrer T\u00e4tigkeit f\u00fcr ein Unternehmen eine schwere Verletzung erleiden, erkranken oder sterben, erh\u00e4lt Ihre Familie in den meisten F\u00e4llen einen bestimmten Pauschalbetrag (in der Regel ein Vielfaches des Gehalts), der es ihr erm\u00f6glichen d\u00fcrfte, zumindest kurzfristige finanzielle Schwierigkeiten zu \u00fcberbr\u00fccken. Bei einer selbstst\u00e4ndigen T\u00e4tigkeit ist dies nicht der Fall. Dieses Problem l\u00e4sst sich leicht durch eine Versicherung gegen Tod, Unfall, Krankheit oder Invalidit\u00e4t l\u00f6sen. Die Versicherungsbeitr\u00e4ge sind f\u00fcr Unternehmen steuerlich abzugsf\u00e4hig.<\/p>\n<p>Sie sollten auch kurzfristige Auswirkungen auf Ihre Haushaltsfinanzen ber\u00fccksichtigen. Vor der Bewilligung eines Wohnungsbaudarlehens wollen Banken in der Regel die Kontoausz\u00fcge der letzten zwei oder drei Jahre sehen. Deshalb kann es sinnvoll sein, abzuwarten oder eine Hypothek zu beantragen, solange Sie sich noch im Angestelltenverh\u00e4ltnis befinden.<\/p>\n<h2 id=\"h2_6\" >7. Karriereentwicklung<\/h2>\n<p>Bei einer Unternehmenskarriere gibt es einen typischen Weg. Optimales Szenario: Sie klettern die Karriereleiter hoch, werden nach und nach bef\u00f6rdert und gehen schlie\u00dflich in den Ruhestand, idealerweise mit einer komfortablen Rente, die gr\u00f6\u00dftenteils von Ihrem Arbeitgeber finanziert wird. Bei einer selbstst\u00e4ndigen T\u00e4tigkeit ist der Weg nicht vorgezeichnet. Dies macht zwar einen Teil des Reizes der Selbstst\u00e4ndigkeit aus, kann aber auch ein Umdenken erfordern.<\/p>\n<h2 id=\"h2_7\" >8. Organisation und Auszahlung eines Gehalts<\/h2>\n<p>Bei diesen Fragen herrscht zu Beginn m\u00f6glicherweise Unsicherheit. Es kann einige Zeit dauern, bis sich Ihr Unternehmen am Markt etabliert hat, und die Vorz\u00fcge der verschiedenen Optionen k\u00f6nnen sich im Laufe der Zeit \u00e4ndern. Doch die Gr\u00fcndung eines Unternehmens kann erhebliche steuerliche Vorteile mit sich bringen: eine K\u00f6rperschaftsteuer in H\u00f6he von 17\u00a0% (15\u00a0% bei einem Umsatz von unter 175.000 Euro) und die Absetzbarkeit von Ausgaben. Allerdings f\u00e4llt im Gro\u00dfherzogtum auch eine Solidarit\u00e4tssteuer von 7\u00a0% und in Luxemburg-Stadt eine kommunale Gewerbesteuer von 6,75\u00a0% an. Au\u00dferdem entsteht in den meisten F\u00e4llen ein zus\u00e4tzlicher Verwaltungsaufwand \u2013 sofern Ihre Einnahmen hoch genug sind, lohnt sich h\u00e4ufig die Besch\u00e4ftigung eines Buchhalters.<\/p>\n<p>Zwar hat eine Selbstst\u00e4ndigkeit sowohl Vor- als auch Nachteile, insbesondere was administrative Aspekte betrifft, sie bietet aber fast immer eine M\u00f6glichkeit f\u00fcr eine bessere Work-Life-Balance. Zu wissen, dass sich harte Arbeit direkt im Einkommen niederschl\u00e4gt, kann ebenfalls sehr befriedigend sein. Manche Menschen empfinden dies als \u00e4u\u00dferst motivierend im Vergleich zur Arbeit in einem gro\u00dfen Unternehmen. Wenn Sie im administrativen Bereich die richtigen Ma\u00dfnahmen ergreifen, k\u00f6nnen Sie Ihre Freiheiten genie\u00dfen.<\/p>\n<blockquote><p>Finanzielle Disziplin ist eine wichtige Eigenschaft von Selbstst\u00e4ndigen. Die Steuern werden nicht jeden Monat automatisch von Ihrem Gehalt abgezogen. Es liegt in Ihrer Verantwortung, daf\u00fcr zu sorgen, dass sie gezahlt werden.<\/p><\/blockquote>\n","protected":false},"excerpt":{"rendered":"<p>COVID-19 war der Ausl\u00f6ser f\u00fcr das gr\u00f6\u00dfte Homeoffice-Experiment aller Zeiten. Wer es genossen hat, mehr Zeit f\u00fcr die Familie zu haben, seinen Arbeitsalltag flexibler gestalten zu k\u00f6nnen und nicht mehr pendeln zu m\u00fcssen, denkt vielleicht dar\u00fcber nach, sich diese Vorteile durch eine Selbstst\u00e4ndigkeit dauerhaft zu sichern. Andererseits wurden w\u00e4hrend der Pandemie auch die Nachteile der &hellip; <\/p>\n<p class=\"link-more\"><a href=\"https:\/\/my-life.lu\/de\/soll-ich-mich-selbststaendig-machen-24012\/\" class=\"more-link\">Continue reading<span class=\"screen-reader-text\"> &#8220;Soll ich mich selbstst\u00e4ndig machen?&#8221;<\/span><\/a><\/p>\n","protected":false},"author":4,"featured_media":15021,"comment_status":"closed","ping_status":"closed","sticky":false,"template":"","format":"standard","meta":{"_et_pb_use_builder":"","_et_pb_old_content":"","_et_gb_content_width":"","footnotes":"","beyondwords_generate_audio":"","beyondwords_integration_method":"","beyondwords_project_id":"","beyondwords_content_id":"","beyondwords_preview_token":"","beyondwords_player_content":"","beyondwords_player_style":"","beyondwords_language_code":"","beyondwords_language_id":"","beyondwords_title_voice_id":"","beyondwords_body_voice_id":"","beyondwords_summary_voice_id":"","beyondwords_error_message":"","beyondwords_disabled":"","beyondwords_delete_content":"","beyondwords_podcast_id":"","beyondwords_hash":"","publish_post_to_speechkit":"","speechkit_hash":"","speechkit_generate_audio":"","speechkit_project_id":"","speechkit_podcast_id":"","speechkit_error_message":"","speechkit_disabled":"","speechkit_access_key":"","speechkit_error":"","speechkit_info":"","speechkit_response":"","speechkit_retries":"","speechkit_status":"","speechkit_updated_at":"","_speechkit_link":"","_speechkit_text":""},"categories":[169,18],"tags":[421,576],"class_list":["post-15024","post","type-post","status-publish","format-standard","has-post-thumbnail","hentry","category-unternehmer-und-geschaftsfuhrer-de","category-mycompany-de","tag-business-owner_de","tag-entrepreneurs-dirigeants-de","my_company"],"yoast_head":"<!-- This site is optimized with the Yoast SEO Premium plugin v27.3 (Yoast SEO v27.3) - https:\/\/yoast.com\/product\/yoast-seo-premium-wordpress\/ -->\n<title>Soll ich mich selbstst\u00e4ndig machen? - myLIFE<\/title>\n<meta name=\"description\" content=\"Eine selbstst\u00e4ndige T\u00e4tigkeit kann nach den Homeoffice-Erfahrungen verlockend sein, was die pers\u00f6nliche Freiheit betrifft. Doch es ist einiges zu beachten.\" \/>\n<meta name=\"robots\" content=\"index, follow, max-snippet:-1, max-image-preview:large, max-video-preview:-1\" \/>\n<link rel=\"canonical\" href=\"https:\/\/my-life.lu\/de\/soll-ich-mich-selbststaendig-machen-24012\/\" \/>\n<meta property=\"og:locale\" content=\"de_DE\" \/>\n<meta property=\"og:type\" content=\"article\" \/>\n<meta property=\"og:title\" content=\"Soll ich mich selbstst\u00e4ndig machen?\" \/>\n<meta property=\"og:description\" content=\"Eine selbstst\u00e4ndige T\u00e4tigkeit kann nach den Homeoffice-Erfahrungen verlockend sein, was die pers\u00f6nliche Freiheit betrifft. Doch es ist einiges zu beachten.\" \/>\n<meta property=\"og:url\" content=\"https:\/\/my-life.lu\/de\/soll-ich-mich-selbststaendig-machen-24012\/\" \/>\n<meta property=\"og:site_name\" content=\"myLIFE\" \/>\n<meta property=\"article:published_time\" content=\"2021-04-08T07:00:32+00:00\" \/>\n<meta property=\"article:modified_time\" content=\"2021-07-14T07:11:37+00:00\" \/>\n<meta property=\"og:image\" content=\"https:\/\/my-life.lu\/wp-content\/uploads\/2021\/04\/Article_24012.jpg\" \/>\n\t<meta property=\"og:image:width\" content=\"5787\" \/>\n\t<meta property=\"og:image:height\" content=\"3862\" \/>\n\t<meta property=\"og:image:type\" content=\"image\/jpeg\" \/>\n<meta name=\"author\" content=\"Compiled by myLIFE team\" \/>\n<meta name=\"twitter:card\" content=\"summary_large_image\" \/>\n<meta name=\"twitter:label1\" content=\"Verfasst von\" \/>\n\t<meta name=\"twitter:data1\" content=\"Gesammelt von myLIFE team\" \/>\n\t<meta name=\"twitter:label2\" content=\"Gesch\u00e4tzte Lesezeit\" \/>\n\t<meta name=\"twitter:data2\" content=\"5\u00a0Minuten\" \/>\n<script type=\"application\/ld+json\" class=\"yoast-schema-graph\">{\"@context\":\"https:\\\/\\\/schema.org\",\"@graph\":[{\"@type\":\"Article\",\"@id\":\"https:\\\/\\\/my-life.lu\\\/de\\\/soll-ich-mich-selbststaendig-machen-24012\\\/#article\",\"isPartOf\":{\"@id\":\"https:\\\/\\\/my-life.lu\\\/de\\\/soll-ich-mich-selbststaendig-machen-24012\\\/\"},\"author\":{\"name\":\"Compiled by myLIFE team\",\"@id\":\"https:\\\/\\\/my-life.lu\\\/de\\\/#\\\/schema\\\/person\\\/224f7e554674eb9534cbab8498cd369b\"},\"headline\":\"Soll ich mich selbstst\u00e4ndig machen?\",\"datePublished\":\"2021-04-08T07:00:32+00:00\",\"dateModified\":\"2021-07-14T07:11:37+00:00\",\"mainEntityOfPage\":{\"@id\":\"https:\\\/\\\/my-life.lu\\\/de\\\/soll-ich-mich-selbststaendig-machen-24012\\\/\"},\"wordCount\":1145,\"publisher\":{\"@id\":\"https:\\\/\\\/my-life.lu\\\/de\\\/#organization\"},\"image\":{\"@id\":\"https:\\\/\\\/my-life.lu\\\/de\\\/soll-ich-mich-selbststaendig-machen-24012\\\/#primaryimage\"},\"thumbnailUrl\":\"https:\\\/\\\/my-life.lu\\\/wp-content\\\/uploads\\\/2021\\\/04\\\/Article_24012.jpg\",\"keywords\":[\"Business Owner\",\"Unternehmer &amp; Gesch\u00e4ftsf\u00fchrer\"],\"articleSection\":[\"Unternehmer &amp; Gesch\u00e4ftsf\u00fchrer\",\"myCOMPANY\"],\"inLanguage\":\"de\"},{\"@type\":\"WebPage\",\"@id\":\"https:\\\/\\\/my-life.lu\\\/de\\\/soll-ich-mich-selbststaendig-machen-24012\\\/\",\"url\":\"https:\\\/\\\/my-life.lu\\\/de\\\/soll-ich-mich-selbststaendig-machen-24012\\\/\",\"name\":\"Soll ich mich selbstst\u00e4ndig machen? - myLIFE\",\"isPartOf\":{\"@id\":\"https:\\\/\\\/my-life.lu\\\/de\\\/#website\"},\"primaryImageOfPage\":{\"@id\":\"https:\\\/\\\/my-life.lu\\\/de\\\/soll-ich-mich-selbststaendig-machen-24012\\\/#primaryimage\"},\"image\":{\"@id\":\"https:\\\/\\\/my-life.lu\\\/de\\\/soll-ich-mich-selbststaendig-machen-24012\\\/#primaryimage\"},\"thumbnailUrl\":\"https:\\\/\\\/my-life.lu\\\/wp-content\\\/uploads\\\/2021\\\/04\\\/Article_24012.jpg\",\"datePublished\":\"2021-04-08T07:00:32+00:00\",\"dateModified\":\"2021-07-14T07:11:37+00:00\",\"description\":\"Eine selbstst\u00e4ndige T\u00e4tigkeit kann nach den Homeoffice-Erfahrungen verlockend sein, was die pers\u00f6nliche Freiheit betrifft. Doch es ist einiges zu beachten.\",\"breadcrumb\":{\"@id\":\"https:\\\/\\\/my-life.lu\\\/de\\\/soll-ich-mich-selbststaendig-machen-24012\\\/#breadcrumb\"},\"inLanguage\":\"de\",\"potentialAction\":[{\"@type\":\"ReadAction\",\"target\":[\"https:\\\/\\\/my-life.lu\\\/de\\\/soll-ich-mich-selbststaendig-machen-24012\\\/\"]}]},{\"@type\":\"ImageObject\",\"inLanguage\":\"de\",\"@id\":\"https:\\\/\\\/my-life.lu\\\/de\\\/soll-ich-mich-selbststaendig-machen-24012\\\/#primaryimage\",\"url\":\"https:\\\/\\\/my-life.lu\\\/wp-content\\\/uploads\\\/2021\\\/04\\\/Article_24012.jpg\",\"contentUrl\":\"https:\\\/\\\/my-life.lu\\\/wp-content\\\/uploads\\\/2021\\\/04\\\/Article_24012.jpg\",\"width\":5787,\"height\":3862},{\"@type\":\"BreadcrumbList\",\"@id\":\"https:\\\/\\\/my-life.lu\\\/de\\\/soll-ich-mich-selbststaendig-machen-24012\\\/#breadcrumb\",\"itemListElement\":[{\"@type\":\"ListItem\",\"position\":1,\"name\":\"Home\",\"item\":\"https:\\\/\\\/my-life.lu\\\/de\\\/\"},{\"@type\":\"ListItem\",\"position\":2,\"name\":\"Soll ich mich selbstst\u00e4ndig machen?\"}]},{\"@type\":\"WebSite\",\"@id\":\"https:\\\/\\\/my-life.lu\\\/de\\\/#website\",\"url\":\"https:\\\/\\\/my-life.lu\\\/de\\\/\",\"name\":\"myLIFE\",\"description\":\"\",\"publisher\":{\"@id\":\"https:\\\/\\\/my-life.lu\\\/de\\\/#organization\"},\"potentialAction\":[{\"@type\":\"SearchAction\",\"target\":{\"@type\":\"EntryPoint\",\"urlTemplate\":\"https:\\\/\\\/my-life.lu\\\/de\\\/?s={search_term_string}\"},\"query-input\":{\"@type\":\"PropertyValueSpecification\",\"valueRequired\":true,\"valueName\":\"search_term_string\"}}],\"inLanguage\":\"de\"},{\"@type\":\"Organization\",\"@id\":\"https:\\\/\\\/my-life.lu\\\/de\\\/#organization\",\"name\":\"myLIFE\",\"url\":\"https:\\\/\\\/my-life.lu\\\/de\\\/\",\"logo\":{\"@type\":\"ImageObject\",\"inLanguage\":\"de\",\"@id\":\"https:\\\/\\\/my-life.lu\\\/de\\\/#\\\/schema\\\/logo\\\/image\\\/\",\"url\":\"https:\\\/\\\/my-life.lu\\\/wp-content\\\/uploads\\\/2018\\\/07\\\/myLIFE_LOGO_violet-AMP2.png\",\"contentUrl\":\"https:\\\/\\\/my-life.lu\\\/wp-content\\\/uploads\\\/2018\\\/07\\\/myLIFE_LOGO_violet-AMP2.png\",\"width\":190,\"height\":36,\"caption\":\"myLIFE\"},\"image\":{\"@id\":\"https:\\\/\\\/my-life.lu\\\/de\\\/#\\\/schema\\\/logo\\\/image\\\/\"}},{\"@type\":\"Person\",\"@id\":\"https:\\\/\\\/my-life.lu\\\/de\\\/#\\\/schema\\\/person\\\/224f7e554674eb9534cbab8498cd369b\",\"name\":\"Compiled by myLIFE team\",\"image\":{\"@type\":\"ImageObject\",\"inLanguage\":\"de\",\"@id\":\"https:\\\/\\\/secure.gravatar.com\\\/avatar\\\/28b395d9b8d5c7e9757fb0c7315ee854d88aef3f02f0c439e5813c8149eb6ecb?s=96&d=mm&r=g\",\"url\":\"https:\\\/\\\/secure.gravatar.com\\\/avatar\\\/28b395d9b8d5c7e9757fb0c7315ee854d88aef3f02f0c439e5813c8149eb6ecb?s=96&d=mm&r=g\",\"contentUrl\":\"https:\\\/\\\/secure.gravatar.com\\\/avatar\\\/28b395d9b8d5c7e9757fb0c7315ee854d88aef3f02f0c439e5813c8149eb6ecb?s=96&d=mm&r=g\",\"caption\":\"Compiled by myLIFE team\"},\"url\":\"https:\\\/\\\/my-life.lu\\\/de\\\/author\\\/compiled-by-mylife-team\\\/\"}]}<\/script>\n<!-- \/ Yoast SEO Premium plugin. -->","yoast_head_json":{"title":"Soll ich mich selbstst\u00e4ndig machen? - myLIFE","description":"Eine selbstst\u00e4ndige T\u00e4tigkeit kann nach den Homeoffice-Erfahrungen verlockend sein, was die pers\u00f6nliche Freiheit betrifft. Doch es ist einiges zu beachten.","robots":{"index":"index","follow":"follow","max-snippet":"max-snippet:-1","max-image-preview":"max-image-preview:large","max-video-preview":"max-video-preview:-1"},"canonical":"https:\/\/my-life.lu\/de\/soll-ich-mich-selbststaendig-machen-24012\/","og_locale":"de_DE","og_type":"article","og_title":"Soll ich mich selbstst\u00e4ndig machen?","og_description":"Eine selbstst\u00e4ndige T\u00e4tigkeit kann nach den Homeoffice-Erfahrungen verlockend sein, was die pers\u00f6nliche Freiheit betrifft. Doch es ist einiges zu beachten.","og_url":"https:\/\/my-life.lu\/de\/soll-ich-mich-selbststaendig-machen-24012\/","og_site_name":"myLIFE","article_published_time":"2021-04-08T07:00:32+00:00","article_modified_time":"2021-07-14T07:11:37+00:00","og_image":[{"width":5787,"height":3862,"url":"https:\/\/my-life.lu\/wp-content\/uploads\/2021\/04\/Article_24012.jpg","type":"image\/jpeg"}],"author":"Compiled by myLIFE team","twitter_card":"summary_large_image","twitter_misc":{"Verfasst von":"Gesammelt von myLIFE team","Gesch\u00e4tzte Lesezeit":"5\u00a0Minuten"},"schema":{"@context":"https:\/\/schema.org","@graph":[{"@type":"Article","@id":"https:\/\/my-life.lu\/de\/soll-ich-mich-selbststaendig-machen-24012\/#article","isPartOf":{"@id":"https:\/\/my-life.lu\/de\/soll-ich-mich-selbststaendig-machen-24012\/"},"author":{"name":"Compiled by myLIFE team","@id":"https:\/\/my-life.lu\/de\/#\/schema\/person\/224f7e554674eb9534cbab8498cd369b"},"headline":"Soll ich mich selbstst\u00e4ndig machen?","datePublished":"2021-04-08T07:00:32+00:00","dateModified":"2021-07-14T07:11:37+00:00","mainEntityOfPage":{"@id":"https:\/\/my-life.lu\/de\/soll-ich-mich-selbststaendig-machen-24012\/"},"wordCount":1145,"publisher":{"@id":"https:\/\/my-life.lu\/de\/#organization"},"image":{"@id":"https:\/\/my-life.lu\/de\/soll-ich-mich-selbststaendig-machen-24012\/#primaryimage"},"thumbnailUrl":"https:\/\/my-life.lu\/wp-content\/uploads\/2021\/04\/Article_24012.jpg","keywords":["Business Owner","Unternehmer &amp; Gesch\u00e4ftsf\u00fchrer"],"articleSection":["Unternehmer &amp; Gesch\u00e4ftsf\u00fchrer","myCOMPANY"],"inLanguage":"de"},{"@type":"WebPage","@id":"https:\/\/my-life.lu\/de\/soll-ich-mich-selbststaendig-machen-24012\/","url":"https:\/\/my-life.lu\/de\/soll-ich-mich-selbststaendig-machen-24012\/","name":"Soll ich mich selbstst\u00e4ndig machen? - myLIFE","isPartOf":{"@id":"https:\/\/my-life.lu\/de\/#website"},"primaryImageOfPage":{"@id":"https:\/\/my-life.lu\/de\/soll-ich-mich-selbststaendig-machen-24012\/#primaryimage"},"image":{"@id":"https:\/\/my-life.lu\/de\/soll-ich-mich-selbststaendig-machen-24012\/#primaryimage"},"thumbnailUrl":"https:\/\/my-life.lu\/wp-content\/uploads\/2021\/04\/Article_24012.jpg","datePublished":"2021-04-08T07:00:32+00:00","dateModified":"2021-07-14T07:11:37+00:00","description":"Eine selbstst\u00e4ndige T\u00e4tigkeit kann nach den Homeoffice-Erfahrungen verlockend sein, was die pers\u00f6nliche Freiheit betrifft. Doch es ist einiges zu beachten.","breadcrumb":{"@id":"https:\/\/my-life.lu\/de\/soll-ich-mich-selbststaendig-machen-24012\/#breadcrumb"},"inLanguage":"de","potentialAction":[{"@type":"ReadAction","target":["https:\/\/my-life.lu\/de\/soll-ich-mich-selbststaendig-machen-24012\/"]}]},{"@type":"ImageObject","inLanguage":"de","@id":"https:\/\/my-life.lu\/de\/soll-ich-mich-selbststaendig-machen-24012\/#primaryimage","url":"https:\/\/my-life.lu\/wp-content\/uploads\/2021\/04\/Article_24012.jpg","contentUrl":"https:\/\/my-life.lu\/wp-content\/uploads\/2021\/04\/Article_24012.jpg","width":5787,"height":3862},{"@type":"BreadcrumbList","@id":"https:\/\/my-life.lu\/de\/soll-ich-mich-selbststaendig-machen-24012\/#breadcrumb","itemListElement":[{"@type":"ListItem","position":1,"name":"Home","item":"https:\/\/my-life.lu\/de\/"},{"@type":"ListItem","position":2,"name":"Soll ich mich selbstst\u00e4ndig machen?"}]},{"@type":"WebSite","@id":"https:\/\/my-life.lu\/de\/#website","url":"https:\/\/my-life.lu\/de\/","name":"myLIFE","description":"","publisher":{"@id":"https:\/\/my-life.lu\/de\/#organization"},"potentialAction":[{"@type":"SearchAction","target":{"@type":"EntryPoint","urlTemplate":"https:\/\/my-life.lu\/de\/?s={search_term_string}"},"query-input":{"@type":"PropertyValueSpecification","valueRequired":true,"valueName":"search_term_string"}}],"inLanguage":"de"},{"@type":"Organization","@id":"https:\/\/my-life.lu\/de\/#organization","name":"myLIFE","url":"https:\/\/my-life.lu\/de\/","logo":{"@type":"ImageObject","inLanguage":"de","@id":"https:\/\/my-life.lu\/de\/#\/schema\/logo\/image\/","url":"https:\/\/my-life.lu\/wp-content\/uploads\/2018\/07\/myLIFE_LOGO_violet-AMP2.png","contentUrl":"https:\/\/my-life.lu\/wp-content\/uploads\/2018\/07\/myLIFE_LOGO_violet-AMP2.png","width":190,"height":36,"caption":"myLIFE"},"image":{"@id":"https:\/\/my-life.lu\/de\/#\/schema\/logo\/image\/"}},{"@type":"Person","@id":"https:\/\/my-life.lu\/de\/#\/schema\/person\/224f7e554674eb9534cbab8498cd369b","name":"Compiled by myLIFE team","image":{"@type":"ImageObject","inLanguage":"de","@id":"https:\/\/secure.gravatar.com\/avatar\/28b395d9b8d5c7e9757fb0c7315ee854d88aef3f02f0c439e5813c8149eb6ecb?s=96&d=mm&r=g","url":"https:\/\/secure.gravatar.com\/avatar\/28b395d9b8d5c7e9757fb0c7315ee854d88aef3f02f0c439e5813c8149eb6ecb?s=96&d=mm&r=g","contentUrl":"https:\/\/secure.gravatar.com\/avatar\/28b395d9b8d5c7e9757fb0c7315ee854d88aef3f02f0c439e5813c8149eb6ecb?s=96&d=mm&r=g","caption":"Compiled by myLIFE team"},"url":"https:\/\/my-life.lu\/de\/author\/compiled-by-mylife-team\/"}]}},"_links":{"self":[{"href":"https:\/\/my-life.lu\/de\/wp-json\/wp\/v2\/posts\/15024","targetHints":{"allow":["GET"]}}],"collection":[{"href":"https:\/\/my-life.lu\/de\/wp-json\/wp\/v2\/posts"}],"about":[{"href":"https:\/\/my-life.lu\/de\/wp-json\/wp\/v2\/types\/post"}],"author":[{"embeddable":true,"href":"https:\/\/my-life.lu\/de\/wp-json\/wp\/v2\/users\/4"}],"replies":[{"embeddable":true,"href":"https:\/\/my-life.lu\/de\/wp-json\/wp\/v2\/comments?post=15024"}],"version-history":[{"count":4,"href":"https:\/\/my-life.lu\/de\/wp-json\/wp\/v2\/posts\/15024\/revisions"}],"predecessor-version":[{"id":15753,"href":"https:\/\/my-life.lu\/de\/wp-json\/wp\/v2\/posts\/15024\/revisions\/15753"}],"wp:featuredmedia":[{"embeddable":true,"href":"https:\/\/my-life.lu\/de\/wp-json\/wp\/v2\/media\/15021"}],"wp:attachment":[{"href":"https:\/\/my-life.lu\/de\/wp-json\/wp\/v2\/media?parent=15024"}],"wp:term":[{"taxonomy":"category","embeddable":true,"href":"https:\/\/my-life.lu\/de\/wp-json\/wp\/v2\/categories?post=15024"},{"taxonomy":"post_tag","embeddable":true,"href":"https:\/\/my-life.lu\/de\/wp-json\/wp\/v2\/tags?post=15024"}],"curies":[{"name":"wp","href":"https:\/\/api.w.org\/{rel}","templated":true}]}}