{"id":1679,"date":"2017-07-28T15:46:23","date_gmt":"2017-07-28T13:46:23","guid":{"rendered":"https:\/\/my-life.lu\/?p=1679\/"},"modified":"2026-04-01T08:56:59","modified_gmt":"2026-04-01T06:56:59","slug":"testament-wie-und-fuer-wen-40006","status":"publish","type":"post","link":"https:\/\/my-life.lu\/de\/testament-wie-und-fuer-wen-40006\/","title":{"rendered":"Testament: wie und f\u00fcr wen?"},"content":{"rendered":"<p class=\"entete\">Das Testament ist ein einseitiges Rechtsgesch\u00e4ft, mit dem Sie Ihr Verm\u00f6gen an die von Ihnen ausgew\u00e4hlten nat\u00fcrlichen oder juristischen Personen \u00fcbertragen k\u00f6nnen. Dabei gelten jedoch bestimmte gesetzliche Beschr\u00e4nkungen, insbesondere im Zusammenhang mit den gesetzlichen Erben. Informieren Sie sich ganz einfach \u00fcber das Testament nach luxemburgischem Recht.<\/p>\n<p>Wenn kein Testament vorliegt, wird das <span style=\"text-decoration: underline;\"><strong><a href=\"https:\/\/my-life.lu\/de\/die-entwicklung-ihres-vermoegens-einschaetzen-und-planen-41001\/\" target=\"_blank\" rel=\"noopener\">Verm\u00f6gen<\/a><\/strong><\/span> gem\u00e4\u00df den gesetzlich vorgesehenen Regeln aufgeteilt. Je nach Ihrem <span style=\"text-decoration: underline;\"><strong><a href=\"https:\/\/my-life.lu\/de\/nachlass-die-aufhebung-des-ehelichen-gueterstandes-40003\/\" target=\"_blank\" rel=\"noopener\">Familienstand<\/a><\/strong><\/span>, und insbesondere im Falle einer eingetragenen Partnerschaft, kann sich dieses Dokument als besonders wichtig erweisen, um den Erbanteil Ihres Partners sicherzustellen.<\/p>\n<h2 id=\"h2_0\"  class=\"title-1\">Wer kann ein Testament machen?<\/h2>\n<p><strong>Jede nat\u00fcrliche Person kann ein Testament machen, sofern:<\/strong><\/p>\n<ul>\n<li style=\"list-style-type: none;\">\n<ul class=\"list-check\">\n<li>Sie geistig gesund und in der Lage ist, ihren Willen frei und rechtsg\u00fcltig zu erkl\u00e4ren;<\/li>\n<li>Sie \u00e4lter als 16 Jahre ist. Minderj\u00e4hrige zwischen 16 und 18 Jahren k\u00f6nnen nur \u00fcber die H\u00e4lfte des Verm\u00f6gens verf\u00fcgen, \u00fcber das von Rechts wegen Vollj\u00e4hrige verf\u00fcgen k\u00f6nnen.<\/li>\n<\/ul>\n<\/li>\n<\/ul>\n<h2 id=\"h2_1\"  class=\"title-1\">Arten von Testamenten<\/h2>\n<p>Das Testament ist ein formgebundener Rechtsakt, der zu seiner Rechtsg\u00fcltigkeit ein Schriftst\u00fcck erfordert. Es gibt drei Arten von Testamenten.<\/p>\n<p><b>Das notariell beglaubigte Testament oder Testament in \u00f6ffentlicher Urkunde muss:<\/b><\/p>\n<ul>\n<li style=\"list-style-type: none;\">\n<ul class=\"list-check\">\n<li>vor einem Notar und zwei Zeugen oder vor zwei Notaren erfolgen;<\/li>\n<li>von dem Testator eigenh\u00e4ndig unterzeichnet werden;<\/li>\n<li>von dem Notar aufgesetzt werden (von dem Testator diktiert werden).<\/li>\n<\/ul>\n<\/li>\n<\/ul>\n<p><b>Das handschriftliche Testament muss:<\/b><\/p>\n<ul>\n<li style=\"list-style-type: none;\">\n<ul class=\"list-check\">\n<li>von dem Testator komplett eigenh\u00e4ndig verfasst werden;<\/li>\n<li>datiert und unterzeichnet werden.<\/li>\n<\/ul>\n<\/li>\n<\/ul>\n<p><b>Das geheime Testament.<\/b><\/p>\n<ul>\n<li style=\"list-style-type: none;\">\n<ul>\n<li>Hierbei handelt es sich um ein Schriftst\u00fcck, das der Testator unterzeichnet und in Gegenwart von zwei Zeugen einem Notar in einem verschlossenen und versiegelten Beh\u00e4ltnis \u00fcbergibt. Der Notar erstellt dann eine notarielle Unterzeichnungsurkunde, die von dem Testator, dem Notar und den beiden Zeugen unterzeichnet werden muss.<\/li>\n<\/ul>\n<\/li>\n<\/ul>\n<p>Auch wenn das handschriftliche Testament einfacher zu verfassen und kosteng\u00fcnstiger ist, hat die Mitwirkung eines Notars beim Aufsetzen eines notariell beglaubigten Testaments den Vorteil, dass formelle oder materielle Fehler vermieden werden, durch die Ihr letzter Wille ung\u00fcltig werden k\u00f6nnte.<\/p>\n<p>Unabh\u00e4ngig von der gew\u00e4hlten Form der Nachlassregelung steht es Ihnen jederzeit frei, Ihr Testament zu \u00e4ndern oder zu widerrufen, sofern die gesetzlichen Vorschriften eingehalten werden. Es ist zu beachten, dass ein notarielles Testament grunds\u00e4tzlich nur durch ein neues notarielles Testament widerrufen werden kann, sofern das Gesetz keine Ausnahmen vorsieht*.<\/p>\n<p><strong>Gut zu wissen: <\/strong>Achten Sie darauf, Ihr Testament nicht in Ihrem <a href=\"https:\/\/my-life.lu\/de\/was-passiert-mit-bankkonten-im-todesfall-50050\/\" target=\"_blank\" rel=\"noopener\"><span style=\"text-decoration: underline;\"><strong>Bankschlie\u00dffach<\/strong> <\/span><\/a>aufzubewahren, denn solange das Bankschlie\u00dffach verschlossen ist, kann niemand hierauf zugreifen. Wenn die Bestandsaufnahme des Bankschlie\u00dffachs erfolgt und das Testament entdeckt wird, wird der Notar den gesamten Inhalt des Schlie\u00dffachs einschlie\u00dflich des sich darin befindlichen Testaments dem Nachlassinventar zuf\u00fchren, sodass das Testament erneut unzug\u00e4nglich ist. Nur ein Notar kann dann vom Inhalt des Testaments Kenntnis nehmen.<\/p>\n<h2 id=\"h2_2\"  class=\"title-1\">Wer kann in einem Testament bedacht werden?<\/h2>\n<ul>\n<li style=\"list-style-type: none;\">\n<ul class=\"list-check\">\n<li>Jede Person, die sp\u00e4testens am Tag des Todes des Verstorbenen empfangen ist, sofern sie lebend und lebensf\u00e4hig geboren wird.<\/li>\n<li>Jede Person, die nicht unter eine Beschr\u00e4nkung des luxemburgischen B\u00fcrgerlichen Gesetzbuchs (Code Civil) f\u00e4llt (\u00c4rzte, Pflegepersonal oder Apotheker, die den Verstorbenen bei der letzten Krankheit, an der dieser verstorben ist, betreut haben).<\/li>\n<li>Jede Person, die nicht erbunw\u00fcrdig ist (z.B. eine Person, die mit dem Tod des Verstorbenen zu tun hat).<\/li>\n<\/ul>\n<\/li>\n<\/ul>\n<p><span style=\"font-size: 10pt;\">* Nach luxemburgischem Recht (gem\u00e4\u00df Artikel 1035 ff. des Zivilgesetzbuchs) kann ein \u00f6ffentliches Testament nicht nur durch ein neues \u00f6ffentliches Testament widerrufen werden, sondern auch durch jedes sp\u00e4tere g\u00fcltige Testament (eigenh\u00e4ndiges oder notarielles Testament), durch ausdr\u00fccklichen oder stillschweigenden Widerruf aufgrund unvereinbarer Bestimmungen sowie durch die Ver\u00e4u\u00dferung des vermachten Verm\u00f6gensgegenstands. Die \u00f6ffentliche Form ist daher f\u00fcr den Widerruf nicht zwingend erforderlich, da das Gesetz die Testamentsformen in dieser Hinsicht nicht hierarchisiert.<\/span><\/p>\n","protected":false},"excerpt":{"rendered":"<p>Das Testament ist ein einseitiges Rechtsgesch\u00e4ft, mit dem Sie Ihr Verm\u00f6gen an die von Ihnen ausgew\u00e4hlten nat\u00fcrlichen oder juristischen Personen \u00fcbertragen k\u00f6nnen. Dabei gelten jedoch bestimmte gesetzliche Beschr\u00e4nkungen, insbesondere im Zusammenhang mit den gesetzlichen Erben. Informieren Sie sich ganz einfach \u00fcber das Testament nach luxemburgischem Recht. Wenn kein Testament vorliegt, wird das Verm\u00f6gen gem\u00e4\u00df den &hellip; <\/p>\n<p class=\"link-more\"><a href=\"https:\/\/my-life.lu\/de\/testament-wie-und-fuer-wen-40006\/\" class=\"more-link\">Continue reading<span class=\"screen-reader-text\"> &#8220;Testament: wie und f\u00fcr wen?&#8221;<\/span><\/a><\/p>\n","protected":false},"author":4,"featured_media":4388,"comment_status":"closed","ping_status":"closed","sticky":false,"template":"","format":"standard","meta":{"_et_pb_use_builder":"","_et_pb_old_content":"","_et_gb_content_width":"","footnotes":"","beyondwords_generate_audio":"1","beyondwords_integration_method":"rest-api","beyondwords_project_id":"44704","beyondwords_content_id":"b5870c53-d411-45ee-8c83-a5bc1f5de24a","beyondwords_preview_token":"61aff6c3-91e1-4090-ba7a-817d9524d899","beyondwords_player_content":"","beyondwords_player_style":"standard","beyondwords_language_code":"de_DE","beyondwords_language_id":"","beyondwords_title_voice_id":"1929","beyondwords_body_voice_id":"1929","beyondwords_summary_voice_id":"1929","beyondwords_error_message":"","beyondwords_disabled":"","beyondwords_delete_content":"","beyondwords_podcast_id":"","beyondwords_hash":"","publish_post_to_speechkit":"","speechkit_hash":"","speechkit_generate_audio":"","speechkit_project_id":"","speechkit_podcast_id":"","speechkit_error_message":"","speechkit_disabled":"","speechkit_access_key":"","speechkit_error":"","speechkit_info":"","speechkit_response":"","speechkit_retries":"","speechkit_status":"","speechkit_updated_at":"","_speechkit_link":"","_speechkit_text":""},"categories":[14,201],"tags":[426,451],"class_list":["post-1679","post","type-post","status-publish","format-standard","has-post-thumbnail","hentry","category-mywealth-de","category-nachlass-de","tag-lebensversicherung","tag-nachlass","my_wealth"],"yoast_head":"<!-- This site is optimized with the Yoast SEO Premium plugin v27.3 (Yoast SEO v27.3) - https:\/\/yoast.com\/product\/yoast-seo-premium-wordpress\/ -->\n<title>Testament: wie und f\u00fcr wen? - myLIFE<\/title>\n<meta name=\"description\" content=\"Das Testament ist ein Rechtsgesch\u00e4ft, mit dem das Verm\u00f6gen an die ausgew\u00e4hlten nat\u00fcrlichen oder juristischen Personen \u00fcbertragen werden kann.\" \/>\n<meta name=\"robots\" content=\"index, follow, max-snippet:-1, max-image-preview:large, max-video-preview:-1\" \/>\n<link rel=\"canonical\" href=\"https:\/\/my-life.lu\/de\/testament-wie-und-fuer-wen-40006\/\" \/>\n<meta property=\"og:locale\" content=\"de_DE\" \/>\n<meta property=\"og:type\" content=\"article\" \/>\n<meta property=\"og:title\" content=\"Testament: wie und f\u00fcr wen?\" \/>\n<meta property=\"og:description\" content=\"Das Testament ist ein Rechtsgesch\u00e4ft, mit dem das Verm\u00f6gen an die ausgew\u00e4hlten nat\u00fcrlichen oder juristischen Personen \u00fcbertragen werden kann.\" \/>\n<meta property=\"og:url\" content=\"https:\/\/my-life.lu\/de\/testament-wie-und-fuer-wen-40006\/\" \/>\n<meta property=\"og:site_name\" content=\"myLIFE\" \/>\n<meta property=\"article:published_time\" content=\"2017-07-28T13:46:23+00:00\" \/>\n<meta property=\"article:modified_time\" content=\"2026-04-01T06:56:59+00:00\" \/>\n<meta property=\"og:image\" content=\"https:\/\/my-life.lu\/wp-content\/uploads\/2017\/07\/Article_40006.jpg\" \/>\n\t<meta property=\"og:image:width\" content=\"1950\" \/>\n\t<meta property=\"og:image:height\" content=\"1053\" \/>\n\t<meta property=\"og:image:type\" content=\"image\/jpeg\" \/>\n<meta name=\"author\" content=\"Compiled by myLIFE team\" \/>\n<meta name=\"twitter:card\" content=\"summary_large_image\" \/>\n<meta name=\"twitter:label1\" content=\"Verfasst von\" \/>\n\t<meta name=\"twitter:data1\" content=\"Gesammelt von myLIFE team\" \/>\n\t<meta name=\"twitter:label2\" content=\"Gesch\u00e4tzte Lesezeit\" \/>\n\t<meta name=\"twitter:data2\" content=\"4\u00a0Minuten\" \/>\n<script type=\"application\/ld+json\" class=\"yoast-schema-graph\">{\"@context\":\"https:\\\/\\\/schema.org\",\"@graph\":[{\"@type\":\"Article\",\"@id\":\"https:\\\/\\\/my-life.lu\\\/de\\\/testament-wie-und-fuer-wen-40006\\\/#article\",\"isPartOf\":{\"@id\":\"https:\\\/\\\/my-life.lu\\\/de\\\/testament-wie-und-fuer-wen-40006\\\/\"},\"author\":{\"name\":\"Compiled by myLIFE team\",\"@id\":\"https:\\\/\\\/my-life.lu\\\/de\\\/#\\\/schema\\\/person\\\/224f7e554674eb9534cbab8498cd369b\"},\"headline\":\"Testament: wie und f\u00fcr wen?\",\"datePublished\":\"2017-07-28T13:46:23+00:00\",\"dateModified\":\"2026-04-01T06:56:59+00:00\",\"mainEntityOfPage\":{\"@id\":\"https:\\\/\\\/my-life.lu\\\/de\\\/testament-wie-und-fuer-wen-40006\\\/\"},\"wordCount\":618,\"publisher\":{\"@id\":\"https:\\\/\\\/my-life.lu\\\/de\\\/#organization\"},\"image\":{\"@id\":\"https:\\\/\\\/my-life.lu\\\/de\\\/testament-wie-und-fuer-wen-40006\\\/#primaryimage\"},\"thumbnailUrl\":\"https:\\\/\\\/my-life.lu\\\/wp-content\\\/uploads\\\/2017\\\/07\\\/Article_40006.jpg\",\"keywords\":[\"Lebensversicherung\",\"Nachlass\"],\"articleSection\":[\"myWEALTH\",\"Nachlass\"],\"inLanguage\":\"de\"},{\"@type\":\"WebPage\",\"@id\":\"https:\\\/\\\/my-life.lu\\\/de\\\/testament-wie-und-fuer-wen-40006\\\/\",\"url\":\"https:\\\/\\\/my-life.lu\\\/de\\\/testament-wie-und-fuer-wen-40006\\\/\",\"name\":\"Testament: wie und f\u00fcr wen? - myLIFE\",\"isPartOf\":{\"@id\":\"https:\\\/\\\/my-life.lu\\\/de\\\/#website\"},\"primaryImageOfPage\":{\"@id\":\"https:\\\/\\\/my-life.lu\\\/de\\\/testament-wie-und-fuer-wen-40006\\\/#primaryimage\"},\"image\":{\"@id\":\"https:\\\/\\\/my-life.lu\\\/de\\\/testament-wie-und-fuer-wen-40006\\\/#primaryimage\"},\"thumbnailUrl\":\"https:\\\/\\\/my-life.lu\\\/wp-content\\\/uploads\\\/2017\\\/07\\\/Article_40006.jpg\",\"datePublished\":\"2017-07-28T13:46:23+00:00\",\"dateModified\":\"2026-04-01T06:56:59+00:00\",\"description\":\"Das Testament ist ein Rechtsgesch\u00e4ft, mit dem das Verm\u00f6gen an die ausgew\u00e4hlten nat\u00fcrlichen oder juristischen Personen \u00fcbertragen werden kann.\",\"breadcrumb\":{\"@id\":\"https:\\\/\\\/my-life.lu\\\/de\\\/testament-wie-und-fuer-wen-40006\\\/#breadcrumb\"},\"inLanguage\":\"de\",\"potentialAction\":[{\"@type\":\"ReadAction\",\"target\":[\"https:\\\/\\\/my-life.lu\\\/de\\\/testament-wie-und-fuer-wen-40006\\\/\"]}]},{\"@type\":\"ImageObject\",\"inLanguage\":\"de\",\"@id\":\"https:\\\/\\\/my-life.lu\\\/de\\\/testament-wie-und-fuer-wen-40006\\\/#primaryimage\",\"url\":\"https:\\\/\\\/my-life.lu\\\/wp-content\\\/uploads\\\/2017\\\/07\\\/Article_40006.jpg\",\"contentUrl\":\"https:\\\/\\\/my-life.lu\\\/wp-content\\\/uploads\\\/2017\\\/07\\\/Article_40006.jpg\",\"width\":1950,\"height\":1053},{\"@type\":\"BreadcrumbList\",\"@id\":\"https:\\\/\\\/my-life.lu\\\/de\\\/testament-wie-und-fuer-wen-40006\\\/#breadcrumb\",\"itemListElement\":[{\"@type\":\"ListItem\",\"position\":1,\"name\":\"Home\",\"item\":\"https:\\\/\\\/my-life.lu\\\/de\\\/\"},{\"@type\":\"ListItem\",\"position\":2,\"name\":\"Testament: wie und f\u00fcr wen?\"}]},{\"@type\":\"WebSite\",\"@id\":\"https:\\\/\\\/my-life.lu\\\/de\\\/#website\",\"url\":\"https:\\\/\\\/my-life.lu\\\/de\\\/\",\"name\":\"myLIFE\",\"description\":\"\",\"publisher\":{\"@id\":\"https:\\\/\\\/my-life.lu\\\/de\\\/#organization\"},\"potentialAction\":[{\"@type\":\"SearchAction\",\"target\":{\"@type\":\"EntryPoint\",\"urlTemplate\":\"https:\\\/\\\/my-life.lu\\\/de\\\/?s={search_term_string}\"},\"query-input\":{\"@type\":\"PropertyValueSpecification\",\"valueRequired\":true,\"valueName\":\"search_term_string\"}}],\"inLanguage\":\"de\"},{\"@type\":\"Organization\",\"@id\":\"https:\\\/\\\/my-life.lu\\\/de\\\/#organization\",\"name\":\"myLIFE\",\"url\":\"https:\\\/\\\/my-life.lu\\\/de\\\/\",\"logo\":{\"@type\":\"ImageObject\",\"inLanguage\":\"de\",\"@id\":\"https:\\\/\\\/my-life.lu\\\/de\\\/#\\\/schema\\\/logo\\\/image\\\/\",\"url\":\"https:\\\/\\\/my-life.lu\\\/wp-content\\\/uploads\\\/2018\\\/07\\\/myLIFE_LOGO_violet-AMP2.png\",\"contentUrl\":\"https:\\\/\\\/my-life.lu\\\/wp-content\\\/uploads\\\/2018\\\/07\\\/myLIFE_LOGO_violet-AMP2.png\",\"width\":190,\"height\":36,\"caption\":\"myLIFE\"},\"image\":{\"@id\":\"https:\\\/\\\/my-life.lu\\\/de\\\/#\\\/schema\\\/logo\\\/image\\\/\"}},{\"@type\":\"Person\",\"@id\":\"https:\\\/\\\/my-life.lu\\\/de\\\/#\\\/schema\\\/person\\\/224f7e554674eb9534cbab8498cd369b\",\"name\":\"Compiled by myLIFE team\",\"image\":{\"@type\":\"ImageObject\",\"inLanguage\":\"de\",\"@id\":\"https:\\\/\\\/secure.gravatar.com\\\/avatar\\\/28b395d9b8d5c7e9757fb0c7315ee854d88aef3f02f0c439e5813c8149eb6ecb?s=96&d=mm&r=g\",\"url\":\"https:\\\/\\\/secure.gravatar.com\\\/avatar\\\/28b395d9b8d5c7e9757fb0c7315ee854d88aef3f02f0c439e5813c8149eb6ecb?s=96&d=mm&r=g\",\"contentUrl\":\"https:\\\/\\\/secure.gravatar.com\\\/avatar\\\/28b395d9b8d5c7e9757fb0c7315ee854d88aef3f02f0c439e5813c8149eb6ecb?s=96&d=mm&r=g\",\"caption\":\"Compiled by myLIFE team\"},\"url\":\"https:\\\/\\\/my-life.lu\\\/de\\\/author\\\/compiled-by-mylife-team\\\/\"}]}<\/script>\n<!-- \/ Yoast SEO Premium plugin. -->","yoast_head_json":{"title":"Testament: wie und f\u00fcr wen? - myLIFE","description":"Das Testament ist ein Rechtsgesch\u00e4ft, mit dem das Verm\u00f6gen an die ausgew\u00e4hlten nat\u00fcrlichen oder juristischen Personen \u00fcbertragen werden kann.","robots":{"index":"index","follow":"follow","max-snippet":"max-snippet:-1","max-image-preview":"max-image-preview:large","max-video-preview":"max-video-preview:-1"},"canonical":"https:\/\/my-life.lu\/de\/testament-wie-und-fuer-wen-40006\/","og_locale":"de_DE","og_type":"article","og_title":"Testament: wie und f\u00fcr wen?","og_description":"Das Testament ist ein Rechtsgesch\u00e4ft, mit dem das Verm\u00f6gen an die ausgew\u00e4hlten nat\u00fcrlichen oder juristischen Personen \u00fcbertragen werden kann.","og_url":"https:\/\/my-life.lu\/de\/testament-wie-und-fuer-wen-40006\/","og_site_name":"myLIFE","article_published_time":"2017-07-28T13:46:23+00:00","article_modified_time":"2026-04-01T06:56:59+00:00","og_image":[{"width":1950,"height":1053,"url":"https:\/\/my-life.lu\/wp-content\/uploads\/2017\/07\/Article_40006.jpg","type":"image\/jpeg"}],"author":"Compiled by myLIFE team","twitter_card":"summary_large_image","twitter_misc":{"Verfasst von":"Gesammelt von myLIFE team","Gesch\u00e4tzte Lesezeit":"4\u00a0Minuten"},"schema":{"@context":"https:\/\/schema.org","@graph":[{"@type":"Article","@id":"https:\/\/my-life.lu\/de\/testament-wie-und-fuer-wen-40006\/#article","isPartOf":{"@id":"https:\/\/my-life.lu\/de\/testament-wie-und-fuer-wen-40006\/"},"author":{"name":"Compiled by myLIFE team","@id":"https:\/\/my-life.lu\/de\/#\/schema\/person\/224f7e554674eb9534cbab8498cd369b"},"headline":"Testament: wie und f\u00fcr wen?","datePublished":"2017-07-28T13:46:23+00:00","dateModified":"2026-04-01T06:56:59+00:00","mainEntityOfPage":{"@id":"https:\/\/my-life.lu\/de\/testament-wie-und-fuer-wen-40006\/"},"wordCount":618,"publisher":{"@id":"https:\/\/my-life.lu\/de\/#organization"},"image":{"@id":"https:\/\/my-life.lu\/de\/testament-wie-und-fuer-wen-40006\/#primaryimage"},"thumbnailUrl":"https:\/\/my-life.lu\/wp-content\/uploads\/2017\/07\/Article_40006.jpg","keywords":["Lebensversicherung","Nachlass"],"articleSection":["myWEALTH","Nachlass"],"inLanguage":"de"},{"@type":"WebPage","@id":"https:\/\/my-life.lu\/de\/testament-wie-und-fuer-wen-40006\/","url":"https:\/\/my-life.lu\/de\/testament-wie-und-fuer-wen-40006\/","name":"Testament: wie und f\u00fcr wen? - myLIFE","isPartOf":{"@id":"https:\/\/my-life.lu\/de\/#website"},"primaryImageOfPage":{"@id":"https:\/\/my-life.lu\/de\/testament-wie-und-fuer-wen-40006\/#primaryimage"},"image":{"@id":"https:\/\/my-life.lu\/de\/testament-wie-und-fuer-wen-40006\/#primaryimage"},"thumbnailUrl":"https:\/\/my-life.lu\/wp-content\/uploads\/2017\/07\/Article_40006.jpg","datePublished":"2017-07-28T13:46:23+00:00","dateModified":"2026-04-01T06:56:59+00:00","description":"Das Testament ist ein Rechtsgesch\u00e4ft, mit dem das Verm\u00f6gen an die ausgew\u00e4hlten nat\u00fcrlichen oder juristischen Personen \u00fcbertragen werden kann.","breadcrumb":{"@id":"https:\/\/my-life.lu\/de\/testament-wie-und-fuer-wen-40006\/#breadcrumb"},"inLanguage":"de","potentialAction":[{"@type":"ReadAction","target":["https:\/\/my-life.lu\/de\/testament-wie-und-fuer-wen-40006\/"]}]},{"@type":"ImageObject","inLanguage":"de","@id":"https:\/\/my-life.lu\/de\/testament-wie-und-fuer-wen-40006\/#primaryimage","url":"https:\/\/my-life.lu\/wp-content\/uploads\/2017\/07\/Article_40006.jpg","contentUrl":"https:\/\/my-life.lu\/wp-content\/uploads\/2017\/07\/Article_40006.jpg","width":1950,"height":1053},{"@type":"BreadcrumbList","@id":"https:\/\/my-life.lu\/de\/testament-wie-und-fuer-wen-40006\/#breadcrumb","itemListElement":[{"@type":"ListItem","position":1,"name":"Home","item":"https:\/\/my-life.lu\/de\/"},{"@type":"ListItem","position":2,"name":"Testament: wie und f\u00fcr wen?"}]},{"@type":"WebSite","@id":"https:\/\/my-life.lu\/de\/#website","url":"https:\/\/my-life.lu\/de\/","name":"myLIFE","description":"","publisher":{"@id":"https:\/\/my-life.lu\/de\/#organization"},"potentialAction":[{"@type":"SearchAction","target":{"@type":"EntryPoint","urlTemplate":"https:\/\/my-life.lu\/de\/?s={search_term_string}"},"query-input":{"@type":"PropertyValueSpecification","valueRequired":true,"valueName":"search_term_string"}}],"inLanguage":"de"},{"@type":"Organization","@id":"https:\/\/my-life.lu\/de\/#organization","name":"myLIFE","url":"https:\/\/my-life.lu\/de\/","logo":{"@type":"ImageObject","inLanguage":"de","@id":"https:\/\/my-life.lu\/de\/#\/schema\/logo\/image\/","url":"https:\/\/my-life.lu\/wp-content\/uploads\/2018\/07\/myLIFE_LOGO_violet-AMP2.png","contentUrl":"https:\/\/my-life.lu\/wp-content\/uploads\/2018\/07\/myLIFE_LOGO_violet-AMP2.png","width":190,"height":36,"caption":"myLIFE"},"image":{"@id":"https:\/\/my-life.lu\/de\/#\/schema\/logo\/image\/"}},{"@type":"Person","@id":"https:\/\/my-life.lu\/de\/#\/schema\/person\/224f7e554674eb9534cbab8498cd369b","name":"Compiled by myLIFE team","image":{"@type":"ImageObject","inLanguage":"de","@id":"https:\/\/secure.gravatar.com\/avatar\/28b395d9b8d5c7e9757fb0c7315ee854d88aef3f02f0c439e5813c8149eb6ecb?s=96&d=mm&r=g","url":"https:\/\/secure.gravatar.com\/avatar\/28b395d9b8d5c7e9757fb0c7315ee854d88aef3f02f0c439e5813c8149eb6ecb?s=96&d=mm&r=g","contentUrl":"https:\/\/secure.gravatar.com\/avatar\/28b395d9b8d5c7e9757fb0c7315ee854d88aef3f02f0c439e5813c8149eb6ecb?s=96&d=mm&r=g","caption":"Compiled by myLIFE team"},"url":"https:\/\/my-life.lu\/de\/author\/compiled-by-mylife-team\/"}]}},"_links":{"self":[{"href":"https:\/\/my-life.lu\/de\/wp-json\/wp\/v2\/posts\/1679","targetHints":{"allow":["GET"]}}],"collection":[{"href":"https:\/\/my-life.lu\/de\/wp-json\/wp\/v2\/posts"}],"about":[{"href":"https:\/\/my-life.lu\/de\/wp-json\/wp\/v2\/types\/post"}],"author":[{"embeddable":true,"href":"https:\/\/my-life.lu\/de\/wp-json\/wp\/v2\/users\/4"}],"replies":[{"embeddable":true,"href":"https:\/\/my-life.lu\/de\/wp-json\/wp\/v2\/comments?post=1679"}],"version-history":[{"count":16,"href":"https:\/\/my-life.lu\/de\/wp-json\/wp\/v2\/posts\/1679\/revisions"}],"predecessor-version":[{"id":27748,"href":"https:\/\/my-life.lu\/de\/wp-json\/wp\/v2\/posts\/1679\/revisions\/27748"}],"wp:featuredmedia":[{"embeddable":true,"href":"https:\/\/my-life.lu\/de\/wp-json\/wp\/v2\/media\/4388"}],"wp:attachment":[{"href":"https:\/\/my-life.lu\/de\/wp-json\/wp\/v2\/media?parent=1679"}],"wp:term":[{"taxonomy":"category","embeddable":true,"href":"https:\/\/my-life.lu\/de\/wp-json\/wp\/v2\/categories?post=1679"},{"taxonomy":"post_tag","embeddable":true,"href":"https:\/\/my-life.lu\/de\/wp-json\/wp\/v2\/tags?post=1679"}],"curies":[{"name":"wp","href":"https:\/\/api.w.org\/{rel}","templated":true}]}}