{"id":16962,"date":"2022-02-11T09:00:35","date_gmt":"2022-02-11T08:00:35","guid":{"rendered":"https:\/\/my-life.lu\/?p=16962"},"modified":"2022-01-20T14:23:57","modified_gmt":"2022-01-20T13:23:57","slug":"spitzenreiter-in-puncto-klimaneutralitaet-auf-dem-pruefstand-30520","status":"publish","type":"post","link":"https:\/\/my-life.lu\/de\/spitzenreiter-in-puncto-klimaneutralitaet-auf-dem-pruefstand-30520\/","title":{"rendered":"Spitzenreiter in puncto Klimaneutralit\u00e4t auf dem Pr\u00fcfstand"},"content":{"rendered":"<div id=\"playht-iframe-wrapper\" style=\"max-height: 210px !important;\">\n\t<iframe\n\tscrolling=\"no\"\n\tclass=\"playht-iframe-player\"\n\tid=\"playht-iframe-player\"\n\theight=\"90px\"\n\twidth=\"100%\"\n\tframeborder=\"0\"\n\tstyle=\"max-height: 90px; height: 90px !important;\"\n\tsrc=\"https:\/\/play.ht\/embed\/?article_url=https:\/\/my-life.lu\/de\/?p=16962&voice=de-DE-Wavenet-C&appId=fiFJxxWiUV3tImG&trans_id=-MtreQm5i3Y_y33hjz3P\"\n\tdata-voice=\"de-DE-Wavenet-C\"\n\tarticle-url=\"https:\/\/my-life.lu\/de\/?p=16962\"\n\tdata-appId=\"fiFJxxWiUV3tImG\"\n\tallowfullscreen=\"\">\n\t<\/iframe>\n<\/div>\n<p class=\"entete\">Inzwischen ist offenbar mehr Menschen denn je bewusst, dass wir etwas gegen die drohende Klimakrise unternehmen m\u00fcssen. Im Pariser Klimaschutzabkommen von 2015, mit dem die Bek\u00e4mpfung des Klimawandels international gest\u00e4rkt werden sollte, vereinbarten die L\u00e4nder, den Anstieg der weltweiten Durchschnittstemperatur auf deutlich weniger als 2\u00b0C \u00fcber dem vorindustriellen Niveau zu begrenzen. Au\u00dferdem wollten sie sich darum bem\u00fchen, den Anstieg in diesem Jahrhundert auf 1,5\u00b0C zu beschr\u00e4nken. Doch auf Worte m\u00fcssen auch Taten folgen!<\/p>\n<p>Nationale Gesetze zwingen zum Handeln, der Finanzsektor fordert Ma\u00dfnahmen und auch in der Privatwirtschaft sind verst\u00e4rkte Bem\u00fchungen sichtbar. Wenn die Konkurrenz bereits handelt, haben Unternehmen keine Wahl, als sich ebenfalls mit dem Klimawandel auseinanderzusetzen\u00a0\u2013 um die Gesetze einzuhalten, Investitionen anzuziehen, die Erwartungen der Kunden zu erf\u00fcllen und wettbewerbsf\u00e4hig zu bleiben. Unternehmen haben ein direktes Interesse daran, sich mit dem Klimawandel zu befassen. Erstens, um zu verstehen, welchen Klimarisiken sie ausgesetzt sind, und zweitens, um ihre Chancen in einer emissionsarmen Wirtschaft auszuloten.<\/p>\n<h2 id=\"h2_0\" >Der Weg zur Klimaneutralit\u00e4t<\/h2>\n<p>Um das Pariser Klimaschutzabkommen einzuhalten, m\u00fcssen die Unterzeichner die Nettobilanz ihrer Treibhausgasemissionen, die sich aus der Aufrechnung von Treibhausgasquellen und -speichern ergibt, bis zur Mitte des Jahrhunderts auf null reduzieren. Hierzu muss jeder einzelne Wirtschaftsakteur weltweit einen Kurs einschlagen, der auf dieses Gesamtziel ausgerichtet ist. In den letzten Jahren hat sich der Begriff \u201enetto null\u201c oder \u201eklimaneutral\u201c von einem eher obskuren wissenschaftlichen Konzept zur zentralen Handlungsdevise gewandelt.<\/p>\n<p>Aus wissenschaftlicher Sicht ist dieser Begriff eindeutig definiert: Der Klimawandel l\u00e4sst sich nur dann aufhalten, wenn der Atmosph\u00e4re j\u00e4hrlich ebenso viel CO2 entzogen wird, wie durch Emissionen entsteht.<\/p>\n<blockquote><p>In der Praxis ist die Bedeutung von \u201enetto null\u201c oder \u201eklimaneutral\u201c allerdings weitgehend unklar.<\/p><\/blockquote>\n<p>In der Praxis ist die Bedeutung von \u201enetto null\u201c oder \u201eklimaneutral\u201c allerdings weitgehend unklar. Die tats\u00e4chliche Umsetzung von Ma\u00dfnahmen in L\u00e4ndern, Regionen, St\u00e4dten und Unternehmen richtet sich meist nach deren konkreten Herangehensweisen. Nicht alle Klimaneutralit\u00e4tsziele sind gleichwertig. Die Anleger m\u00fcssen nat\u00fcrlich wissen, ob diesbez\u00fcglich eine Verpflichtung eingegangen wird, aber auch, wie zuverl\u00e4ssig und glaubw\u00fcrdig diese Verpflichtung ist. Dar\u00fcber hinaus kann die Festlegung langfristiger, wissenschaftlich ausgerichteter Ziele zwar eine wichtige Triebfeder f\u00fcr Ma\u00dfnahmen sein, doch ohne unverz\u00fcgliches Handeln werden langfristige Ziele immer unerreichbar bleiben.<\/p>\n<p>Derzeit sind die meisten Verpflichtungen zur Klimaneutralit\u00e4t freiwillige Zusagen. Entscheidend ist daher die Beurteilung, ob es sich bei so einer Zusage lediglich um eine \u00f6ffentliche Erkl\u00e4rung in einer Pressemeldung oder auf der Website des Unternehmens handelt, oder ob diese in die Unternehmensstrategie eingebunden ist und entsprechende KPIs vorliegen. Au\u00dferdem gilt es zu verstehen, welchen Geltungsbereich die Zusage hat (direkte\/indirekte Emissionen, THG-Scope\u00a01, 2, 3). Tats\u00e4chlich gilt es zun\u00e4chst einmal nachzuvollziehen, wie die Nettoemissionen auf null reduziert werden sollen, d.\u00a0h. wie die Zusage umgesetzt werden soll, um einzusch\u00e4tzen, wie bedeutsam und konkret sie ist.<\/p>\n<p>Grunds\u00e4tzlich sollte eine Selbstverpflichtung zur Klimaneutralit\u00e4t von der Unternehmensf\u00fchrung kommen. Sie sollte darauf abzielen, die Netto-Treibhausgasemissionen m\u00f6glichst bald und sp\u00e4testens bis 2050 auf null zu senken. Au\u00dferdem sollten innerhalb dieses Jahrzehnts angestrebte Zwischenziele festgelegt werden, es sollte j\u00e4hrliche Fortschrittsberichte geben und die Ziele m\u00fcssen s\u00e4mtliche Treibhausgase einschlie\u00dflich Scope-3-Emissionen umfassen<a href=\"#_ftn1\" name=\"_ftnref1\"><\/a><sup><strong>1<\/strong><\/sup><a href=\"#_ftn1\" name=\"_ftnref1\"><\/a>.<\/p>\n<p><img loading=\"lazy\" decoding=\"async\" class=\"aligncenter wp-image-16959\" src=\"https:\/\/my-life.lu\/wp-content\/uploads\/2022\/01\/Article_30520_2-1024x880.jpg\" alt=\"\" width=\"863\" height=\"742\" srcset=\"https:\/\/my-life.lu\/wp-content\/uploads\/2022\/01\/Article_30520_2-1024x880.jpg 1024w, https:\/\/my-life.lu\/wp-content\/uploads\/2022\/01\/Article_30520_2-300x258.jpg 300w, https:\/\/my-life.lu\/wp-content\/uploads\/2022\/01\/Article_30520_2-768x660.jpg 768w, https:\/\/my-life.lu\/wp-content\/uploads\/2022\/01\/Article_30520_2-1080x928.jpg 1080w, https:\/\/my-life.lu\/wp-content\/uploads\/2022\/01\/Article_30520_2.jpg 1501w\" sizes=\"(max-width: 767px) 89vw, (max-width: 1000px) 54vw, (max-width: 1071px) 543px, 580px\" \/><\/p>\n<p>Der R\u00fcckgriff auf CO2-Zertifikate, d.\u00a0h. die Praxis, f\u00fcr Emissionssenkungen oder die Entfernung von Kohlendioxid aus der Atmosph\u00e4re zu zahlen, gef\u00e4hrdet wirksame Klimaschutzma\u00dfnahmen.<\/p>\n<h2 id=\"h2_1\" >Ausgleichsmethoden<\/h2>\n<p>Ausgleichsmethoden sind ebenfalls umstritten, wenn sie nicht mit der Verpflichtung selbst im Zusammenhang stehen. Zum Teil lassen sich Emissionen wahrscheinlich nicht vermeiden, oder es w\u00e4re zu teuer, diese Emissionen zu senken. Doch der R\u00fcckgriff auf CO2-Zertifikate, d.\u00a0h. die Praxis, f\u00fcr Emissionssenkungen oder die Entfernung von Kohlendioxid aus der Atmosph\u00e4re zu zahlen, gef\u00e4hrdet wirksame Klimaschutzma\u00dfnahmen.<\/p>\n<p>Ausgleichsma\u00dfnahmen tragen zur L\u00f6sung bei, haben aber naturgem\u00e4\u00df eine begrenzte Tragweite. Wenn sich die Menschheit nicht selbst ausrotten will, sollten sie nur als letzter Ausweg herangezogen werden. Aktuell gibt es drei Arten von Ausgleichsmethoden: die Aufforstung und Wiederaufforstung; die Gewinnung von Bioenergie aus Biomasse sowie die Abscheidung und Speicherung des Kohlendioxids (Bioenergy with Carbon Capture and Storage, BECCS) und die direkte Abscheidung und Speicherung von Kohlendioxid aus der Luft (Direct Air Carbon Capture and Storage, DACCS).<\/p>\n<p>Sowohl Baumpflanzungen als auch BECCS stehen in direkter Konkurrenz zu Anbaufl\u00e4chen, und f\u00fcr DACCS wird sehr viel Energie ben\u00f6tigt<a href=\"#_ftn2\" name=\"_ftnref2\"><\/a><sup><strong>2<\/strong><\/sup><a href=\"#_ftn2\" name=\"_ftnref2\"><\/a>. Naturbezogene Ausgleichsma\u00dfnahmen werden zwar immer beliebter, sind aber nicht unbegrenzt umsetzbar. Ein aktueller Bericht von Greenpeace ergab, dass zwei Unternehmen, n\u00e4mlich Eni und die International Airlines Group, allein bis zu 12\u00a0% der insgesamt verf\u00fcgbaren Ma\u00dfnahmen zum Ausgleich von CO2-Emissionen durch neue W\u00e4lder aussch\u00f6pfen k\u00f6nnten. Da die vom Menschen verursachten Emissionen die Menge der weltweit verf\u00fcgbaren \u201eAusgleichsma\u00dfnahmen\u201c bei Weitem \u00fcbersteigen, ist dieses Konzept nicht universell anwendbar und kann daher nicht als praktikable, in gro\u00dfem Umfang skalierbare L\u00f6sung betrachtet werden.<\/p>\n<p>\u201eBest Practice\u201c-Verfahren f\u00fcr Ausgleichsma\u00dfnahmen befinden sich noch in der Entwicklungsphase. Derzeit ist eine genaue Sch\u00e4tzung der Kohlendioxidabscheidung im Rahmen naturbezogener Ausgleichsprogramme extrem schwierig. Es handelt sich um einen wachsenden, unregulierten Markt, der zunehmend kritisch betrachtet wird. Da es an strengen \u00dcberpr\u00fcfungsverfahren mangelt, d\u00fcrften viele Unternehmen wesentlich weniger Kohlendioxid abscheiden als sie behaupten, und in Anbetracht der preisg\u00fcnstigen Ausgleichsma\u00dfnahmen sind ihre Behauptungen wohl zu sch\u00f6n, um wahr zu sein<a href=\"#_ftn3\" name=\"_ftnref3\"><\/a><sup><strong>3<\/strong><\/sup><a href=\"#_ftn3\" name=\"_ftnref3\"><\/a>.<\/p>\n<blockquote><p>Wir m\u00fcssen sicherstellen, dass sich Unternehmen nicht rein rechnerisch als klimaneutral darstellen k\u00f6nnen, w\u00e4hrend sie tats\u00e4chlich weiter zur Erderw\u00e4rmung beitragen.<\/p><\/blockquote>\n<p>Es ist wichtig, Unternehmen zum Handeln zu bewegen, anstatt abzuwarten. Wir m\u00fcssen allerdings sicherstellen, dass sie sich nicht rein rechnerisch als klimaneutral darstellen k\u00f6nnen, w\u00e4hrend sie tats\u00e4chlich weiter zur Erderw\u00e4rmung beitragen. Unternehmen m\u00f6glichst schmerzfreie Auswege zu bieten und die Kreativit\u00e4t bei der Probleml\u00f6sung abzuw\u00fcrgen, ist mit Sicherheit keine erfolgversprechende Strategie. Jeder versteht, dass ein Unternehmen niemals klimaneutral sein, sondern bestenfalls zur Klimaneutralit\u00e4t beitragen kann. Das sollte keine Aufgabe auf individueller Ebene sein; sie erfordert gemeinschaftliche Bem\u00fchungen.<\/p>\n<h2 id=\"h2_2\" >Die Initiative Net Zero Tracker<\/h2>\n<p>Eines ist klar: Ohne eine schnelle Verringerung der Emissionen lassen sich die Pariser Klimaziele nicht umsetzen. Letztlich sollte bei Selbstverpflichtungen zur Klimaneutralit\u00e4t daher auch unmissverst\u00e4ndlich angegeben werden, in welchem Umfang dies durch Ausgleichsma\u00dfnahmen erreicht werden soll und mit welcher Ausgleichsmethode. Nat\u00fcrlich unter der Voraussetzung, dass die Bilanzierung im Zusammenhang mit dem Klimawandel und den CO2-Emissionen einer Kontrolle unterliegen muss. In dieser Hinsicht ist die Gr\u00fcndung der Initiative Net Zero Tracker, die seit Oktober 2021 \u00f6ffentlich verf\u00fcgbar ist, ein wichtiger Meilenstein. Der Tracker soll nicht nur die Anzahl, sondern auch die Qualit\u00e4t der Klimaneutralit\u00e4tsziele erfassen. Er verwendet Begriffe, die Selbstverpflichtungen, Versprechen und Zusagen eindeutig machen, und stellt auf diese Weise sicher, dass die Verpflichtung, die Nettoemissionen auf null zu senken, auf einer realen, wissenschaftlich fundierten Grundlage und soliden Rahmenbedingungen beruht.<\/p>\n<p>Angesichts der explosionsartigen Zunahme von Selbstverpflichtungen zur Klimaneutralit\u00e4t sollte jeder Anleger <a href=\"http:\/\/http\/\/www.zerotracker.net\/\" target=\"_blank\" rel=\"noopener\"><span style=\"text-decoration: underline;\"><strong>www.zerotracker.net<\/strong><\/span><\/a> nutzen, denn dort wird die Glaubw\u00fcrdigkeit von Zielsetzungen zur Senkung der Nettoemissionen auf null unabh\u00e4ngig \u00fcberpr\u00fcft. Das Projekt wird von vier verschiedenen Organisationen mit finanzieller Unterst\u00fctzung der Europ\u00e4ischen Klimastiftung durchgef\u00fchrt: von der Universit\u00e4t Oxford, der Energy &amp; Climate Intelligence Unit (einer gemeinn\u00fctzigen britischen Organisation), dem New Climate Institute und dem Data Driven Envirolab an der Universit\u00e4t North Carolina. Ziel ist ein allgemein zug\u00e4ngliches Werkzeug, um zu pr\u00fcfen, wer bei der Umsetzung der Ziele des Pariser Klimaschutzabkommens auf einem guten Weg ist.<\/p>\n<hr \/>\n<p><span style=\"font-size: 8pt;\"><sup><strong>1<\/strong> <\/sup>Treibhausgasemissionen werden im international meistgenutzten Bilanzierungsinstrument, dem Treibhausgasprotokoll (THG-Protokoll) in drei Gruppen oder \u201eScopes\u201c unterteilt. Scope 1 umfasst Direktemissionen aus eigenen oder vom Unternehmen kontrollierten Quellen. Scope 2 umfasst indirekte Emissionen aus der Erzeugung von bezogener Energie in Form von Strom, Dampf, W\u00e4rme und K\u00e4lte, die vom betreffenden Unternehmen verbraucht werden. Scope 3 umfasst alle anderen indirekten Emissionen, die in der Wertsch\u00f6pfungskette eines Unternehmens auftreten.<\/span><\/p>\n<p><span style=\"font-size: 8pt;\"><sup><strong>2<\/strong> <\/sup>Die Logistikkette, die von der CO<sub>2<\/sub>-Abscheidung bis zur geologischen Speicherung reicht und auch den Druckgastransport umfasst, erfordert, verglichen mit einer Kette ohne CO<sub>2<\/sub>-Abscheidung und -Speicherung, die Zufuhr von noch mehr Energie. Sch\u00e4tzungen zufolge liefert ein Kraftwerk mit Abscheidungssystem 15 bis 30\u00a0% weniger Strom als eines, dass sein CO<sub>2<\/sub> in die Atmosph\u00e4re abgibt. Der Energieverlust variiert und ist von der Art des Kraftwerks und des Abscheidungssystems abh\u00e4ngig.<\/span><\/p>\n<p><span style=\"font-size: 8pt;\"><sup><strong>3<\/strong> <\/sup>Bloomberg zufolge zahlte Total 2020 bei der Lieferung seiner \u201eersten klimaneutralen Ladung Fl\u00fcssigerdgas\u201c weniger als 3 US-Dollar pro Tonne f\u00fcr die gesch\u00e4tzte Kohlendioxidabscheidung im Rahmen der Ausgleichsma\u00dfnahmen. Das entspricht ungef\u00e4hr 1\/20 des Preises, den Unternehmen auf dem europ\u00e4ischen Emissionshandelsmarkt zahlen.<\/span><\/p>\n","protected":false},"excerpt":{"rendered":"<p>Inzwischen ist offenbar mehr Menschen denn je bewusst, dass wir etwas gegen die drohende Klimakrise unternehmen m\u00fcssen. Im Pariser Klimaschutzabkommen von 2015, mit dem die Bek\u00e4mpfung des Klimawandels international gest\u00e4rkt werden sollte, vereinbarten die L\u00e4nder, den Anstieg der weltweiten Durchschnittstemperatur auf deutlich weniger als 2\u00b0C \u00fcber dem vorindustriellen Niveau zu begrenzen. Au\u00dferdem wollten sie sich &hellip; <\/p>\n<p class=\"link-more\"><a href=\"https:\/\/my-life.lu\/de\/spitzenreiter-in-puncto-klimaneutralitaet-auf-dem-pruefstand-30520\/\" class=\"more-link\">Continue reading<span class=\"screen-reader-text\"> &#8220;Spitzenreiter in puncto Klimaneutralit\u00e4t auf dem Pr\u00fcfstand&#8221;<\/span><\/a><\/p>\n","protected":false},"author":9,"featured_media":16956,"comment_status":"closed","ping_status":"closed","sticky":false,"template":"","format":"standard","meta":{"_et_pb_use_builder":"","_et_pb_old_content":"","_et_gb_content_width":"","footnotes":"","beyondwords_generate_audio":"","beyondwords_integration_method":"","beyondwords_project_id":"","beyondwords_content_id":"","beyondwords_preview_token":"","beyondwords_player_content":"","beyondwords_player_style":"","beyondwords_language_code":"","beyondwords_language_id":"","beyondwords_title_voice_id":"","beyondwords_body_voice_id":"","beyondwords_summary_voice_id":"","beyondwords_error_message":"","beyondwords_disabled":"","beyondwords_delete_content":"","beyondwords_podcast_id":"","beyondwords_hash":"","publish_post_to_speechkit":"","speechkit_hash":"","speechkit_generate_audio":"","speechkit_project_id":"","speechkit_podcast_id":"","speechkit_error_message":"","speechkit_disabled":"","speechkit_access_key":"","speechkit_error":"","speechkit_info":"","speechkit_response":"","speechkit_retries":"","speechkit_status":"","speechkit_updated_at":"","_speechkit_link":"","_speechkit_text":""},"categories":[189,16],"tags":[429,442],"class_list":["post-16962","post","type-post","status-publish","format-standard","has-post-thumbnail","hentry","category-investitionen-de","category-myinvest-de","tag-anlegerprofil","tag-investitionen","my_invest"],"yoast_head":"<!-- This site is optimized with the Yoast SEO Premium plugin v27.3 (Yoast SEO v27.3) - https:\/\/yoast.com\/product\/yoast-seo-premium-wordpress\/ -->\n<title>Spitzenreiter in puncto Klimaneutralit\u00e4t auf dem Pr\u00fcfstand - myLIFE<\/title>\n<meta name=\"description\" content=\"Bei der Bek\u00e4mpfung der Erderw\u00e4rmung m\u00fcssen auf Worte auch Taten folgen!\" \/>\n<meta name=\"robots\" content=\"index, follow, max-snippet:-1, max-image-preview:large, max-video-preview:-1\" \/>\n<link rel=\"canonical\" href=\"https:\/\/my-life.lu\/de\/spitzenreiter-in-puncto-klimaneutralitaet-auf-dem-pruefstand-30520\/\" \/>\n<meta property=\"og:locale\" content=\"de_DE\" \/>\n<meta property=\"og:type\" content=\"article\" \/>\n<meta property=\"og:title\" content=\"Spitzenreiter in puncto Klimaneutralit\u00e4t auf dem Pr\u00fcfstand\" \/>\n<meta property=\"og:description\" content=\"Bei der Bek\u00e4mpfung der Erderw\u00e4rmung m\u00fcssen auf Worte auch Taten folgen!\" \/>\n<meta property=\"og:url\" content=\"https:\/\/my-life.lu\/de\/spitzenreiter-in-puncto-klimaneutralitaet-auf-dem-pruefstand-30520\/\" \/>\n<meta property=\"og:site_name\" content=\"myLIFE\" \/>\n<meta property=\"article:published_time\" content=\"2022-02-11T08:00:35+00:00\" \/>\n<meta property=\"og:image\" content=\"https:\/\/my-life.lu\/wp-content\/uploads\/2022\/01\/Article_30520.jpg\" \/>\n\t<meta property=\"og:image:width\" content=\"1936\" \/>\n\t<meta property=\"og:image:height\" content=\"1288\" \/>\n\t<meta property=\"og:image:type\" content=\"image\/jpeg\" \/>\n<meta name=\"author\" content=\"Olivier Goemans\" \/>\n<meta name=\"twitter:card\" content=\"summary_large_image\" \/>\n<meta name=\"twitter:label1\" content=\"Verfasst von\" \/>\n\t<meta name=\"twitter:data1\" content=\"Olivier Goemans\" \/>\n\t<meta name=\"twitter:label2\" content=\"Gesch\u00e4tzte Lesezeit\" \/>\n\t<meta name=\"twitter:data2\" content=\"6\u00a0Minuten\" \/>\n<script type=\"application\/ld+json\" class=\"yoast-schema-graph\">{\"@context\":\"https:\\\/\\\/schema.org\",\"@graph\":[{\"@type\":\"Article\",\"@id\":\"https:\\\/\\\/my-life.lu\\\/de\\\/spitzenreiter-in-puncto-klimaneutralitaet-auf-dem-pruefstand-30520\\\/#article\",\"isPartOf\":{\"@id\":\"https:\\\/\\\/my-life.lu\\\/de\\\/spitzenreiter-in-puncto-klimaneutralitaet-auf-dem-pruefstand-30520\\\/\"},\"author\":{\"name\":\"Olivier Goemans\",\"@id\":\"https:\\\/\\\/my-life.lu\\\/de\\\/#\\\/schema\\\/person\\\/0e6610a2421ad2ee9e04e00e55dc5034\"},\"headline\":\"Spitzenreiter in puncto Klimaneutralit\u00e4t auf dem Pr\u00fcfstand\",\"datePublished\":\"2022-02-11T08:00:35+00:00\",\"mainEntityOfPage\":{\"@id\":\"https:\\\/\\\/my-life.lu\\\/de\\\/spitzenreiter-in-puncto-klimaneutralitaet-auf-dem-pruefstand-30520\\\/\"},\"wordCount\":1443,\"publisher\":{\"@id\":\"https:\\\/\\\/my-life.lu\\\/de\\\/#organization\"},\"image\":{\"@id\":\"https:\\\/\\\/my-life.lu\\\/de\\\/spitzenreiter-in-puncto-klimaneutralitaet-auf-dem-pruefstand-30520\\\/#primaryimage\"},\"thumbnailUrl\":\"https:\\\/\\\/my-life.lu\\\/wp-content\\\/uploads\\\/2022\\\/01\\\/Article_30520.jpg\",\"keywords\":[\"Anlegerprofil\",\"Investitionen\"],\"articleSection\":[\"Investitionen\",\"myINVEST\"],\"inLanguage\":\"de\"},{\"@type\":\"WebPage\",\"@id\":\"https:\\\/\\\/my-life.lu\\\/de\\\/spitzenreiter-in-puncto-klimaneutralitaet-auf-dem-pruefstand-30520\\\/\",\"url\":\"https:\\\/\\\/my-life.lu\\\/de\\\/spitzenreiter-in-puncto-klimaneutralitaet-auf-dem-pruefstand-30520\\\/\",\"name\":\"Spitzenreiter in puncto Klimaneutralit\u00e4t auf dem Pr\u00fcfstand - myLIFE\",\"isPartOf\":{\"@id\":\"https:\\\/\\\/my-life.lu\\\/de\\\/#website\"},\"primaryImageOfPage\":{\"@id\":\"https:\\\/\\\/my-life.lu\\\/de\\\/spitzenreiter-in-puncto-klimaneutralitaet-auf-dem-pruefstand-30520\\\/#primaryimage\"},\"image\":{\"@id\":\"https:\\\/\\\/my-life.lu\\\/de\\\/spitzenreiter-in-puncto-klimaneutralitaet-auf-dem-pruefstand-30520\\\/#primaryimage\"},\"thumbnailUrl\":\"https:\\\/\\\/my-life.lu\\\/wp-content\\\/uploads\\\/2022\\\/01\\\/Article_30520.jpg\",\"datePublished\":\"2022-02-11T08:00:35+00:00\",\"description\":\"Bei der Bek\u00e4mpfung der Erderw\u00e4rmung m\u00fcssen auf Worte auch Taten folgen!\",\"breadcrumb\":{\"@id\":\"https:\\\/\\\/my-life.lu\\\/de\\\/spitzenreiter-in-puncto-klimaneutralitaet-auf-dem-pruefstand-30520\\\/#breadcrumb\"},\"inLanguage\":\"de\",\"potentialAction\":[{\"@type\":\"ReadAction\",\"target\":[\"https:\\\/\\\/my-life.lu\\\/de\\\/spitzenreiter-in-puncto-klimaneutralitaet-auf-dem-pruefstand-30520\\\/\"]}]},{\"@type\":\"ImageObject\",\"inLanguage\":\"de\",\"@id\":\"https:\\\/\\\/my-life.lu\\\/de\\\/spitzenreiter-in-puncto-klimaneutralitaet-auf-dem-pruefstand-30520\\\/#primaryimage\",\"url\":\"https:\\\/\\\/my-life.lu\\\/wp-content\\\/uploads\\\/2022\\\/01\\\/Article_30520.jpg\",\"contentUrl\":\"https:\\\/\\\/my-life.lu\\\/wp-content\\\/uploads\\\/2022\\\/01\\\/Article_30520.jpg\",\"width\":1936,\"height\":1288},{\"@type\":\"BreadcrumbList\",\"@id\":\"https:\\\/\\\/my-life.lu\\\/de\\\/spitzenreiter-in-puncto-klimaneutralitaet-auf-dem-pruefstand-30520\\\/#breadcrumb\",\"itemListElement\":[{\"@type\":\"ListItem\",\"position\":1,\"name\":\"Home\",\"item\":\"https:\\\/\\\/my-life.lu\\\/de\\\/\"},{\"@type\":\"ListItem\",\"position\":2,\"name\":\"Spitzenreiter in puncto Klimaneutralit\u00e4t auf dem Pr\u00fcfstand\"}]},{\"@type\":\"WebSite\",\"@id\":\"https:\\\/\\\/my-life.lu\\\/de\\\/#website\",\"url\":\"https:\\\/\\\/my-life.lu\\\/de\\\/\",\"name\":\"myLIFE\",\"description\":\"\",\"publisher\":{\"@id\":\"https:\\\/\\\/my-life.lu\\\/de\\\/#organization\"},\"potentialAction\":[{\"@type\":\"SearchAction\",\"target\":{\"@type\":\"EntryPoint\",\"urlTemplate\":\"https:\\\/\\\/my-life.lu\\\/de\\\/?s={search_term_string}\"},\"query-input\":{\"@type\":\"PropertyValueSpecification\",\"valueRequired\":true,\"valueName\":\"search_term_string\"}}],\"inLanguage\":\"de\"},{\"@type\":\"Organization\",\"@id\":\"https:\\\/\\\/my-life.lu\\\/de\\\/#organization\",\"name\":\"myLIFE\",\"url\":\"https:\\\/\\\/my-life.lu\\\/de\\\/\",\"logo\":{\"@type\":\"ImageObject\",\"inLanguage\":\"de\",\"@id\":\"https:\\\/\\\/my-life.lu\\\/de\\\/#\\\/schema\\\/logo\\\/image\\\/\",\"url\":\"https:\\\/\\\/my-life.lu\\\/wp-content\\\/uploads\\\/2018\\\/07\\\/myLIFE_LOGO_violet-AMP2.png\",\"contentUrl\":\"https:\\\/\\\/my-life.lu\\\/wp-content\\\/uploads\\\/2018\\\/07\\\/myLIFE_LOGO_violet-AMP2.png\",\"width\":190,\"height\":36,\"caption\":\"myLIFE\"},\"image\":{\"@id\":\"https:\\\/\\\/my-life.lu\\\/de\\\/#\\\/schema\\\/logo\\\/image\\\/\"}},{\"@type\":\"Person\",\"@id\":\"https:\\\/\\\/my-life.lu\\\/de\\\/#\\\/schema\\\/person\\\/0e6610a2421ad2ee9e04e00e55dc5034\",\"name\":\"Olivier Goemans\",\"image\":{\"@type\":\"ImageObject\",\"inLanguage\":\"de\",\"@id\":\"https:\\\/\\\/secure.gravatar.com\\\/avatar\\\/a7ddfc9870adda8781511141af6a1f5b82948254bf6981a5e8615cd762902c99?s=96&d=mm&r=g\",\"url\":\"https:\\\/\\\/secure.gravatar.com\\\/avatar\\\/a7ddfc9870adda8781511141af6a1f5b82948254bf6981a5e8615cd762902c99?s=96&d=mm&r=g\",\"contentUrl\":\"https:\\\/\\\/secure.gravatar.com\\\/avatar\\\/a7ddfc9870adda8781511141af6a1f5b82948254bf6981a5e8615cd762902c99?s=96&d=mm&r=g\",\"caption\":\"Olivier Goemans\"},\"url\":\"https:\\\/\\\/my-life.lu\\\/de\\\/author\\\/olivier-goemans\\\/\"}]}<\/script>\n<!-- \/ Yoast SEO Premium plugin. -->","yoast_head_json":{"title":"Spitzenreiter in puncto Klimaneutralit\u00e4t auf dem Pr\u00fcfstand - myLIFE","description":"Bei der Bek\u00e4mpfung der Erderw\u00e4rmung m\u00fcssen auf Worte auch Taten folgen!","robots":{"index":"index","follow":"follow","max-snippet":"max-snippet:-1","max-image-preview":"max-image-preview:large","max-video-preview":"max-video-preview:-1"},"canonical":"https:\/\/my-life.lu\/de\/spitzenreiter-in-puncto-klimaneutralitaet-auf-dem-pruefstand-30520\/","og_locale":"de_DE","og_type":"article","og_title":"Spitzenreiter in puncto Klimaneutralit\u00e4t auf dem Pr\u00fcfstand","og_description":"Bei der Bek\u00e4mpfung der Erderw\u00e4rmung m\u00fcssen auf Worte auch Taten folgen!","og_url":"https:\/\/my-life.lu\/de\/spitzenreiter-in-puncto-klimaneutralitaet-auf-dem-pruefstand-30520\/","og_site_name":"myLIFE","article_published_time":"2022-02-11T08:00:35+00:00","og_image":[{"width":1936,"height":1288,"url":"https:\/\/my-life.lu\/wp-content\/uploads\/2022\/01\/Article_30520.jpg","type":"image\/jpeg"}],"author":"Olivier Goemans","twitter_card":"summary_large_image","twitter_misc":{"Verfasst von":"Olivier Goemans","Gesch\u00e4tzte Lesezeit":"6\u00a0Minuten"},"schema":{"@context":"https:\/\/schema.org","@graph":[{"@type":"Article","@id":"https:\/\/my-life.lu\/de\/spitzenreiter-in-puncto-klimaneutralitaet-auf-dem-pruefstand-30520\/#article","isPartOf":{"@id":"https:\/\/my-life.lu\/de\/spitzenreiter-in-puncto-klimaneutralitaet-auf-dem-pruefstand-30520\/"},"author":{"name":"Olivier Goemans","@id":"https:\/\/my-life.lu\/de\/#\/schema\/person\/0e6610a2421ad2ee9e04e00e55dc5034"},"headline":"Spitzenreiter in puncto Klimaneutralit\u00e4t auf dem Pr\u00fcfstand","datePublished":"2022-02-11T08:00:35+00:00","mainEntityOfPage":{"@id":"https:\/\/my-life.lu\/de\/spitzenreiter-in-puncto-klimaneutralitaet-auf-dem-pruefstand-30520\/"},"wordCount":1443,"publisher":{"@id":"https:\/\/my-life.lu\/de\/#organization"},"image":{"@id":"https:\/\/my-life.lu\/de\/spitzenreiter-in-puncto-klimaneutralitaet-auf-dem-pruefstand-30520\/#primaryimage"},"thumbnailUrl":"https:\/\/my-life.lu\/wp-content\/uploads\/2022\/01\/Article_30520.jpg","keywords":["Anlegerprofil","Investitionen"],"articleSection":["Investitionen","myINVEST"],"inLanguage":"de"},{"@type":"WebPage","@id":"https:\/\/my-life.lu\/de\/spitzenreiter-in-puncto-klimaneutralitaet-auf-dem-pruefstand-30520\/","url":"https:\/\/my-life.lu\/de\/spitzenreiter-in-puncto-klimaneutralitaet-auf-dem-pruefstand-30520\/","name":"Spitzenreiter in puncto Klimaneutralit\u00e4t auf dem Pr\u00fcfstand - myLIFE","isPartOf":{"@id":"https:\/\/my-life.lu\/de\/#website"},"primaryImageOfPage":{"@id":"https:\/\/my-life.lu\/de\/spitzenreiter-in-puncto-klimaneutralitaet-auf-dem-pruefstand-30520\/#primaryimage"},"image":{"@id":"https:\/\/my-life.lu\/de\/spitzenreiter-in-puncto-klimaneutralitaet-auf-dem-pruefstand-30520\/#primaryimage"},"thumbnailUrl":"https:\/\/my-life.lu\/wp-content\/uploads\/2022\/01\/Article_30520.jpg","datePublished":"2022-02-11T08:00:35+00:00","description":"Bei der Bek\u00e4mpfung der Erderw\u00e4rmung m\u00fcssen auf Worte auch Taten folgen!","breadcrumb":{"@id":"https:\/\/my-life.lu\/de\/spitzenreiter-in-puncto-klimaneutralitaet-auf-dem-pruefstand-30520\/#breadcrumb"},"inLanguage":"de","potentialAction":[{"@type":"ReadAction","target":["https:\/\/my-life.lu\/de\/spitzenreiter-in-puncto-klimaneutralitaet-auf-dem-pruefstand-30520\/"]}]},{"@type":"ImageObject","inLanguage":"de","@id":"https:\/\/my-life.lu\/de\/spitzenreiter-in-puncto-klimaneutralitaet-auf-dem-pruefstand-30520\/#primaryimage","url":"https:\/\/my-life.lu\/wp-content\/uploads\/2022\/01\/Article_30520.jpg","contentUrl":"https:\/\/my-life.lu\/wp-content\/uploads\/2022\/01\/Article_30520.jpg","width":1936,"height":1288},{"@type":"BreadcrumbList","@id":"https:\/\/my-life.lu\/de\/spitzenreiter-in-puncto-klimaneutralitaet-auf-dem-pruefstand-30520\/#breadcrumb","itemListElement":[{"@type":"ListItem","position":1,"name":"Home","item":"https:\/\/my-life.lu\/de\/"},{"@type":"ListItem","position":2,"name":"Spitzenreiter in puncto Klimaneutralit\u00e4t auf dem Pr\u00fcfstand"}]},{"@type":"WebSite","@id":"https:\/\/my-life.lu\/de\/#website","url":"https:\/\/my-life.lu\/de\/","name":"myLIFE","description":"","publisher":{"@id":"https:\/\/my-life.lu\/de\/#organization"},"potentialAction":[{"@type":"SearchAction","target":{"@type":"EntryPoint","urlTemplate":"https:\/\/my-life.lu\/de\/?s={search_term_string}"},"query-input":{"@type":"PropertyValueSpecification","valueRequired":true,"valueName":"search_term_string"}}],"inLanguage":"de"},{"@type":"Organization","@id":"https:\/\/my-life.lu\/de\/#organization","name":"myLIFE","url":"https:\/\/my-life.lu\/de\/","logo":{"@type":"ImageObject","inLanguage":"de","@id":"https:\/\/my-life.lu\/de\/#\/schema\/logo\/image\/","url":"https:\/\/my-life.lu\/wp-content\/uploads\/2018\/07\/myLIFE_LOGO_violet-AMP2.png","contentUrl":"https:\/\/my-life.lu\/wp-content\/uploads\/2018\/07\/myLIFE_LOGO_violet-AMP2.png","width":190,"height":36,"caption":"myLIFE"},"image":{"@id":"https:\/\/my-life.lu\/de\/#\/schema\/logo\/image\/"}},{"@type":"Person","@id":"https:\/\/my-life.lu\/de\/#\/schema\/person\/0e6610a2421ad2ee9e04e00e55dc5034","name":"Olivier Goemans","image":{"@type":"ImageObject","inLanguage":"de","@id":"https:\/\/secure.gravatar.com\/avatar\/a7ddfc9870adda8781511141af6a1f5b82948254bf6981a5e8615cd762902c99?s=96&d=mm&r=g","url":"https:\/\/secure.gravatar.com\/avatar\/a7ddfc9870adda8781511141af6a1f5b82948254bf6981a5e8615cd762902c99?s=96&d=mm&r=g","contentUrl":"https:\/\/secure.gravatar.com\/avatar\/a7ddfc9870adda8781511141af6a1f5b82948254bf6981a5e8615cd762902c99?s=96&d=mm&r=g","caption":"Olivier Goemans"},"url":"https:\/\/my-life.lu\/de\/author\/olivier-goemans\/"}]}},"_links":{"self":[{"href":"https:\/\/my-life.lu\/de\/wp-json\/wp\/v2\/posts\/16962","targetHints":{"allow":["GET"]}}],"collection":[{"href":"https:\/\/my-life.lu\/de\/wp-json\/wp\/v2\/posts"}],"about":[{"href":"https:\/\/my-life.lu\/de\/wp-json\/wp\/v2\/types\/post"}],"author":[{"embeddable":true,"href":"https:\/\/my-life.lu\/de\/wp-json\/wp\/v2\/users\/9"}],"replies":[{"embeddable":true,"href":"https:\/\/my-life.lu\/de\/wp-json\/wp\/v2\/comments?post=16962"}],"version-history":[{"count":2,"href":"https:\/\/my-life.lu\/de\/wp-json\/wp\/v2\/posts\/16962\/revisions"}],"predecessor-version":[{"id":16966,"href":"https:\/\/my-life.lu\/de\/wp-json\/wp\/v2\/posts\/16962\/revisions\/16966"}],"wp:featuredmedia":[{"embeddable":true,"href":"https:\/\/my-life.lu\/de\/wp-json\/wp\/v2\/media\/16956"}],"wp:attachment":[{"href":"https:\/\/my-life.lu\/de\/wp-json\/wp\/v2\/media?parent=16962"}],"wp:term":[{"taxonomy":"category","embeddable":true,"href":"https:\/\/my-life.lu\/de\/wp-json\/wp\/v2\/categories?post=16962"},{"taxonomy":"post_tag","embeddable":true,"href":"https:\/\/my-life.lu\/de\/wp-json\/wp\/v2\/tags?post=16962"}],"curies":[{"name":"wp","href":"https:\/\/api.w.org\/{rel}","templated":true}]}}