{"id":17313,"date":"2022-04-04T09:00:58","date_gmt":"2022-04-04T07:00:58","guid":{"rendered":"https:\/\/my-life.lu\/?p=17313"},"modified":"2022-03-04T12:04:35","modified_gmt":"2022-03-04T11:04:35","slug":"was-spricht-fuer-lokales-einkaufen-59023","status":"publish","type":"post","link":"https:\/\/my-life.lu\/de\/was-spricht-fuer-lokales-einkaufen-59023\/","title":{"rendered":"Was spricht f\u00fcr lokales Einkaufen?"},"content":{"rendered":"<div id=\"playht-iframe-wrapper\" style=\"max-height: 210px !important;\">\n\t<iframe\n\tscrolling=\"no\"\n\tclass=\"playht-iframe-player\"\n\tid=\"playht-iframe-player\"\n\theight=\"90px\"\n\twidth=\"100%\"\n\tframeborder=\"0\"\n\tstyle=\"max-height: 90px; height: 90px !important;\"\n\tsrc=\"https:\/\/play.ht\/embed\/?article_url=https:\/\/my-life.lu\/de\/?p=17313&voice=de-DE-Wavenet-C&appId=fiFJxxWiUV3tImG&trans_id=-MxJahbOVpH4d2nQnSk1\"\n\tdata-voice=\"de-DE-Wavenet-C\"\n\tarticle-url=\"https:\/\/my-life.lu\/de\/?p=17313\"\n\tdata-appId=\"fiFJxxWiUV3tImG\"\n\tallowfullscreen=\"\">\n\t<\/iframe>\n<\/div>\n<p class=\"entete\">Die Beschr\u00e4nkungen im Zuge der Corona-Pandemie haben zu mehr Online-Eink\u00e4ufen gef\u00fchrt und zugleich viele Gesch\u00e4fte vor Ort in Mitleidenschaft gezogen. Angesichts dieser Situation werden die Rufe nach lokalem Einkaufen zunehmend lauter. Sollte man diesem Trend folgen? myLIFE hat die Argumente in der aktuellen Debatte f\u00fcr Sie unter die Lupe genommen. Die letztendliche Entscheidung \u00fcberlassen wir Ihnen.<\/p>\n<p>W\u00e4hrend sich die \u00d6ffentlichkeit fast einstimmig f\u00fcr mehr lokales Shopping auszusprechen scheint, ergibt das tats\u00e4chlich beobachtete Kaufverhalten der Menschen ein anderes Bild. So stieg etwa der Nettoumsatz des Giganten Amazon im Jahr\u00a02020 um 38\u00a0Prozent. Zudem l\u00e4sst sich in jedem Supermarkt feststellen, dass die meisten der angebotenen Produkte \u00fcber mehrere L\u00e4nder oder sogar mehrere Kontinente transportiert wurden. Auch lokale Einzelh\u00e4ndler k\u00f6nnen Produkte aus weit entfernten L\u00e4ndern anbieten. Die Frage lautet also: M\u00f6chten wir wirklich lokal einkaufen, und was bedeutet das eigentlich?<\/p>\n<h2 id=\"h2_0\" >Lokal einkaufen: Was ist damit konkret gemeint?<\/h2>\n<p>Die Vorstellungen davon, was lokales Einkaufen bedeutet, gehen stark auseinander. Man k\u00f6nnte darunter verstehen, im kleinen Laden um die Ecke Produkte aus Asien einzukaufen oder auch f\u00fcr den Kauf regional produzierter Lebensmittel 20\u00a0Kilometer weit zu fahren. Wie lassen sich diese beiden Beispiele \u00fcberhaupt vergleichen?<\/p>\n<p><img loading=\"lazy\" decoding=\"async\" class=\"aligncenter wp-image-17307\" src=\"https:\/\/my-life.lu\/wp-content\/uploads\/2022\/03\/Article_59023-1024x680.jpg\" alt=\"\" width=\"863\" height=\"573\" srcset=\"https:\/\/my-life.lu\/wp-content\/uploads\/2022\/03\/Article_59023-1024x680.jpg 1024w, https:\/\/my-life.lu\/wp-content\/uploads\/2022\/03\/Article_59023-300x199.jpg 300w, https:\/\/my-life.lu\/wp-content\/uploads\/2022\/03\/Article_59023-768x510.jpg 768w, https:\/\/my-life.lu\/wp-content\/uploads\/2022\/03\/Article_59023-1536x1019.jpg 1536w, https:\/\/my-life.lu\/wp-content\/uploads\/2022\/03\/Article_59023-2048x1359.jpg 2048w, https:\/\/my-life.lu\/wp-content\/uploads\/2022\/03\/Article_59023-1080x717.jpg 1080w, https:\/\/my-life.lu\/wp-content\/uploads\/2022\/03\/Article_59023-395x262.jpg 395w\" sizes=\"(max-width: 767px) 89vw, (max-width: 1000px) 54vw, (max-width: 1071px) 543px, 580px\" \/><\/p>\n<blockquote><p>Lokal einzukaufen bedeutet zun\u00e4chst einmal, dass man beim Einkaufen regional erzeugte oder gefertigte Produkte bevorzugt.<\/p><\/blockquote>\n<p>Lokal einzukaufen bedeutet zun\u00e4chst einmal, dass man beim Einkaufen regional erzeugte oder gefertigte Produkte bevorzugt. Weiterhin kann es auch bedeuten, dass man lieber in kleinen Gesch\u00e4ften vor Ort als bei gro\u00dfen Konzernen einkauft oder dass man eher Dienstleistungen von lokalen Anbietern als von multinationalen Unternehmen in Anspruch nimmt.<\/p>\n<h2 id=\"h2_1\" >Was spricht f\u00fcr lokales Einkaufen?<\/h2>\n<p>Die vorgebrachten Argumente f\u00fcr lokales Einkaufen st\u00fctzen sich meist auf vier S\u00e4ulen: Wirtschaft, Soziales, Qualit\u00e4t und Umwelt.<\/p>\n<p>Aus \u00f6konomischer Sicht liegt es auf der Hand, dass lokales Einkaufen zur St\u00e4rkung der Wirtschaft vor Ort beitr\u00e4gt, denn durch die get\u00e4tigten Ausgaben flie\u00dft Geld in lokale Wirtschaftskreisl\u00e4ufe und f\u00f6rdert so auch die Besch\u00e4ftigung vor Ort. Vor allem in Krisenzeiten kommt dies vielen Handwerksbetrieben und Gesch\u00e4ften zugute, die unter den Einschr\u00e4nkungen im Zusammenhang mit der Pandemie gelitten haben. Andererseits kann sich ein ausschlie\u00dflich lokal ausgerichtetes Kaufverhalten bremsend auf Wettbewerb und Innovation auswirken, die nach wie vor zwei wichtige Elemente einer gesunden Wirtschaft sind.<\/p>\n<p>Bei den Preisen wird h\u00e4ufig angef\u00fchrt, dass lokale Produkte aufgrund der begrenzten Anzahl von Zwischenh\u00e4ndlern sowie geringerer Transport- und Verpackungskosten g\u00fcnstiger seien. Dies mag in einigen F\u00e4llen zutreffen, l\u00e4sst sich allerdings nicht verallgemeinern. Bei vielen Waren und Dienstleistungen ist es sogar umgekehrt. In die Preisgestaltung von Konsumg\u00fctern flie\u00dfen schlie\u00dflich viele Faktoren ein, wie zum Beispiel die Produktionskosten, zu denen auch die Personalkosten geh\u00f6ren. Damit sind wir bei den Argumenten angelangt, die sich auf soziale Aspekte beziehen.<\/p>\n<p>In sozialer Hinsicht werden lokale Produkte zwangsl\u00e4ufig unter Einhaltung unserer Rechtsvorschriften hergestellt, sei es in Bezug auf die Entlohnung der Arbeitskr\u00e4fte oder die Arbeitsbedingungen. Durch lokales Konsumieren k\u00f6nnen wir also eine indirekte Unterst\u00fctzung von Kinderarbeit, Sozialdumping oder entw\u00fcrdigenden Arbeitsbedingungen vermeiden. Lokales Einkaufen ist sicherlich eine, wenn auch nicht die einzige M\u00f6glichkeit, fairen Handel zu f\u00f6rdern. Dar\u00fcber hinaus wirkt sich das Einkaufen in kleinen lokalen Gesch\u00e4ften positiv auf das soziale Miteinander aus. Im Zeitalter des Hyperindividualismus, in dem viele Menschen gar nicht mehr mit ihren Nachbarn sprechen, sind kleine L\u00e4den vor Ort ein wichtiger Treffpunkt f\u00fcr alle, die sich noch f\u00fcr ihre Nachbarschaft interessieren und das Zusammenleben in ihrem Viertel verbessern m\u00f6chten.<\/p>\n<blockquote><p>Die vorgebrachten Argumente f\u00fcr lokales Einkaufen beziehen sich meist auf vier Themenbereiche: Wirtschaft, Soziales, Qualit\u00e4t und Umwelt.<\/p><\/blockquote>\n<p>Neben den sozio\u00f6konomischen Argumenten werden h\u00e4ufig auch Aspekte mit Bezug auf Qualit\u00e4t und Umweltschutz vorgebracht. Haben lokale Produkte eine bessere Qualit\u00e4t und werden sie aus h\u00f6herwertigen Rohstoffen hergestellt? Es kann sich schlie\u00dflich durchaus lohnen, mehr Geld auszugeben, wenn man daf\u00fcr l\u00e4nger etwas von einem Produkt hat! Leider ist die Realit\u00e4t sehr viel komplexer, und es ist unm\u00f6glich, in diesem Punkt zu generalisieren. Es l\u00e4sst sich kein Zusammenhang zwischen der Qualit\u00e4t eines Produkts und der lokalen Dimension nachweisen. Bei Lebensmitteln ist jedoch durchaus anzunehmen, dass lokale Produkte frischer und von h\u00f6herer Qualit\u00e4t sind als Produkte, die Tausende Kilometer weit transportiert wurden. Dies gilt allerdings nur unter der Voraussetzung, dass die \u00f6rtlichen Produktions- und Lagerbedingungen den Gesundheitsvorschriften entsprechen. Der einzige Nachteil lokaler Lebensmittel ist, dass das Angebot von den Jahreszeiten abh\u00e4ngt und dass vieles in unseren Breitengraden nicht angebaut werden kann. Man muss sich also mit einer eingeschr\u00e4nkten Auswahl zufriedengeben und lernen, saisonal zu essen.<\/p>\n<p>Letztes Argument: der Schutz der Umwelt. K\u00fcrzere Transportwege, weniger Verpackung, ein geringerer Bedarf an gek\u00fchlten Lagerr\u00e4umen, oft auch weniger Verschwendung \u2013 das Umweltargument l\u00e4sst sich kaum von der Hand weisen. Allerdings ist die Realit\u00e4t auch hier komplexer als sie zun\u00e4chst scheinen mag. Deshalb sollte man sich vor kategorischen Urteilen h\u00fcten. Denn kurze Vertriebswege f\u00fchren nicht automatisch zu einer besseren Energiebilanz. In der Regel hat die Art der Erzeugung eines Produkts gr\u00f6\u00dferen Einfluss auf die Energiebilanz als der Vertrieb. Und selbst wenn man den Transport isoliert betrachtet, sind einige lange Lieferketten \u2013 zum Beispiel in der Lebensmittelindustrie \u2013 so gut organisiert, dass Energieverbrauch und Aussto\u00df an Treibhausgasen pro Kilo eines Produkts hier sogar geringer ausfallen k\u00f6nnen. Dies gilt umso mehr, wenn man die Autofahrten eines Verbrauchers ber\u00fccksichtigt, der in mehreren lokalen Gesch\u00e4ften statt in einem einzigen Supermarkt einkauft.<\/p>\n<h2 id=\"h2_2\" >Welche Schl\u00fcsse lassen sich ziehen?<\/h2>\n<p>Es gibt gute Gr\u00fcnde daf\u00fcr, lokal einzukaufen. Wir haben jedoch festgestellt, dass die Realit\u00e4t hinter den Slogans komplexer ist. Einige der vermeintlichen Vorteile m\u00fcssen nuancierter betrachtet werden und kommen nicht unter allen Umst\u00e4nden zum Tragen. Wof\u00fcr sollten Sie sich also entscheiden? Diese Frage k\u00f6nnen nur Sie selbst beantworten. Bei diesem Thema h\u00e4ngt Ihre Entscheidung ganz von Ihren pers\u00f6nlichen Vorlieben und davon ab, wie Sie die f\u00fcr lokales Einkaufen sprechenden Argumente gewichten.<\/p>\n<p>Abschlie\u00dfend m\u00f6chten wir jedoch bekr\u00e4ftigen, dass Sie durch die Unterst\u00fctzung der luxemburgischen Wirtschaft zum Fortbestand eines Wirtschaftsmodells beitragen, um das uns viele beneiden. Luxemburg ist Produktionsstandort vieler hochwertiger Waren und Lebensmittel. Dar\u00fcber hinaus ist hier eine gro\u00dfe Zahl talentierter Handwerker sowie kompetenter und freundlicher Einzelh\u00e4ndler ans\u00e4ssig. Daher unsere Empfehlung: Machen Sie sich selbst ein Bild! Testen und probieren Sie, bevor Sie eine Entscheidung treffen. Wahrscheinlich werden Sie zu dem Schluss kommen, dass lokales Einkaufen sich h\u00e4ufig lohnt, in manchen F\u00e4llen jedoch keine Vorteile bietet oder gar nicht m\u00f6glich ist.<\/p>\n<p>Sie m\u00f6chten lokal einkaufen und wissen nicht, wo Sie das gew\u00fcnschte Produkt finden? Besuchen Sie <a href=\"https:\/\/letzshop.lu\/de\" target=\"_blank\" rel=\"noopener\"><span style=\"text-decoration: underline;\"><strong>Letzshop.lu<\/strong><\/span><\/a>, die Plattform f\u00fcr schnelles und unkompliziertes Online-Shopping bei lokalen H\u00e4ndlern.<\/p>\n","protected":false},"excerpt":{"rendered":"<p>Die Beschr\u00e4nkungen im Zuge der Corona-Pandemie haben zu mehr Online-Eink\u00e4ufen gef\u00fchrt und zugleich viele Gesch\u00e4fte vor Ort in Mitleidenschaft gezogen. Angesichts dieser Situation werden die Rufe nach lokalem Einkaufen zunehmend lauter. Sollte man diesem Trend folgen? myLIFE hat die Argumente in der aktuellen Debatte f\u00fcr Sie unter die Lupe genommen. Die letztendliche Entscheidung \u00fcberlassen wir &hellip; <\/p>\n<p class=\"link-more\"><a href=\"https:\/\/my-life.lu\/de\/was-spricht-fuer-lokales-einkaufen-59023\/\" class=\"more-link\">Continue reading<span class=\"screen-reader-text\"> &#8220;Was spricht f\u00fcr lokales Einkaufen?&#8221;<\/span><\/a><\/p>\n","protected":false},"author":4,"featured_media":17310,"comment_status":"closed","ping_status":"closed","sticky":false,"template":"","format":"standard","meta":{"_et_pb_use_builder":"","_et_pb_old_content":"","_et_gb_content_width":"","footnotes":"","beyondwords_generate_audio":"","beyondwords_integration_method":"","beyondwords_project_id":"","beyondwords_content_id":"","beyondwords_preview_token":"","beyondwords_player_content":"","beyondwords_player_style":"","beyondwords_language_code":"","beyondwords_language_id":"","beyondwords_title_voice_id":"","beyondwords_body_voice_id":"","beyondwords_summary_voice_id":"","beyondwords_error_message":"","beyondwords_disabled":"","beyondwords_delete_content":"","beyondwords_podcast_id":"","beyondwords_hash":"","publish_post_to_speechkit":"","speechkit_hash":"","speechkit_generate_audio":"","speechkit_project_id":"","speechkit_podcast_id":"","speechkit_error_message":"","speechkit_disabled":"","speechkit_access_key":"","speechkit_error":"","speechkit_info":"","speechkit_response":"","speechkit_retries":"","speechkit_status":"","speechkit_updated_at":"","_speechkit_link":"","_speechkit_text":""},"categories":[2,161],"tags":[453,454],"class_list":["post-17313","post","type-post","status-publish","format-standard","has-post-thumbnail","hentry","category-me-and-my-family-de","category-freizeit-de","tag-kontakt","tag-freizeit","my_family"],"yoast_head":"<!-- This site is optimized with the Yoast SEO Premium plugin v27.3 (Yoast SEO v27.3) - https:\/\/yoast.com\/product\/yoast-seo-premium-wordpress\/ -->\n<title>Was spricht f\u00fcr lokales Einkaufen? - myLIFE<\/title>\n<meta name=\"description\" content=\"Wir haben die Argumente, die f\u00fcr lokales Einkaufen sprechen, genau unter die Lupe genommen. Entscheiden Sie selbst!\" \/>\n<meta name=\"robots\" content=\"index, follow, max-snippet:-1, max-image-preview:large, max-video-preview:-1\" \/>\n<link rel=\"canonical\" href=\"https:\/\/my-life.lu\/de\/was-spricht-fuer-lokales-einkaufen-59023\/\" \/>\n<meta property=\"og:locale\" content=\"de_DE\" \/>\n<meta property=\"og:type\" content=\"article\" \/>\n<meta property=\"og:title\" content=\"Was spricht f\u00fcr lokales Einkaufen?\" \/>\n<meta property=\"og:description\" content=\"Wir haben die Argumente, die f\u00fcr lokales Einkaufen sprechen, genau unter die Lupe genommen. Entscheiden Sie selbst!\" \/>\n<meta property=\"og:url\" content=\"https:\/\/my-life.lu\/de\/was-spricht-fuer-lokales-einkaufen-59023\/\" \/>\n<meta property=\"og:site_name\" content=\"myLIFE\" \/>\n<meta property=\"article:published_time\" content=\"2022-04-04T07:00:58+00:00\" \/>\n<meta property=\"og:image\" content=\"https:\/\/my-life.lu\/wp-content\/uploads\/2022\/03\/Article_59023_2.jpg\" \/>\n\t<meta property=\"og:image:width\" content=\"2704\" \/>\n\t<meta property=\"og:image:height\" content=\"1796\" \/>\n\t<meta property=\"og:image:type\" content=\"image\/jpeg\" \/>\n<meta name=\"author\" content=\"Compiled by myLIFE team\" \/>\n<meta name=\"twitter:card\" content=\"summary_large_image\" \/>\n<meta name=\"twitter:label1\" content=\"Verfasst von\" \/>\n\t<meta name=\"twitter:data1\" content=\"Gesammelt von myLIFE team\" \/>\n\t<meta name=\"twitter:label2\" content=\"Gesch\u00e4tzte Lesezeit\" \/>\n\t<meta name=\"twitter:data2\" content=\"5\u00a0Minuten\" \/>\n<script type=\"application\/ld+json\" class=\"yoast-schema-graph\">{\"@context\":\"https:\\\/\\\/schema.org\",\"@graph\":[{\"@type\":\"Article\",\"@id\":\"https:\\\/\\\/my-life.lu\\\/de\\\/was-spricht-fuer-lokales-einkaufen-59023\\\/#article\",\"isPartOf\":{\"@id\":\"https:\\\/\\\/my-life.lu\\\/de\\\/was-spricht-fuer-lokales-einkaufen-59023\\\/\"},\"author\":{\"name\":\"Compiled by myLIFE team\",\"@id\":\"https:\\\/\\\/my-life.lu\\\/de\\\/#\\\/schema\\\/person\\\/224f7e554674eb9534cbab8498cd369b\"},\"headline\":\"Was spricht f\u00fcr lokales Einkaufen?\",\"datePublished\":\"2022-04-04T07:00:58+00:00\",\"mainEntityOfPage\":{\"@id\":\"https:\\\/\\\/my-life.lu\\\/de\\\/was-spricht-fuer-lokales-einkaufen-59023\\\/\"},\"wordCount\":1158,\"publisher\":{\"@id\":\"https:\\\/\\\/my-life.lu\\\/de\\\/#organization\"},\"image\":{\"@id\":\"https:\\\/\\\/my-life.lu\\\/de\\\/was-spricht-fuer-lokales-einkaufen-59023\\\/#primaryimage\"},\"thumbnailUrl\":\"https:\\\/\\\/my-life.lu\\\/wp-content\\\/uploads\\\/2022\\\/03\\\/Article_59023_2.jpg\",\"keywords\":[\"Kontakt\",\"Freizeit\"],\"articleSection\":[\"me&amp;myFAMILY\",\"Freizeit\"],\"inLanguage\":\"de\"},{\"@type\":\"WebPage\",\"@id\":\"https:\\\/\\\/my-life.lu\\\/de\\\/was-spricht-fuer-lokales-einkaufen-59023\\\/\",\"url\":\"https:\\\/\\\/my-life.lu\\\/de\\\/was-spricht-fuer-lokales-einkaufen-59023\\\/\",\"name\":\"Was spricht f\u00fcr lokales Einkaufen? - myLIFE\",\"isPartOf\":{\"@id\":\"https:\\\/\\\/my-life.lu\\\/de\\\/#website\"},\"primaryImageOfPage\":{\"@id\":\"https:\\\/\\\/my-life.lu\\\/de\\\/was-spricht-fuer-lokales-einkaufen-59023\\\/#primaryimage\"},\"image\":{\"@id\":\"https:\\\/\\\/my-life.lu\\\/de\\\/was-spricht-fuer-lokales-einkaufen-59023\\\/#primaryimage\"},\"thumbnailUrl\":\"https:\\\/\\\/my-life.lu\\\/wp-content\\\/uploads\\\/2022\\\/03\\\/Article_59023_2.jpg\",\"datePublished\":\"2022-04-04T07:00:58+00:00\",\"description\":\"Wir haben die Argumente, die f\u00fcr lokales Einkaufen sprechen, genau unter die Lupe genommen. Entscheiden Sie selbst!\",\"breadcrumb\":{\"@id\":\"https:\\\/\\\/my-life.lu\\\/de\\\/was-spricht-fuer-lokales-einkaufen-59023\\\/#breadcrumb\"},\"inLanguage\":\"de\",\"potentialAction\":[{\"@type\":\"ReadAction\",\"target\":[\"https:\\\/\\\/my-life.lu\\\/de\\\/was-spricht-fuer-lokales-einkaufen-59023\\\/\"]}]},{\"@type\":\"ImageObject\",\"inLanguage\":\"de\",\"@id\":\"https:\\\/\\\/my-life.lu\\\/de\\\/was-spricht-fuer-lokales-einkaufen-59023\\\/#primaryimage\",\"url\":\"https:\\\/\\\/my-life.lu\\\/wp-content\\\/uploads\\\/2022\\\/03\\\/Article_59023_2.jpg\",\"contentUrl\":\"https:\\\/\\\/my-life.lu\\\/wp-content\\\/uploads\\\/2022\\\/03\\\/Article_59023_2.jpg\",\"width\":2704,\"height\":1796},{\"@type\":\"BreadcrumbList\",\"@id\":\"https:\\\/\\\/my-life.lu\\\/de\\\/was-spricht-fuer-lokales-einkaufen-59023\\\/#breadcrumb\",\"itemListElement\":[{\"@type\":\"ListItem\",\"position\":1,\"name\":\"Home\",\"item\":\"https:\\\/\\\/my-life.lu\\\/de\\\/\"},{\"@type\":\"ListItem\",\"position\":2,\"name\":\"Was spricht f\u00fcr lokales Einkaufen?\"}]},{\"@type\":\"WebSite\",\"@id\":\"https:\\\/\\\/my-life.lu\\\/de\\\/#website\",\"url\":\"https:\\\/\\\/my-life.lu\\\/de\\\/\",\"name\":\"myLIFE\",\"description\":\"\",\"publisher\":{\"@id\":\"https:\\\/\\\/my-life.lu\\\/de\\\/#organization\"},\"potentialAction\":[{\"@type\":\"SearchAction\",\"target\":{\"@type\":\"EntryPoint\",\"urlTemplate\":\"https:\\\/\\\/my-life.lu\\\/de\\\/?s={search_term_string}\"},\"query-input\":{\"@type\":\"PropertyValueSpecification\",\"valueRequired\":true,\"valueName\":\"search_term_string\"}}],\"inLanguage\":\"de\"},{\"@type\":\"Organization\",\"@id\":\"https:\\\/\\\/my-life.lu\\\/de\\\/#organization\",\"name\":\"myLIFE\",\"url\":\"https:\\\/\\\/my-life.lu\\\/de\\\/\",\"logo\":{\"@type\":\"ImageObject\",\"inLanguage\":\"de\",\"@id\":\"https:\\\/\\\/my-life.lu\\\/de\\\/#\\\/schema\\\/logo\\\/image\\\/\",\"url\":\"https:\\\/\\\/my-life.lu\\\/wp-content\\\/uploads\\\/2018\\\/07\\\/myLIFE_LOGO_violet-AMP2.png\",\"contentUrl\":\"https:\\\/\\\/my-life.lu\\\/wp-content\\\/uploads\\\/2018\\\/07\\\/myLIFE_LOGO_violet-AMP2.png\",\"width\":190,\"height\":36,\"caption\":\"myLIFE\"},\"image\":{\"@id\":\"https:\\\/\\\/my-life.lu\\\/de\\\/#\\\/schema\\\/logo\\\/image\\\/\"}},{\"@type\":\"Person\",\"@id\":\"https:\\\/\\\/my-life.lu\\\/de\\\/#\\\/schema\\\/person\\\/224f7e554674eb9534cbab8498cd369b\",\"name\":\"Compiled by myLIFE team\",\"image\":{\"@type\":\"ImageObject\",\"inLanguage\":\"de\",\"@id\":\"https:\\\/\\\/secure.gravatar.com\\\/avatar\\\/28b395d9b8d5c7e9757fb0c7315ee854d88aef3f02f0c439e5813c8149eb6ecb?s=96&d=mm&r=g\",\"url\":\"https:\\\/\\\/secure.gravatar.com\\\/avatar\\\/28b395d9b8d5c7e9757fb0c7315ee854d88aef3f02f0c439e5813c8149eb6ecb?s=96&d=mm&r=g\",\"contentUrl\":\"https:\\\/\\\/secure.gravatar.com\\\/avatar\\\/28b395d9b8d5c7e9757fb0c7315ee854d88aef3f02f0c439e5813c8149eb6ecb?s=96&d=mm&r=g\",\"caption\":\"Compiled by myLIFE team\"},\"url\":\"https:\\\/\\\/my-life.lu\\\/de\\\/author\\\/compiled-by-mylife-team\\\/\"}]}<\/script>\n<!-- \/ Yoast SEO Premium plugin. -->","yoast_head_json":{"title":"Was spricht f\u00fcr lokales Einkaufen? - myLIFE","description":"Wir haben die Argumente, die f\u00fcr lokales Einkaufen sprechen, genau unter die Lupe genommen. Entscheiden Sie selbst!","robots":{"index":"index","follow":"follow","max-snippet":"max-snippet:-1","max-image-preview":"max-image-preview:large","max-video-preview":"max-video-preview:-1"},"canonical":"https:\/\/my-life.lu\/de\/was-spricht-fuer-lokales-einkaufen-59023\/","og_locale":"de_DE","og_type":"article","og_title":"Was spricht f\u00fcr lokales Einkaufen?","og_description":"Wir haben die Argumente, die f\u00fcr lokales Einkaufen sprechen, genau unter die Lupe genommen. Entscheiden Sie selbst!","og_url":"https:\/\/my-life.lu\/de\/was-spricht-fuer-lokales-einkaufen-59023\/","og_site_name":"myLIFE","article_published_time":"2022-04-04T07:00:58+00:00","og_image":[{"width":2704,"height":1796,"url":"https:\/\/my-life.lu\/wp-content\/uploads\/2022\/03\/Article_59023_2.jpg","type":"image\/jpeg"}],"author":"Compiled by myLIFE team","twitter_card":"summary_large_image","twitter_misc":{"Verfasst von":"Gesammelt von myLIFE team","Gesch\u00e4tzte Lesezeit":"5\u00a0Minuten"},"schema":{"@context":"https:\/\/schema.org","@graph":[{"@type":"Article","@id":"https:\/\/my-life.lu\/de\/was-spricht-fuer-lokales-einkaufen-59023\/#article","isPartOf":{"@id":"https:\/\/my-life.lu\/de\/was-spricht-fuer-lokales-einkaufen-59023\/"},"author":{"name":"Compiled by myLIFE team","@id":"https:\/\/my-life.lu\/de\/#\/schema\/person\/224f7e554674eb9534cbab8498cd369b"},"headline":"Was spricht f\u00fcr lokales Einkaufen?","datePublished":"2022-04-04T07:00:58+00:00","mainEntityOfPage":{"@id":"https:\/\/my-life.lu\/de\/was-spricht-fuer-lokales-einkaufen-59023\/"},"wordCount":1158,"publisher":{"@id":"https:\/\/my-life.lu\/de\/#organization"},"image":{"@id":"https:\/\/my-life.lu\/de\/was-spricht-fuer-lokales-einkaufen-59023\/#primaryimage"},"thumbnailUrl":"https:\/\/my-life.lu\/wp-content\/uploads\/2022\/03\/Article_59023_2.jpg","keywords":["Kontakt","Freizeit"],"articleSection":["me&amp;myFAMILY","Freizeit"],"inLanguage":"de"},{"@type":"WebPage","@id":"https:\/\/my-life.lu\/de\/was-spricht-fuer-lokales-einkaufen-59023\/","url":"https:\/\/my-life.lu\/de\/was-spricht-fuer-lokales-einkaufen-59023\/","name":"Was spricht f\u00fcr lokales Einkaufen? - myLIFE","isPartOf":{"@id":"https:\/\/my-life.lu\/de\/#website"},"primaryImageOfPage":{"@id":"https:\/\/my-life.lu\/de\/was-spricht-fuer-lokales-einkaufen-59023\/#primaryimage"},"image":{"@id":"https:\/\/my-life.lu\/de\/was-spricht-fuer-lokales-einkaufen-59023\/#primaryimage"},"thumbnailUrl":"https:\/\/my-life.lu\/wp-content\/uploads\/2022\/03\/Article_59023_2.jpg","datePublished":"2022-04-04T07:00:58+00:00","description":"Wir haben die Argumente, die f\u00fcr lokales Einkaufen sprechen, genau unter die Lupe genommen. Entscheiden Sie selbst!","breadcrumb":{"@id":"https:\/\/my-life.lu\/de\/was-spricht-fuer-lokales-einkaufen-59023\/#breadcrumb"},"inLanguage":"de","potentialAction":[{"@type":"ReadAction","target":["https:\/\/my-life.lu\/de\/was-spricht-fuer-lokales-einkaufen-59023\/"]}]},{"@type":"ImageObject","inLanguage":"de","@id":"https:\/\/my-life.lu\/de\/was-spricht-fuer-lokales-einkaufen-59023\/#primaryimage","url":"https:\/\/my-life.lu\/wp-content\/uploads\/2022\/03\/Article_59023_2.jpg","contentUrl":"https:\/\/my-life.lu\/wp-content\/uploads\/2022\/03\/Article_59023_2.jpg","width":2704,"height":1796},{"@type":"BreadcrumbList","@id":"https:\/\/my-life.lu\/de\/was-spricht-fuer-lokales-einkaufen-59023\/#breadcrumb","itemListElement":[{"@type":"ListItem","position":1,"name":"Home","item":"https:\/\/my-life.lu\/de\/"},{"@type":"ListItem","position":2,"name":"Was spricht f\u00fcr lokales Einkaufen?"}]},{"@type":"WebSite","@id":"https:\/\/my-life.lu\/de\/#website","url":"https:\/\/my-life.lu\/de\/","name":"myLIFE","description":"","publisher":{"@id":"https:\/\/my-life.lu\/de\/#organization"},"potentialAction":[{"@type":"SearchAction","target":{"@type":"EntryPoint","urlTemplate":"https:\/\/my-life.lu\/de\/?s={search_term_string}"},"query-input":{"@type":"PropertyValueSpecification","valueRequired":true,"valueName":"search_term_string"}}],"inLanguage":"de"},{"@type":"Organization","@id":"https:\/\/my-life.lu\/de\/#organization","name":"myLIFE","url":"https:\/\/my-life.lu\/de\/","logo":{"@type":"ImageObject","inLanguage":"de","@id":"https:\/\/my-life.lu\/de\/#\/schema\/logo\/image\/","url":"https:\/\/my-life.lu\/wp-content\/uploads\/2018\/07\/myLIFE_LOGO_violet-AMP2.png","contentUrl":"https:\/\/my-life.lu\/wp-content\/uploads\/2018\/07\/myLIFE_LOGO_violet-AMP2.png","width":190,"height":36,"caption":"myLIFE"},"image":{"@id":"https:\/\/my-life.lu\/de\/#\/schema\/logo\/image\/"}},{"@type":"Person","@id":"https:\/\/my-life.lu\/de\/#\/schema\/person\/224f7e554674eb9534cbab8498cd369b","name":"Compiled by myLIFE team","image":{"@type":"ImageObject","inLanguage":"de","@id":"https:\/\/secure.gravatar.com\/avatar\/28b395d9b8d5c7e9757fb0c7315ee854d88aef3f02f0c439e5813c8149eb6ecb?s=96&d=mm&r=g","url":"https:\/\/secure.gravatar.com\/avatar\/28b395d9b8d5c7e9757fb0c7315ee854d88aef3f02f0c439e5813c8149eb6ecb?s=96&d=mm&r=g","contentUrl":"https:\/\/secure.gravatar.com\/avatar\/28b395d9b8d5c7e9757fb0c7315ee854d88aef3f02f0c439e5813c8149eb6ecb?s=96&d=mm&r=g","caption":"Compiled by myLIFE team"},"url":"https:\/\/my-life.lu\/de\/author\/compiled-by-mylife-team\/"}]}},"_links":{"self":[{"href":"https:\/\/my-life.lu\/de\/wp-json\/wp\/v2\/posts\/17313","targetHints":{"allow":["GET"]}}],"collection":[{"href":"https:\/\/my-life.lu\/de\/wp-json\/wp\/v2\/posts"}],"about":[{"href":"https:\/\/my-life.lu\/de\/wp-json\/wp\/v2\/types\/post"}],"author":[{"embeddable":true,"href":"https:\/\/my-life.lu\/de\/wp-json\/wp\/v2\/users\/4"}],"replies":[{"embeddable":true,"href":"https:\/\/my-life.lu\/de\/wp-json\/wp\/v2\/comments?post=17313"}],"version-history":[{"count":2,"href":"https:\/\/my-life.lu\/de\/wp-json\/wp\/v2\/posts\/17313\/revisions"}],"predecessor-version":[{"id":17317,"href":"https:\/\/my-life.lu\/de\/wp-json\/wp\/v2\/posts\/17313\/revisions\/17317"}],"wp:featuredmedia":[{"embeddable":true,"href":"https:\/\/my-life.lu\/de\/wp-json\/wp\/v2\/media\/17310"}],"wp:attachment":[{"href":"https:\/\/my-life.lu\/de\/wp-json\/wp\/v2\/media?parent=17313"}],"wp:term":[{"taxonomy":"category","embeddable":true,"href":"https:\/\/my-life.lu\/de\/wp-json\/wp\/v2\/categories?post=17313"},{"taxonomy":"post_tag","embeddable":true,"href":"https:\/\/my-life.lu\/de\/wp-json\/wp\/v2\/tags?post=17313"}],"curies":[{"name":"wp","href":"https:\/\/api.w.org\/{rel}","templated":true}]}}