{"id":22316,"date":"2024-01-29T09:00:36","date_gmt":"2024-01-29T08:00:36","guid":{"rendered":"https:\/\/my-life.lu\/?p=22316"},"modified":"2023-11-15T09:51:53","modified_gmt":"2023-11-15T08:51:53","slug":"was-die-dsgvo-fuer-selbstaendige-bedeutet-21051","status":"publish","type":"post","link":"https:\/\/my-life.lu\/de\/was-die-dsgvo-fuer-selbstaendige-bedeutet-21051\/","title":{"rendered":"Was die DSGVO f\u00fcr Selbst\u00e4ndige bedeutet"},"content":{"rendered":"<div id=\"playht-iframe-wrapper\" style=\"max-height: 210px !important;\">\n\t<iframe\n\tscrolling=\"no\"\n\tclass=\"playht-iframe-player\"\n\tid=\"playht-iframe-player\"\n\theight=\"90px\"\n\twidth=\"100%\"\n\tframeborder=\"0\"\n\tstyle=\"max-height: 90px; height: 90px !important;\"\n\tsrc=\"https:\/\/play.ht\/embed\/?article_url=https:\/\/my-life.lu\/de\/?p=22316&voice=de-DE-Wavenet-C&appId=fiFJxxWiUV3tImG&trans_id=-NjHBEXkIJqADdvVo54o\"\n\tdata-voice=\"de-DE-Wavenet-C\"\n\tarticle-url=\"https:\/\/my-life.lu\/de\/?p=22316\"\n\tdata-appId=\"fiFJxxWiUV3tImG\"\n\tallowfullscreen=\"\">\n\t<\/iframe>\n<\/div>\n<p class=\"entete\">Sie sind selbst\u00e4ndig und wollen sicherstellen, dass Sie die DSGVO einhalten? Die Digitalabteilung der Rechtsanwaltskanzlei DSM Avocats \u00e0 la Cour zeigt Ihnen die notwendigen Schritte, um ein Ass in Sachen Datenschutz zu werden.<\/p>\n<p>Die Datenschutz-Grundverordnung (DSGVO) hat seit ihrem Inkrafttreten im Jahr 2018 viel Aufmerksamkeit auf sich gezogen und die Grunds\u00e4tze des Datenschutzes werden allm\u00e4hlich auch der breiten \u00d6ffentlichkeit bekannt. Die DSGVO ist eine Verordnung der Europ\u00e4ischen Union zum Schutz personenbezogener Daten. Ziel ist es, die Privatsph\u00e4re der B\u00fcrger der Europ\u00e4ischen Union durch mehr Rechte zu sch\u00fctzen und insbesondere einen Rahmen f\u00fcr die Nutzung personenbezogener Daten durch Unternehmen zu schaffen.<\/p>\n<h2 id=\"h2_0\" >Bin ich davon betroffen?<\/h2>\n<p>Der Anwendungsbereich der Datenschutz-Grundverordnung ist sehr weit gefasst. Sie gilt f\u00fcr jede Organisation, die personenbezogene Daten erhebt oder verarbeitet. Somit sind alle Unternehmen unabh\u00e4ngig von ihrer Gr\u00f6\u00dfe oder ihrem T\u00e4tigkeitsbereich betroffen. Auch Sie als Selbst\u00e4ndige oder Selbst\u00e4ndiger sind vom Datenschutz betroffen und m\u00fcssen die Vorgaben einhalten!<\/p>\n<blockquote><p>Wenn Sie im Rahmen Ihrer T\u00e4tigkeit personenbezogene Daten verarbeiten, sind Sie von der DSGVO betroffen.<\/p><\/blockquote>\n<p>Ob Einzelunternehmer oder Kleinunternehmen: Wenn Sie im Rahmen Ihrer T\u00e4tigkeit personenbezogene Daten verarbeiten, sind Sie von der DSGVO betroffen \u2013 unabh\u00e4ngig von Ihrem Status. Aber keine Panik, wenn personenbezogene Daten nicht im Mittelpunkt Ihrer T\u00e4tigkeit stehen, wird sich der Aufwand zur Einhaltung der Vorschriften in Grenzen halten.<\/p>\n<h2 id=\"h2_1\" >Wie stelle ich sicher, dass ich die DSGVO-Vorschriften einhalte?<\/h2>\n<p>Zur Einhaltung der Vorschriften sind mehrere Schritte erforderlich. Am wichtigsten ist es zun\u00e4chst, die <a href=\"https:\/\/www.cnil.fr\/fr\/definition\/traitement-de-donnees-personnelles\" target=\"_blank\" rel=\"noopener\"><span style=\"text-decoration: underline;\"><strong>Datenverarbeitung<\/strong><\/span><\/a> genau zu betrachten, wobei es um die Erfassung, Sortierung und Sicherung von Daten sowie darum geht, den Betroffenen die Aus\u00fcbung ihrer Rechte zu erm\u00f6glichen. Dies sind die vier wichtigsten Schritte zur Einhaltung der Vorschriften.<\/p>\n<p>Die sich aus der DSGVO ergebenden Pflichten sind in zwei Teile gegliedert: Zun\u00e4chst sind die Grunds\u00e4tze des Datenschutzes aufgef\u00fchrt, die die Eckpfeiler des Textes bilden, danach folgen bew\u00e4hrte Verfahren.<\/p>\n<h2 id=\"h2_2\" >Was sind die wichtigsten Grunds\u00e4tze des Datenschutzes?<\/h2>\n<ul>\n<li style=\"list-style-type: none;\">\n<ul>\n<li><strong>Grunds\u00e4tze der Rechtm\u00e4\u00dfigkeit, der Verarbeitung nach Treu und Glauben und der Transparenz.<\/strong> Wenn Sie personenbezogene Daten erheben, m\u00fcssen Sie dies auf rechtm\u00e4\u00dfige Weise (d.h. unter Anwendung einer der sechs Rechtsgrundlagen der DSGVO), nach Treu und Glauben und in einer nachvollziehbaren Weise tun. Der f\u00fcr die Verarbeitung <span style=\"font-size: 1rem;\">Verantwortliche<\/span><span style=\"font-size: 1rem;\"> muss stets in gutem Glauben handeln. Zum Grundsatz der Transparenz geh\u00f6rt auch, die betroffenen Personen \u00fcber die Verarbeitung ihrer personenbezogenen Daten zu informieren und sie insbesondere \u00fcber ihre bestehenden und k\u00fcnftigen Rechte im Rahmen der DSGVO aufzukl\u00e4ren.<\/span><\/li>\n<\/ul>\n<\/li>\n<\/ul>\n<ul>\n<li style=\"list-style-type: none;\">\n<ul>\n<li><strong>Grundsatz der Zweckbindung.<\/strong> Personenbezogene Daten d\u00fcrfen nur f\u00fcr festgelegte, eindeutige und legitime Zwecke erhoben werden. Die Daten d\u00fcrfen nicht in einer mit diesen Zwecken nicht zu vereinbarenden Weise weiterverarbeitet werden (z.B. Weiterverwendung f\u00fcr einen anderen Zweck).<\/li>\n<\/ul>\n<\/li>\n<\/ul>\n<blockquote><p>Personenbezogene Daten d\u00fcrfen nur f\u00fcr festgelegte, eindeutige und legitime Zwecke erhoben werden.<\/p><\/blockquote>\n<ul>\n<li style=\"list-style-type: none;\">\n<ul>\n<li><strong>Grunds\u00e4tze der Datenminimierung und der Richtigkeit<\/strong>. Wenn Sie personenbezogene Daten erheben, m\u00fcssen Sie sicherstellen, dass Sie nur diejenigen Daten erheben, die f\u00fcr den jeweiligen Zweck unbedingt erforderlich sind. Die erhobenen Daten m\u00fcssen erheblich sein, d.h. sie m\u00fcssen die Realit\u00e4t so genau wie m\u00f6glich widerspiegeln. Das bedeutet, dass sie auf dem neuesten Stand sein m\u00fcssen.<\/li>\n<\/ul>\n<\/li>\n<\/ul>\n<ul>\n<li style=\"list-style-type: none;\">\n<ul>\n<li><strong>Grundsatz der begrenzten Speicherung<\/strong>. Wenn Sie personenbezogene Daten erheben, m\u00fcssen Sie sicherstellen, dass die Daten nicht unbegrenzt gespeichert werden. Die Daten d\u00fcrfen nicht l\u00e4nger als n\u00f6tig gespeichert werden, wobei die Speicherfrist von dem Zweck abh\u00e4ngt, f\u00fcr den sie erhoben wurden.<\/li>\n<\/ul>\n<\/li>\n<\/ul>\n<ul>\n<li style=\"list-style-type: none;\">\n<ul>\n<li><strong>Grundsatz der Integrit\u00e4t und Vertraulichkeit.<\/strong> Wenn Sie personenbezogene Daten erheben, m\u00fcssen Sie eine angemessene Sicherheit bei der Verarbeitung der Daten gew\u00e4hrleisten. Hierzu sind geeignete technische und organisatorische Ma\u00dfnahmen zu treffen (z.B. Pseudonymisierung, Verschl\u00fcsselung, regelm\u00e4\u00dfige Datensicherung, Beschr\u00e4nkung des Zugriffs auf die Daten usw.).<\/li>\n<\/ul>\n<\/li>\n<\/ul>\n<h2 id=\"h2_3\" >Wie k\u00f6nnen die Rechte der betroffenen Personen gew\u00e4hrleistet werden?<\/h2>\n<p>Da <strong>die Rechte der betroffenen Personen<\/strong> im Mittelpunkt der DSGVO stehen, ist es entscheidend, dass diese Rechte beachtet werden und entsprechende Garantien gegeben werden k\u00f6nnen.<\/p>\n<p>Zun\u00e4chst muss man in der Lage sein, die betroffene Person umfassend \u00fcber die geplante Datenverarbeitung zu informieren. Diese Information muss verst\u00e4ndlich und leicht zug\u00e4nglich sein. Dabei handelt es sich um das Recht auf Information.<\/p>\n<p>Au\u00dferdem muss der <a href=\"https:\/\/www.cnil.fr\/fr\/definition\/responsable-de-traitement\" target=\"_blank\" rel=\"noopener\"><span style=\"text-decoration: underline;\"><strong>f\u00fcr die Verarbeitung Verantwortliche<\/strong><\/span><\/a>, d.h. die Person, die die Verarbeitung veranlasst hat, in der Lage sein, den Antr\u00e4gen der betroffenen Personen auf Aus\u00fcbung ihrer Rechte zu entsprechen. Diese Rechte umfassen unter anderem das Recht auf Auskunft, Berichtigung und L\u00f6schung.<\/p>\n<p>All diese Rechte zielen darauf ab, den betroffenen Personen die Kontrolle \u00fcber ihre personenbezogenen Daten zur\u00fcckzugeben. Die DSGVO st\u00e4rkt die Rechte der betroffenen Personen auf Kontrolle \u00fcber ihre Daten.<\/p>\n<h2 id=\"h2_4\" >Wie sollte man am besten vorgehen?<\/h2>\n<p>Zun\u00e4chst m\u00fcssen Sie ein <a href=\"https:\/\/www.cnil.fr\/fr\/definition\/registre-des-activites-de-traitement\" target=\"_blank\" rel=\"noopener\"><span style=\"text-decoration: underline;\"><strong>Verzeichnis von Verarbeitungst\u00e4tigkeiten<\/strong><\/span><\/a> f\u00fchren. Dabei handelt es sich um ein zentrales Dokument, in dem alle Verarbeitungen personenbezogener Daten erfasst werden, die im Rahmen der T\u00e4tigkeiten des Unternehmens durchgef\u00fchrt werden. Hier sollen die wichtigsten Informationen \u00fcber die Verarbeitung dokumentiert werden (Zweck der Datenverarbeitung, Art der gesammelten Daten, Dauer der Speicherung usw.). Das Verzeichnis erleichtert auch die Bearbeitung von Antr\u00e4gen betroffener Personen auf Aus\u00fcbung ihrer Rechte und bietet einen \u00dcberblick \u00fcber alle vom Unternehmen durchgef\u00fchrten Verarbeitungst\u00e4tigkeiten. Es dient dazu, im Falle einer Kontrolle die Konformit\u00e4t der Verarbeitung nachzuweisen.<\/p>\n<p>Au\u00dferdem m\u00fcssen Sie die Rechtsgrundlage der Verarbeitung angeben, auf die sich die Datenverarbeitung st\u00fctzt. In der DSGVO werden sechs Rechtsgrundlagen genannt, von denen die Einwilligung die bekannteste ist. Sie kommt jedoch nur dann zur Anwendung, wenn keine andere Rechtsgrundlage f\u00fcr die Datenverarbeitung in Betracht kommt (beispielsweise die Erf\u00fcllung eines Vertrages). Dar\u00fcber hinaus ist die <a href=\"https:\/\/www.cnil.fr\/fr\/definition\/consentement\" target=\"_blank\" rel=\"noopener\"><span style=\"text-decoration: underline;\"><strong>Einwilligung<\/strong><\/span><\/a> jeweils f\u00fcr einen bestimmten Zweck zu geben und kann von der betroffenen Person jederzeit widerrufen werden.<\/p>\n<blockquote><p>Die Datenschutzbeh\u00f6rden empfehlen, einen DSB zu benennen, wenn regelm\u00e4\u00dfig personenbezogene Daten verarbeitet werden.<\/p><\/blockquote>\n<p>Sie sollten auch pr\u00fcfen, ob Sie verpflichtet sind, einen <a href=\"https:\/\/www.cnil.fr\/fr\/definition\/delegue-la-protection-des-donnees-dpo\" target=\"_blank\" rel=\"noopener\"><span style=\"text-decoration: underline;\"><strong>Datenschutzbeauftragten (DSB)<\/strong><\/span><\/a> zu benennen. Diese Verpflichtung besteht nur in bestimmten F\u00e4llen, aber es lohnt sich immer, sich diese Frage zu stellen. Die Datenschutzbeh\u00f6rden empfehlen, einen DSB zu benennen, wenn regelm\u00e4\u00dfig personenbezogene Daten verarbeitet werden. Die Benennung eines DSB kann je nach Ihrer T\u00e4tigkeit vorgeschrieben, erforderlich oder nicht notwendig sein. Gut zu wissen: Wenn Sie einen DSB bestellen, der f\u00fcr mehrere Selbst\u00e4ndige t\u00e4tig ist, k\u00f6nnen Sie die damit verbundenen Kosten reduzieren.<\/p>\n<p>Der DSB \u00fcberwacht die Datenverarbeitung. Er informiert, kontrolliert und schult die Besch\u00e4ftigten, die Daten verarbeiten, um sicherzustellen, dass sie die Grunds\u00e4tze des Datenschutzes einhalten. Da der DSB nur eine beratende Funktion hat, bleiben Sie allein f\u00fcr die Einhaltung der DSGVO verantwortlich!<\/p>\n<h2 id=\"h2_5\" >Welche Vorteile hat die Einhaltung der Vorgaben?<\/h2>\n<p>Die Einhaltung der DSGVO ist nicht nur aus rechtlichen Gr\u00fcnden notwendig, sondern auch eine Gelegenheit, den eigenen Umgang mit Daten und die Gestaltung der digitalen Transformation zu hinterfragen. Es gibt also viele gute Gr\u00fcnde, die Einhaltung der DSGVO als Chance zu begreifen.<\/p>\n<p>Durch die St\u00e4rkung der Rechte der betroffenen Personen und die Anwendung von Grunds\u00e4tzen wie Transparenz tr\u00e4gt die Datenschutz-Grundverordnung in erster Linie dazu bei, das Image Ihres Unternehmens zu verbessern. Ein Unternehmen, das die Datenschutzbestimmungen einh\u00e4lt, zeigt sich als seri\u00f6ses und verantwortungsbewusstes Unternehmen. Das schafft Vertrauen.<\/p>\n<p>Au\u00dferdem erm\u00f6glicht die DSGVO ein verbessertes Datenmanagement und in der Folge eine h\u00f6here Produktivit\u00e4t. Durch eine bessere Unternehmensf\u00fchrung und die Beantwortung der richtigen Fragen k\u00f6nnen Sie Ihre Investitionen optimieren.<\/p>\n<p>Dar\u00fcber hinaus gibt die Einhaltung der Vorschriften der DSGVO Ihren Kunden und potenziellen Kunden ein Gef\u00fchl der Sicherheit, was einen Wettbewerbsvorteil darstellen kann. Die Gewissheit, dass bei der Verarbeitung ihrer Daten besondere Sicherheitsvorkehrungen getroffen werden, wirkt sich positiv auf die Beziehungen zu Ihren Gesch\u00e4ftspartnern aus.<\/p>\n<blockquote><p>Verst\u00f6\u00dfe gegen die DSGVO sind strafbar. Als Selbstst\u00e4ndiger tragen Sie das gleiche Risiko wie ein gro\u00dfes Unternehmen.<\/p><\/blockquote>\n<p>Bedenken Sie, dass Verst\u00f6\u00dfe gegen die DSGVO strafbar sind. Als Selbstst\u00e4ndiger tragen Sie das gleiche Risiko wie ein gro\u00dfes Unternehmen. Es drohen Geldstrafen von bis zu 20 Millionen Euro oder 4% des Umsatzes sowie ein gro\u00dfer Reputationsverlust f\u00fcr Ihr Unternehmen. Datenschutzkontrollen erfolgen sowohl anlassbezogen als auch anlasslos. Sie k\u00f6nnen auch durch Beschwerden unzufriedener ehemaliger Mitarbeiter oder Konkurrenten ausgel\u00f6st werden, die glauben, dass Sie sich durch die Nichteinhaltung von Vorschriften einen Wettbewerbsvorteil verschaffen.<\/p>\n<p><em><span style=\"font-size: 14pt;\">Sie haben nun alle Informationen, die Sie ben\u00f6tigen, um als Selbst\u00e4ndiger die Vorgaben der DSGVO einzuhalten. Ben\u00f6tigen Sie Hilfe bei der Umsetzung von Ma\u00dfnahmen zur Einhaltung der Vorschriften oder haben Sie spezifische Fragen? Nutzen Sie die Expertise von Rechtsanw\u00e4lten, die sich auf die DSGVO spezialisiert haben.<\/span><\/em><\/p>\n<p>Der vorliegende Inhalt wurde von der <a href=\"https:\/\/www.dsm.legal\/de\/digital-tmt-datenschutz-luxembourg-it-kanzlei\/\" target=\"_blank\" rel=\"noopener\"><span style=\"text-decoration: underline;\"><strong>Digitalabteilung<\/strong><\/span><\/a> der Kanzlei <a href=\"https:\/\/www.dsm.legal\/de\/\" target=\"_blank\" rel=\"noopener\"><span style=\"text-decoration: underline;\"><strong>DSM Avocats \u00e0 la Cour<\/strong><\/span><\/a> verfasst*.<\/p>\n<p><span style=\"font-size: 10pt;\">* Artikel aus dem Franz\u00f6sischen \u00fcbersetzt von einem Dienstleister der BIL<\/span><\/p>\n","protected":false},"excerpt":{"rendered":"<p>Sie sind selbst\u00e4ndig und wollen sicherstellen, dass Sie die DSGVO einhalten? Die Digitalabteilung der Rechtsanwaltskanzlei DSM Avocats \u00e0 la Cour zeigt Ihnen die notwendigen Schritte, um ein Ass in Sachen Datenschutz zu werden. Die Datenschutz-Grundverordnung (DSGVO) hat seit ihrem Inkrafttreten im Jahr 2018 viel Aufmerksamkeit auf sich gezogen und die Grunds\u00e4tze des Datenschutzes werden allm\u00e4hlich &hellip; <\/p>\n<p class=\"link-more\"><a href=\"https:\/\/my-life.lu\/de\/was-die-dsgvo-fuer-selbstaendige-bedeutet-21051\/\" class=\"more-link\">Continue reading<span class=\"screen-reader-text\"> &#8220;Was die DSGVO f\u00fcr Selbst\u00e4ndige bedeutet&#8221;<\/span><\/a><\/p>\n","protected":false},"author":4,"featured_media":22313,"comment_status":"closed","ping_status":"closed","sticky":false,"template":"","format":"standard","meta":{"_et_pb_use_builder":"","_et_pb_old_content":"","_et_gb_content_width":"","footnotes":"","beyondwords_generate_audio":"","beyondwords_integration_method":"","beyondwords_project_id":"","beyondwords_content_id":"","beyondwords_preview_token":"","beyondwords_player_content":"","beyondwords_player_style":"","beyondwords_language_code":"","beyondwords_language_id":"","beyondwords_title_voice_id":"","beyondwords_body_voice_id":"","beyondwords_summary_voice_id":"","beyondwords_error_message":"","beyondwords_disabled":"","beyondwords_delete_content":"","beyondwords_podcast_id":"","beyondwords_hash":"","publish_post_to_speechkit":"","speechkit_hash":"","speechkit_generate_audio":"","speechkit_project_id":"","speechkit_podcast_id":"","speechkit_error_message":"","speechkit_disabled":"","speechkit_access_key":"","speechkit_error":"","speechkit_info":"","speechkit_response":"","speechkit_retries":"","speechkit_status":"","speechkit_updated_at":"","_speechkit_link":"","_speechkit_text":""},"categories":[169,18,172],"tags":[576,238,421,467],"class_list":["post-22316","post","type-post","status-publish","format-standard","has-post-thumbnail","hentry","category-unternehmer-und-geschaftsfuhrer-de","category-mycompany-de","category-verwaltung-de-2","tag-entrepreneurs-dirigeants-de","tag-entrepreneurs-dirigeants","tag-business-owner_de","tag-verwaltung","my_company"],"yoast_head":"<!-- This site is optimized with the Yoast SEO Premium plugin v27.3 (Yoast SEO v27.3) - https:\/\/yoast.com\/product\/yoast-seo-premium-wordpress\/ -->\n<title>Was die DSGVO f\u00fcr Selbst\u00e4ndige bedeutet - myLIFE<\/title>\n<meta name=\"description\" content=\"Welche Schritte Selbst\u00e4ndige unternehmen m\u00fcssen, um den Anforderungen der DSGVO zu entsprechen und ein Ass in Sachen Datenschutz zu werden.\" \/>\n<meta name=\"robots\" content=\"index, follow, max-snippet:-1, max-image-preview:large, max-video-preview:-1\" \/>\n<link rel=\"canonical\" href=\"https:\/\/my-life.lu\/de\/was-die-dsgvo-fuer-selbstaendige-bedeutet-21051\/\" \/>\n<meta property=\"og:locale\" content=\"de_DE\" \/>\n<meta property=\"og:type\" content=\"article\" \/>\n<meta property=\"og:title\" content=\"Was die DSGVO f\u00fcr Selbst\u00e4ndige bedeutet\" \/>\n<meta property=\"og:description\" content=\"Welche Schritte Selbst\u00e4ndige unternehmen m\u00fcssen, um den Anforderungen der DSGVO zu entsprechen und ein Ass in Sachen Datenschutz zu werden.\" \/>\n<meta property=\"og:url\" content=\"https:\/\/my-life.lu\/de\/was-die-dsgvo-fuer-selbstaendige-bedeutet-21051\/\" \/>\n<meta property=\"og:site_name\" content=\"myLIFE\" \/>\n<meta property=\"article:published_time\" content=\"2024-01-29T08:00:36+00:00\" \/>\n<meta property=\"og:image\" content=\"https:\/\/my-life.lu\/wp-content\/uploads\/2023\/11\/Article_21051-e1700035707396.jpg\" \/>\n\t<meta property=\"og:image:width\" content=\"3774\" \/>\n\t<meta property=\"og:image:height\" content=\"2514\" \/>\n\t<meta property=\"og:image:type\" content=\"image\/jpeg\" \/>\n<meta name=\"author\" content=\"Compiled by myLIFE team\" \/>\n<meta name=\"twitter:card\" content=\"summary_large_image\" \/>\n<meta name=\"twitter:label1\" content=\"Verfasst von\" \/>\n\t<meta name=\"twitter:data1\" content=\"Gesammelt von myLIFE team\" \/>\n\t<meta name=\"twitter:label2\" content=\"Gesch\u00e4tzte Lesezeit\" \/>\n\t<meta name=\"twitter:data2\" content=\"7\u00a0Minuten\" \/>\n<script type=\"application\/ld+json\" class=\"yoast-schema-graph\">{\"@context\":\"https:\\\/\\\/schema.org\",\"@graph\":[{\"@type\":\"Article\",\"@id\":\"https:\\\/\\\/my-life.lu\\\/de\\\/was-die-dsgvo-fuer-selbstaendige-bedeutet-21051\\\/#article\",\"isPartOf\":{\"@id\":\"https:\\\/\\\/my-life.lu\\\/de\\\/was-die-dsgvo-fuer-selbstaendige-bedeutet-21051\\\/\"},\"author\":{\"name\":\"Compiled by myLIFE team\",\"@id\":\"https:\\\/\\\/my-life.lu\\\/de\\\/#\\\/schema\\\/person\\\/224f7e554674eb9534cbab8498cd369b\"},\"headline\":\"Was die DSGVO f\u00fcr Selbst\u00e4ndige bedeutet\",\"datePublished\":\"2024-01-29T08:00:36+00:00\",\"mainEntityOfPage\":{\"@id\":\"https:\\\/\\\/my-life.lu\\\/de\\\/was-die-dsgvo-fuer-selbstaendige-bedeutet-21051\\\/\"},\"wordCount\":1488,\"publisher\":{\"@id\":\"https:\\\/\\\/my-life.lu\\\/de\\\/#organization\"},\"image\":{\"@id\":\"https:\\\/\\\/my-life.lu\\\/de\\\/was-die-dsgvo-fuer-selbstaendige-bedeutet-21051\\\/#primaryimage\"},\"thumbnailUrl\":\"https:\\\/\\\/my-life.lu\\\/wp-content\\\/uploads\\\/2023\\\/11\\\/Article_21051-e1700035707396.jpg\",\"keywords\":[\"Unternehmer &amp; Gesch\u00e4ftsf\u00fchrer\",\"Entrepreneurs &amp; dirigeants\",\"Business Owner\",\"Verwaltung\"],\"articleSection\":[\"Unternehmer &amp; Gesch\u00e4ftsf\u00fchrer\",\"myCOMPANY\",\"Verwaltung\"],\"inLanguage\":\"de\"},{\"@type\":\"WebPage\",\"@id\":\"https:\\\/\\\/my-life.lu\\\/de\\\/was-die-dsgvo-fuer-selbstaendige-bedeutet-21051\\\/\",\"url\":\"https:\\\/\\\/my-life.lu\\\/de\\\/was-die-dsgvo-fuer-selbstaendige-bedeutet-21051\\\/\",\"name\":\"Was die DSGVO f\u00fcr Selbst\u00e4ndige bedeutet - myLIFE\",\"isPartOf\":{\"@id\":\"https:\\\/\\\/my-life.lu\\\/de\\\/#website\"},\"primaryImageOfPage\":{\"@id\":\"https:\\\/\\\/my-life.lu\\\/de\\\/was-die-dsgvo-fuer-selbstaendige-bedeutet-21051\\\/#primaryimage\"},\"image\":{\"@id\":\"https:\\\/\\\/my-life.lu\\\/de\\\/was-die-dsgvo-fuer-selbstaendige-bedeutet-21051\\\/#primaryimage\"},\"thumbnailUrl\":\"https:\\\/\\\/my-life.lu\\\/wp-content\\\/uploads\\\/2023\\\/11\\\/Article_21051-e1700035707396.jpg\",\"datePublished\":\"2024-01-29T08:00:36+00:00\",\"description\":\"Welche Schritte Selbst\u00e4ndige unternehmen m\u00fcssen, um den Anforderungen der DSGVO zu entsprechen und ein Ass in Sachen Datenschutz zu werden.\",\"breadcrumb\":{\"@id\":\"https:\\\/\\\/my-life.lu\\\/de\\\/was-die-dsgvo-fuer-selbstaendige-bedeutet-21051\\\/#breadcrumb\"},\"inLanguage\":\"de\",\"potentialAction\":[{\"@type\":\"ReadAction\",\"target\":[\"https:\\\/\\\/my-life.lu\\\/de\\\/was-die-dsgvo-fuer-selbstaendige-bedeutet-21051\\\/\"]}]},{\"@type\":\"ImageObject\",\"inLanguage\":\"de\",\"@id\":\"https:\\\/\\\/my-life.lu\\\/de\\\/was-die-dsgvo-fuer-selbstaendige-bedeutet-21051\\\/#primaryimage\",\"url\":\"https:\\\/\\\/my-life.lu\\\/wp-content\\\/uploads\\\/2023\\\/11\\\/Article_21051-e1700035707396.jpg\",\"contentUrl\":\"https:\\\/\\\/my-life.lu\\\/wp-content\\\/uploads\\\/2023\\\/11\\\/Article_21051-e1700035707396.jpg\",\"width\":3774,\"height\":2514},{\"@type\":\"BreadcrumbList\",\"@id\":\"https:\\\/\\\/my-life.lu\\\/de\\\/was-die-dsgvo-fuer-selbstaendige-bedeutet-21051\\\/#breadcrumb\",\"itemListElement\":[{\"@type\":\"ListItem\",\"position\":1,\"name\":\"Home\",\"item\":\"https:\\\/\\\/my-life.lu\\\/de\\\/\"},{\"@type\":\"ListItem\",\"position\":2,\"name\":\"Was die DSGVO f\u00fcr Selbst\u00e4ndige bedeutet\"}]},{\"@type\":\"WebSite\",\"@id\":\"https:\\\/\\\/my-life.lu\\\/de\\\/#website\",\"url\":\"https:\\\/\\\/my-life.lu\\\/de\\\/\",\"name\":\"myLIFE\",\"description\":\"\",\"publisher\":{\"@id\":\"https:\\\/\\\/my-life.lu\\\/de\\\/#organization\"},\"potentialAction\":[{\"@type\":\"SearchAction\",\"target\":{\"@type\":\"EntryPoint\",\"urlTemplate\":\"https:\\\/\\\/my-life.lu\\\/de\\\/?s={search_term_string}\"},\"query-input\":{\"@type\":\"PropertyValueSpecification\",\"valueRequired\":true,\"valueName\":\"search_term_string\"}}],\"inLanguage\":\"de\"},{\"@type\":\"Organization\",\"@id\":\"https:\\\/\\\/my-life.lu\\\/de\\\/#organization\",\"name\":\"myLIFE\",\"url\":\"https:\\\/\\\/my-life.lu\\\/de\\\/\",\"logo\":{\"@type\":\"ImageObject\",\"inLanguage\":\"de\",\"@id\":\"https:\\\/\\\/my-life.lu\\\/de\\\/#\\\/schema\\\/logo\\\/image\\\/\",\"url\":\"https:\\\/\\\/my-life.lu\\\/wp-content\\\/uploads\\\/2018\\\/07\\\/myLIFE_LOGO_violet-AMP2.png\",\"contentUrl\":\"https:\\\/\\\/my-life.lu\\\/wp-content\\\/uploads\\\/2018\\\/07\\\/myLIFE_LOGO_violet-AMP2.png\",\"width\":190,\"height\":36,\"caption\":\"myLIFE\"},\"image\":{\"@id\":\"https:\\\/\\\/my-life.lu\\\/de\\\/#\\\/schema\\\/logo\\\/image\\\/\"}},{\"@type\":\"Person\",\"@id\":\"https:\\\/\\\/my-life.lu\\\/de\\\/#\\\/schema\\\/person\\\/224f7e554674eb9534cbab8498cd369b\",\"name\":\"Compiled by myLIFE team\",\"image\":{\"@type\":\"ImageObject\",\"inLanguage\":\"de\",\"@id\":\"https:\\\/\\\/secure.gravatar.com\\\/avatar\\\/28b395d9b8d5c7e9757fb0c7315ee854d88aef3f02f0c439e5813c8149eb6ecb?s=96&d=mm&r=g\",\"url\":\"https:\\\/\\\/secure.gravatar.com\\\/avatar\\\/28b395d9b8d5c7e9757fb0c7315ee854d88aef3f02f0c439e5813c8149eb6ecb?s=96&d=mm&r=g\",\"contentUrl\":\"https:\\\/\\\/secure.gravatar.com\\\/avatar\\\/28b395d9b8d5c7e9757fb0c7315ee854d88aef3f02f0c439e5813c8149eb6ecb?s=96&d=mm&r=g\",\"caption\":\"Compiled by myLIFE team\"},\"url\":\"https:\\\/\\\/my-life.lu\\\/de\\\/author\\\/compiled-by-mylife-team\\\/\"}]}<\/script>\n<!-- \/ Yoast SEO Premium plugin. -->","yoast_head_json":{"title":"Was die DSGVO f\u00fcr Selbst\u00e4ndige bedeutet - myLIFE","description":"Welche Schritte Selbst\u00e4ndige unternehmen m\u00fcssen, um den Anforderungen der DSGVO zu entsprechen und ein Ass in Sachen Datenschutz zu werden.","robots":{"index":"index","follow":"follow","max-snippet":"max-snippet:-1","max-image-preview":"max-image-preview:large","max-video-preview":"max-video-preview:-1"},"canonical":"https:\/\/my-life.lu\/de\/was-die-dsgvo-fuer-selbstaendige-bedeutet-21051\/","og_locale":"de_DE","og_type":"article","og_title":"Was die DSGVO f\u00fcr Selbst\u00e4ndige bedeutet","og_description":"Welche Schritte Selbst\u00e4ndige unternehmen m\u00fcssen, um den Anforderungen der DSGVO zu entsprechen und ein Ass in Sachen Datenschutz zu werden.","og_url":"https:\/\/my-life.lu\/de\/was-die-dsgvo-fuer-selbstaendige-bedeutet-21051\/","og_site_name":"myLIFE","article_published_time":"2024-01-29T08:00:36+00:00","og_image":[{"width":3774,"height":2514,"url":"https:\/\/my-life.lu\/wp-content\/uploads\/2023\/11\/Article_21051-e1700035707396.jpg","type":"image\/jpeg"}],"author":"Compiled by myLIFE team","twitter_card":"summary_large_image","twitter_misc":{"Verfasst von":"Gesammelt von myLIFE team","Gesch\u00e4tzte Lesezeit":"7\u00a0Minuten"},"schema":{"@context":"https:\/\/schema.org","@graph":[{"@type":"Article","@id":"https:\/\/my-life.lu\/de\/was-die-dsgvo-fuer-selbstaendige-bedeutet-21051\/#article","isPartOf":{"@id":"https:\/\/my-life.lu\/de\/was-die-dsgvo-fuer-selbstaendige-bedeutet-21051\/"},"author":{"name":"Compiled by myLIFE team","@id":"https:\/\/my-life.lu\/de\/#\/schema\/person\/224f7e554674eb9534cbab8498cd369b"},"headline":"Was die DSGVO f\u00fcr Selbst\u00e4ndige bedeutet","datePublished":"2024-01-29T08:00:36+00:00","mainEntityOfPage":{"@id":"https:\/\/my-life.lu\/de\/was-die-dsgvo-fuer-selbstaendige-bedeutet-21051\/"},"wordCount":1488,"publisher":{"@id":"https:\/\/my-life.lu\/de\/#organization"},"image":{"@id":"https:\/\/my-life.lu\/de\/was-die-dsgvo-fuer-selbstaendige-bedeutet-21051\/#primaryimage"},"thumbnailUrl":"https:\/\/my-life.lu\/wp-content\/uploads\/2023\/11\/Article_21051-e1700035707396.jpg","keywords":["Unternehmer &amp; Gesch\u00e4ftsf\u00fchrer","Entrepreneurs &amp; dirigeants","Business Owner","Verwaltung"],"articleSection":["Unternehmer &amp; Gesch\u00e4ftsf\u00fchrer","myCOMPANY","Verwaltung"],"inLanguage":"de"},{"@type":"WebPage","@id":"https:\/\/my-life.lu\/de\/was-die-dsgvo-fuer-selbstaendige-bedeutet-21051\/","url":"https:\/\/my-life.lu\/de\/was-die-dsgvo-fuer-selbstaendige-bedeutet-21051\/","name":"Was die DSGVO f\u00fcr Selbst\u00e4ndige bedeutet - myLIFE","isPartOf":{"@id":"https:\/\/my-life.lu\/de\/#website"},"primaryImageOfPage":{"@id":"https:\/\/my-life.lu\/de\/was-die-dsgvo-fuer-selbstaendige-bedeutet-21051\/#primaryimage"},"image":{"@id":"https:\/\/my-life.lu\/de\/was-die-dsgvo-fuer-selbstaendige-bedeutet-21051\/#primaryimage"},"thumbnailUrl":"https:\/\/my-life.lu\/wp-content\/uploads\/2023\/11\/Article_21051-e1700035707396.jpg","datePublished":"2024-01-29T08:00:36+00:00","description":"Welche Schritte Selbst\u00e4ndige unternehmen m\u00fcssen, um den Anforderungen der DSGVO zu entsprechen und ein Ass in Sachen Datenschutz zu werden.","breadcrumb":{"@id":"https:\/\/my-life.lu\/de\/was-die-dsgvo-fuer-selbstaendige-bedeutet-21051\/#breadcrumb"},"inLanguage":"de","potentialAction":[{"@type":"ReadAction","target":["https:\/\/my-life.lu\/de\/was-die-dsgvo-fuer-selbstaendige-bedeutet-21051\/"]}]},{"@type":"ImageObject","inLanguage":"de","@id":"https:\/\/my-life.lu\/de\/was-die-dsgvo-fuer-selbstaendige-bedeutet-21051\/#primaryimage","url":"https:\/\/my-life.lu\/wp-content\/uploads\/2023\/11\/Article_21051-e1700035707396.jpg","contentUrl":"https:\/\/my-life.lu\/wp-content\/uploads\/2023\/11\/Article_21051-e1700035707396.jpg","width":3774,"height":2514},{"@type":"BreadcrumbList","@id":"https:\/\/my-life.lu\/de\/was-die-dsgvo-fuer-selbstaendige-bedeutet-21051\/#breadcrumb","itemListElement":[{"@type":"ListItem","position":1,"name":"Home","item":"https:\/\/my-life.lu\/de\/"},{"@type":"ListItem","position":2,"name":"Was die DSGVO f\u00fcr Selbst\u00e4ndige bedeutet"}]},{"@type":"WebSite","@id":"https:\/\/my-life.lu\/de\/#website","url":"https:\/\/my-life.lu\/de\/","name":"myLIFE","description":"","publisher":{"@id":"https:\/\/my-life.lu\/de\/#organization"},"potentialAction":[{"@type":"SearchAction","target":{"@type":"EntryPoint","urlTemplate":"https:\/\/my-life.lu\/de\/?s={search_term_string}"},"query-input":{"@type":"PropertyValueSpecification","valueRequired":true,"valueName":"search_term_string"}}],"inLanguage":"de"},{"@type":"Organization","@id":"https:\/\/my-life.lu\/de\/#organization","name":"myLIFE","url":"https:\/\/my-life.lu\/de\/","logo":{"@type":"ImageObject","inLanguage":"de","@id":"https:\/\/my-life.lu\/de\/#\/schema\/logo\/image\/","url":"https:\/\/my-life.lu\/wp-content\/uploads\/2018\/07\/myLIFE_LOGO_violet-AMP2.png","contentUrl":"https:\/\/my-life.lu\/wp-content\/uploads\/2018\/07\/myLIFE_LOGO_violet-AMP2.png","width":190,"height":36,"caption":"myLIFE"},"image":{"@id":"https:\/\/my-life.lu\/de\/#\/schema\/logo\/image\/"}},{"@type":"Person","@id":"https:\/\/my-life.lu\/de\/#\/schema\/person\/224f7e554674eb9534cbab8498cd369b","name":"Compiled by myLIFE team","image":{"@type":"ImageObject","inLanguage":"de","@id":"https:\/\/secure.gravatar.com\/avatar\/28b395d9b8d5c7e9757fb0c7315ee854d88aef3f02f0c439e5813c8149eb6ecb?s=96&d=mm&r=g","url":"https:\/\/secure.gravatar.com\/avatar\/28b395d9b8d5c7e9757fb0c7315ee854d88aef3f02f0c439e5813c8149eb6ecb?s=96&d=mm&r=g","contentUrl":"https:\/\/secure.gravatar.com\/avatar\/28b395d9b8d5c7e9757fb0c7315ee854d88aef3f02f0c439e5813c8149eb6ecb?s=96&d=mm&r=g","caption":"Compiled by myLIFE team"},"url":"https:\/\/my-life.lu\/de\/author\/compiled-by-mylife-team\/"}]}},"_links":{"self":[{"href":"https:\/\/my-life.lu\/de\/wp-json\/wp\/v2\/posts\/22316","targetHints":{"allow":["GET"]}}],"collection":[{"href":"https:\/\/my-life.lu\/de\/wp-json\/wp\/v2\/posts"}],"about":[{"href":"https:\/\/my-life.lu\/de\/wp-json\/wp\/v2\/types\/post"}],"author":[{"embeddable":true,"href":"https:\/\/my-life.lu\/de\/wp-json\/wp\/v2\/users\/4"}],"replies":[{"embeddable":true,"href":"https:\/\/my-life.lu\/de\/wp-json\/wp\/v2\/comments?post=22316"}],"version-history":[{"count":3,"href":"https:\/\/my-life.lu\/de\/wp-json\/wp\/v2\/posts\/22316\/revisions"}],"predecessor-version":[{"id":22321,"href":"https:\/\/my-life.lu\/de\/wp-json\/wp\/v2\/posts\/22316\/revisions\/22321"}],"wp:featuredmedia":[{"embeddable":true,"href":"https:\/\/my-life.lu\/de\/wp-json\/wp\/v2\/media\/22313"}],"wp:attachment":[{"href":"https:\/\/my-life.lu\/de\/wp-json\/wp\/v2\/media?parent=22316"}],"wp:term":[{"taxonomy":"category","embeddable":true,"href":"https:\/\/my-life.lu\/de\/wp-json\/wp\/v2\/categories?post=22316"},{"taxonomy":"post_tag","embeddable":true,"href":"https:\/\/my-life.lu\/de\/wp-json\/wp\/v2\/tags?post=22316"}],"curies":[{"name":"wp","href":"https:\/\/api.w.org\/{rel}","templated":true}]}}