{"id":22370,"date":"2024-02-01T09:00:41","date_gmt":"2024-02-01T08:00:41","guid":{"rendered":"https:\/\/my-life.lu\/?p=22370"},"modified":"2023-11-21T15:03:31","modified_gmt":"2023-11-21T14:03:31","slug":"klimaangst-vorsicht-vor-greenwashing-51091","status":"publish","type":"post","link":"https:\/\/my-life.lu\/de\/klimaangst-vorsicht-vor-greenwashing-51091\/","title":{"rendered":"Klimaangst: Vorsicht vor Greenwashing"},"content":{"rendered":"<div id=\"playht-iframe-wrapper\" style=\"max-height: 210px !important;\">\n\t<iframe\n\tscrolling=\"no\"\n\tclass=\"playht-iframe-player\"\n\tid=\"playht-iframe-player\"\n\theight=\"90px\"\n\twidth=\"100%\"\n\tframeborder=\"0\"\n\tstyle=\"max-height: 90px; height: 90px !important;\"\n\tsrc=\"https:\/\/play.ht\/embed\/?article_url=https:\/\/my-life.lu\/de\/?p=22370&voice=de-DE-Wavenet-C&appId=fiFJxxWiUV3tImG&trans_id=-NjmBCjKMnMArDm67AKa\"\n\tdata-voice=\"de-DE-Wavenet-C\"\n\tarticle-url=\"https:\/\/my-life.lu\/de\/?p=22370\"\n\tdata-appId=\"fiFJxxWiUV3tImG\"\n\tallowfullscreen=\"\">\n\t<\/iframe>\n<\/div>\n<p class=\"entete\">Hitzewellen, \u00dcberschwemmungen, Waldbr\u00e4nde, Umweltverschmutzung \u2013 die Symptome des Klimawandels mehren sich und sind auch in unseren Breitengraden nicht zu \u00fcbersehen. \u00dcber diese Ver\u00e4nderungen wird in den Medien ausf\u00fchrlich berichtet. Dies tr\u00e4gt zu einem Klima der Angst bei, das sich negativ auf unsere psychische Gesundheit auswirkt. Man spricht in diesem Zusammenhang auch von Klima- oder Umweltangst\u00a0\u2013 und diese kann zu irrationalen Kaufentscheidungen f\u00fchren. Im vorliegenden Artikel nehmen wir dieses Ph\u00e4nomen genauer unter die Lupe.<\/p>\n<table style=\"width: 100%; border-collapse: collapse; border-style: solid; border-color: #000000; background-color: #b5b7b7;\">\n<tbody>\n<tr>\n<td style=\"width: 100%;\"><strong><span style=\"text-decoration: underline;\">Das Wichtigste in K\u00fcrze<\/span><\/strong><\/p>\n<ul>\n<li style=\"list-style-type: none;\">\n<ul>\n<li>Immer mehr Menschen leiden unter Klimaangst. 59\u00a0% der jungen Menschen machen sich Sorgen wegen des Klimawandels, der bei ihnen negative Emotionen wie Traurigkeit, Angst, Wut, Ohnmacht, Hilflosigkeit und Schuldgef\u00fchle ausl\u00f6st.<\/li>\n<li>In diesem Zusammenhang sollte zwischen Umweltbewusstsein und Umweltpanik unterschieden werden. Alle Gef\u00fchle haben ihre Berechtigung; sie d\u00fcrfen uns aber nicht davon abhalten, rational zu handeln.<\/li>\n<li>Skrupellose Unternehmen nutzen Umwelt\u00e4ngste aus, um Verbraucher zum Kauf vermeintlich gr\u00fcner Produkte zu verleiten.<\/li>\n<li>Greenwashing ist eine Marketingstrategie, bei der Unternehmen sich oder ihre Produkte als umweltbewusster oder umweltfreundlicher darstellen, als sie tats\u00e4chlich sind. Es gibt verschiedene M\u00f6glichkeiten, um Greenwashing zu erkennen. Man kann sich zum Beispiel auf dem <a href=\"https:\/\/environment.ec.europa.eu\/topics\/circular-economy\/green-claims_en\" target=\"_blank\" rel=\"noopener\"><span style=\"text-decoration: underline;\"><strong>Portal der EU<\/strong><\/span><\/a> zu dem Thema informieren.<\/li>\n<\/ul>\n<\/li>\n<\/ul>\n<\/td>\n<\/tr>\n<\/tbody>\n<\/table>\n<p>Klimaangst ist die Angst vor dem Klimawandel. Sie entsteht, wenn aus dem Bewusstsein f\u00fcr die Notwendigkeit, zu handeln, eine mehr oder weniger stark ausgepr\u00e4gte Angst vor einer unmittelbar bevorstehenden Klimakatastrophe wird.<\/p>\n<p>Angst ist bekanntlich kein guter Ratgeber \u2013 das gilt auch f\u00fcr die Klimaangst. Neben den negativen Auswirkungen auf unser k\u00f6rperliches und seelisches Wohlbefinden macht sie uns auch anf\u00e4lliger f\u00fcr manipulative Marketingpraktiken, die uns zum Kauf vermeintlich gr\u00fcner Produkte bewegen sollen. In Wirklichkeit wirken sich diese Produkte jedoch \u00fcberhaupt nicht positiv auf das Klima aus.<\/p>\n<h2 id=\"h2_0\" >Klimaangst betrifft vor allem junge Menschen<\/h2>\n<p>Die Angst vor dem Klimawandel ist weiter verbreitet, als man vermuten w\u00fcrde\u00a0\u2013 und es leiden immer mehr Menschen darunter. Die chronische Angst vor Naturkatastrophen ist nicht nur bei Menschen zu beobachten, die direkt von den Auswirkungen des Klimawandels betroffen sind. Sie erfasst immer h\u00e4ufiger auch Menschen, die sich\u00a0\u2013 beeinflusst durch die permanente und dramatisierende Berichterstattung\u00a0\u2013 vom Klimawandel bedroht f\u00fchlen und vor einer ungewissen Zukunft f\u00fcrchten. Eine Gruppe ist besonders anf\u00e4llig f\u00fcr dieses Empfindung: junge Menschen.<\/p>\n<blockquote><p>Eine Gruppe ist besonders anf\u00e4llig f\u00fcr Klimaangst: junge Menschen.<\/p><\/blockquote>\n<p>Im Jahr 2021 wurde eine Studie unter 10.000 Teilnehmenden im Alter zwischen 16 und 25\u00a0Jahren in zehn L\u00e4ndern (Australien, Brasilien, Finnland, Frankreich, Gro\u00dfbritannien, Indien, Nigeria, Philippinen, Portugal und USA) durchgef\u00fchrt. Sie wurde in der Fachzeitschrift The Lancet Planetary Health ver\u00f6ffentlicht und ergab, dass sich 59% der befragten jungen Menschen Sorgen wegen des Klimawandels machen, der bei ihnen negative Emotionen wie Traurigkeit, Angst, Wut, Ohnmacht, Hilflosigkeit und Schuldgef\u00fchle ausl\u00f6st.<\/p>\n<p>Auch wenn Klimaangst angesichts der Realit\u00e4t Erderw\u00e4rmung verst\u00e4ndlich ist, stellt sich die Frage, ob sie hilfreich ist und sinnvolle Ma\u00dfnahmen im Kampf gegen den Klimawandel ansto\u00dfen kann. In dieser Frage gehen die Meinungen in der Wissenschaft auseinander. Sie stellen fest, dass eine gewisse Sensibilit\u00e4t und sogar Besorgnis mit Blick auf den Klimawandel zum Handeln anregen kann, dass \u00fcbertriebene Klimaangst jedoch eher l\u00e4hmend wirkt.<\/p>\n<p>So f\u00fchlen sich einige Menschen angesichts der Dimension des Problems \u00fcberfordert und sind der Ansicht, dass ihr Handeln ohnehin keinen Einfluss auf die Zukunft des Planeten hat. Deshalb sehen sie keinen Sinn darin, ihre Gewohnheiten zu \u00e4ndern. Andere wiederum wollen handeln, ohne genau zu wissen, wie. Sie begehen den Fehler, sich nur von ihren Emotionen leiten zu lassen.<\/p>\n<h2 id=\"h2_1\" >Emotionen und Umweltbewusstsein<\/h2>\n<p>In diesem Zusammenhang sollte zwischen Umweltbewusstsein und Umweltpanik unterschieden werden. Allzu oft versuchen skrupellose Unternehmen, Umwelt\u00e4ngste auszunutzen, um mehr Produkte oder Dienstleistungen zu verkaufen. Ob in Sachen Umwelt oder Geld, Emotionen sind immer ein schlechter Ratgeber, wenn es darum geht, rationale Entscheidungen zu treffen.<\/p>\n<blockquote><p>In diesem Zusammenhang sollte zwischen Umweltbewusstsein und Umweltpanik unterschieden werden.<\/p><\/blockquote>\n<p>Die meisten Menschen glauben \u2013 zu Recht \u2013, ihrer Klimaangst etwas entgegensetzen zu k\u00f6nnen, indem sie sich im Alltag \u00f6kologisch verhalten. Und dabei geht es nat\u00fcrlich auch um das eigene Kaufverhalten. Fast die H\u00e4lfte der Verbraucher in Europa gibt an, bei Produkten, die sie kaufen wollen, auf Umweltaussagen zu achten. Sie r\u00e4umen aber auch ein, dass es nicht immer einfach ist, den \u00dcberblick zu behalten. Hier nutzen einige Unternehmen den Wunsch der Verbraucher aus, das Richtige zu tun, indem sie Produkte als umweltfreundlich anpreisen, die es in Wirklichkeit gar nicht sind.<\/p>\n<p>Diese Praktiken, bei denen Unternehmen ihre \u00f6kologischen (oder sozialen) Fortschritte oder die Nachhaltigkeit ihrer Produkte \u00fcbertrieben positiv darstellen, werden als <a href=\"https:\/\/my-life.lu\/de\/greenwashing-30504\/\" target=\"_blank\" rel=\"noopener\"><span style=\"text-decoration: underline;\"><strong>Greenwashing<\/strong><\/span><\/a> bezeichnet. Es ist wichtig, dieses Ph\u00e4nomen zu kennen, um seinem Einfluss entgegenzuwirken, der bei jungen Menschen besonders stark ist. Junge Menschen, die sich f\u00fcr die Umwelt einsetzen wollen und in sozialen Netzwerken aktiv sind, sind ein beliebtes Ziel f\u00fcr Marken, die Greenwashing betreiben.<\/p>\n<p>Warum funktioniert das? Ganz einfach: weil Greenwashing direkt unsere Emotionen anspricht. Die Firmen richten sich direkt an die in uns schlummernde Klimaangst, um sofortiges Handeln zu provozieren, und umgehen so eine rationale \u00dcberpr\u00fcfung der vorgebrachten Argumente. Um zwischen wahr und falsch unterscheiden zu k\u00f6nnen, braucht es jedoch einen k\u00fchlen Kopf.<\/p>\n<h2 id=\"h2_2\" >Greenwashing erkennen<\/h2>\n<p>Greenwashing ist eine Marketingstrategie, bei der Unternehmen ihre Praktiken oder Produkte als umweltbewusster oder umweltfreundlicher darstellen, als sie tats\u00e4chlich sind. Dabei handelt es sich um eine Form von irref\u00fchrender Werbung.<\/p>\n<blockquote><p>Greenwashing ist eine Marketingstrategie, bei der Unternehmen ihre Praktiken oder Produkte als umweltbewusster oder umweltfreundlicher darstellen, als sie tats\u00e4chlich sind.<\/p><\/blockquote>\n<p>Diese irref\u00fchrenden Praktiken werden von Akteuren aus Branchen wie Lebensmittel, Mode, Kosmetik, Reinigungsprodukte, Elektronik und Transport angewandt. Die Liste ist bei weitem nicht vollst\u00e4ndig. Das ist alles andere als ein Randproblem: Eine Studie der Europ\u00e4ischen Kommission aus dem Jahr 2020 ergab, dass 53,3% der untersuchten Umweltaussagen in der EU vage, irref\u00fchrend oder unbegr\u00fcndet waren. Schlimmer noch \u2013 40% der Behauptungen waren schlichtweg haltlos.<\/p>\n<p>Die Europ\u00e4ische Kommission ist sich der sch\u00e4dlichen Auswirkungen dieses Vorgehens bewusst und hat am 22.\u00a0M\u00e4rz 2023 eine neue Richtlinie zur Bek\u00e4mpfung von Greenwashing ver\u00f6ffentlicht. Gem\u00e4\u00df den Kriterien der EU umfasst Greenwashing folgende Praktiken:<\/p>\n<ul>\n<li style=\"list-style-type: none;\">\n<ul>\n<li>Anbringen eines Nachhaltigkeitssiegels, das nicht auf einem Zertifizierungssystem beruht bzw. nicht von staatlichen Stellen eingef\u00fchrt wurde<\/li>\n<li>Treffen einer allgemeinen Umweltaussage, bei der der Gewerbetreibende f\u00fcr die (vermeintlich) anerkannte hervorragende Umweltleistung, auf die sich die Aussage bezieht, keine Nachweise erbringen kann<\/li>\n<li>Treffen einer Umweltaussage zum gesamten Produkt, wenn sie sich tats\u00e4chlich nur auf einen bestimmten Aspekt des Produkts bezieht<\/li>\n<li>Pr\u00e4sentation von Anforderungen, die kraft Gesetzes f\u00fcr eine ganze Produktkategorie gelten, als Besonderheit des Angebots eines Gewerbetreibenden<\/li>\n<li>usw.<\/li>\n<\/ul>\n<\/li>\n<\/ul>\n<p>Greenwashing kann diverse Formen annehmen. Einige Unternehmen betreiben Greenwashing, indem sie in ihren Werbekampagnen Botschaften wie \u201eT-Shirt aus recycelten Plastikflaschen\u201c, \u201eLieferung mit CO<sub>2<\/sub>-Ausgleich\u201c, \u201eVerpackung aus 30% recyceltem Plastik\u201c oder \u201eozeanfreundliche Sonnencreme\u201c verwenden. Greenwashing erfolgt h\u00e4ufig auch \u00fcber die Produktverpackung: \u00fcberm\u00e4\u00dfige Verwendung der Farbe Gr\u00fcn, um die Nat\u00fcrlichkeit des Produkts zu betonen, Abbildung von Naturlandschaften, Hervorhebung von Elementen, die nicht im Produkt enthalten sind, wie zum Beispiel Palm\u00f6l usw.<\/p>\n<p>Schlie\u00dflich berufen sich Marken auf Siegel, die gar nicht existieren, wie zum Beispiel \u201e100% Naturfaser\u201c, verwenden Begriffe wie \u201egr\u00fcn\u201c oder Formulierungen, die an das \u00f6kologische Gewissen appellieren oder Umweltfreundlichkeit suggerieren, wie \u201emit Sorgfalt und nat\u00fcrlichen Inhaltsstoffen hergestellt\u201c.<\/p>\n<h2 id=\"h2_3\" >Tipps: So erkennen Sie Greenwashing<\/h2>\n<p>Es gibt verschiedene M\u00f6glichkeiten, um Greenwashing-Praktiken auf die Schliche zu kommen. Hierzu geh\u00f6ren:<\/p>\n<ul>\n<li style=\"list-style-type: none;\">\n<ul>\n<li><a href=\"https:\/\/environment.ec.europa.eu\/topics\/circular-economy\/green-claims_en\" target=\"_blank\" rel=\"noopener\"><strong><span style=\"text-decoration: underline;\">Besuchen Sie das Portal der EU<\/span><\/strong><\/a> zum Thema. Dort finden Sie viele Tipps und Informationen, die Ihnen helfen, die richtigen Entscheidungen zu treffen.<\/li>\n<li>Wenn die Marke, f\u00fcr die Sie sich interessieren, mit einem Siegel wirbt, das Sie nicht kennen, k\u00f6nnen Sie sich auf diesem Portal informieren.<\/li>\n<li>Seien Sie misstrauisch bei allzu gr\u00fcnen Verpackungen, lassen Sie sich nicht vom \u00e4u\u00dferen Schein t\u00e4uschen und \u00fcberpr\u00fcfen Sie immer wieder die Informationen \u00fcber Produkte und Marken\u00a0\u2013 insbesondere indem Sie die Meinungen anderer Verbraucher lesen.<\/li>\n<li>Lernen Sie, die Liste der Inhaltsstoffe systematisch zu \u00fcberpr\u00fcfen, um sicherzugehen, dass die Produkte halten, was sie versprechen.<\/li>\n<li>Seien Sie misstrauisch bei Begriffen wie \u201everantwortungsvoll\u201c, \u201eethisch\u201c oder \u201e\u00f6kologisch\u201c, die oft inflation\u00e4r verwendet werden und kaum noch etwas bedeuten.<\/li>\n<li>Achten Sie bei Aussagen zu Themen wie Recycling oder dem Ausgleich des CO2-Fu\u00dfabdrucks auf konkrete Zahlen und Fakten. Wenn sich ein Unternehmen in diesem Bereich wirklich vorbildlich verh\u00e4lt, sollte es nicht schwer sein, zuverl\u00e4ssige Informationen dar\u00fcber zu finden.<\/li>\n<li>Stellen Sie sich immer die Frage, ob Sie ein gr\u00fcnes Produkt, das als innovativ beworben wird, wirklich brauchen. <strong>Der Kauf eines Produktes ist immer Konsum, auch wenn es sich um ein umweltfreundliches Produkt handelt. Wenn Sie auf unn\u00f6tigen Konsum verzichten, tun Sie etwas f\u00fcr das Klima!<\/strong><\/li>\n<\/ul>\n<\/li>\n<\/ul>\n<p><em><span style=\"font-size: 14pt;\">Sie m\u00f6chten einen Beitrag zum Umweltschutz leisten, indem Sie bewusst einkaufen? Gro\u00dfartig! Achten Sie jedoch darauf, einen k\u00fchlen Kopf zu bewahren. Selbstverst\u00e4ndlich haben nicht alle Unternehmen schlechte Absichten. Deshalb ist es umso wichtiger, diejenigen auszumachen, die Ihre Klimaangst ausnutzen wollen.<\/span><\/em><\/p>\n","protected":false},"excerpt":{"rendered":"<p>Hitzewellen, \u00dcberschwemmungen, Waldbr\u00e4nde, Umweltverschmutzung \u2013 die Symptome des Klimawandels mehren sich und sind auch in unseren Breitengraden nicht zu \u00fcbersehen. \u00dcber diese Ver\u00e4nderungen wird in den Medien ausf\u00fchrlich berichtet. Dies tr\u00e4gt zu einem Klima der Angst bei, das sich negativ auf unsere psychische Gesundheit auswirkt. Man spricht in diesem Zusammenhang auch von Klima- oder Umweltangst\u00a0\u2013 &hellip; <\/p>\n<p class=\"link-more\"><a href=\"https:\/\/my-life.lu\/de\/klimaangst-vorsicht-vor-greenwashing-51091\/\" class=\"more-link\">Continue reading<span class=\"screen-reader-text\"> &#8220;Klimaangst: Vorsicht vor Greenwashing&#8221;<\/span><\/a><\/p>\n","protected":false},"author":11,"featured_media":22366,"comment_status":"closed","ping_status":"closed","sticky":false,"template":"","format":"standard","meta":{"_et_pb_use_builder":"","_et_pb_old_content":"","_et_gb_content_width":"","footnotes":"","beyondwords_generate_audio":"","beyondwords_integration_method":"","beyondwords_project_id":"","beyondwords_content_id":"","beyondwords_preview_token":"","beyondwords_player_content":"","beyondwords_player_style":"","beyondwords_language_code":"","beyondwords_language_id":"","beyondwords_title_voice_id":"","beyondwords_body_voice_id":"","beyondwords_summary_voice_id":"","beyondwords_error_message":"","beyondwords_disabled":"","beyondwords_delete_content":"","beyondwords_podcast_id":"","beyondwords_hash":"","publish_post_to_speechkit":"","speechkit_hash":"","speechkit_generate_audio":"","speechkit_project_id":"","speechkit_podcast_id":"","speechkit_error_message":"","speechkit_disabled":"","speechkit_access_key":"","speechkit_error":"","speechkit_info":"","speechkit_response":"","speechkit_retries":"","speechkit_status":"","speechkit_updated_at":"","_speechkit_link":"","_speechkit_text":""},"categories":[2,138,189],"tags":[442,452,453],"class_list":["post-22370","post","type-post","status-publish","format-standard","has-post-thumbnail","hentry","category-me-and-my-family-de","category-budget-de","category-investitionen-de","tag-investitionen","tag-budget-de","tag-kontakt","my_family"],"yoast_head":"<!-- This site is optimized with the Yoast SEO Premium plugin v27.3 (Yoast SEO v27.3) - https:\/\/yoast.com\/product\/yoast-seo-premium-wordpress\/ -->\n<title>Klimaangst: Vorsicht vor Greenwashing - myLIFE<\/title>\n<meta name=\"description\" content=\"Wer mit seinem Konsumverhalten einen Beitrag im Kampf gegen den Klimawandel leisten m\u00f6chte, sollte sich vor Greenwashing in Acht nehmen.\" \/>\n<meta name=\"robots\" content=\"index, follow, max-snippet:-1, max-image-preview:large, max-video-preview:-1\" \/>\n<link rel=\"canonical\" href=\"https:\/\/my-life.lu\/de\/klimaangst-vorsicht-vor-greenwashing-51091\/\" \/>\n<meta property=\"og:locale\" content=\"de_DE\" \/>\n<meta property=\"og:type\" content=\"article\" \/>\n<meta property=\"og:title\" content=\"Klimaangst: Vorsicht vor Greenwashing\" \/>\n<meta property=\"og:description\" content=\"Wer mit seinem Konsumverhalten einen Beitrag im Kampf gegen den Klimawandel leisten m\u00f6chte, sollte sich vor Greenwashing in Acht nehmen.\" \/>\n<meta property=\"og:url\" content=\"https:\/\/my-life.lu\/de\/klimaangst-vorsicht-vor-greenwashing-51091\/\" \/>\n<meta property=\"og:site_name\" content=\"myLIFE\" \/>\n<meta property=\"article:published_time\" content=\"2024-02-01T08:00:41+00:00\" \/>\n<meta property=\"og:image\" content=\"https:\/\/my-life.lu\/wp-content\/uploads\/2023\/11\/Article_51091-e1700573246268.jpg\" \/>\n\t<meta property=\"og:image:width\" content=\"3786\" \/>\n\t<meta property=\"og:image:height\" content=\"2518\" \/>\n\t<meta property=\"og:image:type\" content=\"image\/jpeg\" \/>\n<meta name=\"author\" content=\"Delphine Dard-Pourrat, Behavioural finance expert\" \/>\n<meta name=\"twitter:card\" content=\"summary_large_image\" \/>\n<meta name=\"twitter:label1\" content=\"Verfasst von\" \/>\n\t<meta name=\"twitter:data1\" content=\"Delphine Dard-Pourrat, Experte f\u00fcr Verhaltens\u00f6konomie\" \/>\n\t<meta name=\"twitter:label2\" content=\"Gesch\u00e4tzte Lesezeit\" \/>\n\t<meta name=\"twitter:data2\" content=\"7\u00a0Minuten\" \/>\n<script type=\"application\/ld+json\" class=\"yoast-schema-graph\">{\"@context\":\"https:\\\/\\\/schema.org\",\"@graph\":[{\"@type\":\"Article\",\"@id\":\"https:\\\/\\\/my-life.lu\\\/de\\\/klimaangst-vorsicht-vor-greenwashing-51091\\\/#article\",\"isPartOf\":{\"@id\":\"https:\\\/\\\/my-life.lu\\\/de\\\/klimaangst-vorsicht-vor-greenwashing-51091\\\/\"},\"author\":{\"name\":\"Delphine Dard-Pourrat, Behavioural finance expert\",\"@id\":\"https:\\\/\\\/my-life.lu\\\/de\\\/#\\\/schema\\\/person\\\/84e6229e48fa68434bf18ec6c4f68d6b\"},\"headline\":\"Klimaangst: Vorsicht vor Greenwashing\",\"datePublished\":\"2024-02-01T08:00:41+00:00\",\"mainEntityOfPage\":{\"@id\":\"https:\\\/\\\/my-life.lu\\\/de\\\/klimaangst-vorsicht-vor-greenwashing-51091\\\/\"},\"wordCount\":1495,\"publisher\":{\"@id\":\"https:\\\/\\\/my-life.lu\\\/de\\\/#organization\"},\"image\":{\"@id\":\"https:\\\/\\\/my-life.lu\\\/de\\\/klimaangst-vorsicht-vor-greenwashing-51091\\\/#primaryimage\"},\"thumbnailUrl\":\"https:\\\/\\\/my-life.lu\\\/wp-content\\\/uploads\\\/2023\\\/11\\\/Article_51091-e1700573246268.jpg\",\"keywords\":[\"Investitionen\",\"Budget\",\"Kontakt\"],\"articleSection\":[\"me&amp;myFAMILY\",\"Budget\",\"Investitionen\"],\"inLanguage\":\"de\"},{\"@type\":\"WebPage\",\"@id\":\"https:\\\/\\\/my-life.lu\\\/de\\\/klimaangst-vorsicht-vor-greenwashing-51091\\\/\",\"url\":\"https:\\\/\\\/my-life.lu\\\/de\\\/klimaangst-vorsicht-vor-greenwashing-51091\\\/\",\"name\":\"Klimaangst: Vorsicht vor Greenwashing - myLIFE\",\"isPartOf\":{\"@id\":\"https:\\\/\\\/my-life.lu\\\/de\\\/#website\"},\"primaryImageOfPage\":{\"@id\":\"https:\\\/\\\/my-life.lu\\\/de\\\/klimaangst-vorsicht-vor-greenwashing-51091\\\/#primaryimage\"},\"image\":{\"@id\":\"https:\\\/\\\/my-life.lu\\\/de\\\/klimaangst-vorsicht-vor-greenwashing-51091\\\/#primaryimage\"},\"thumbnailUrl\":\"https:\\\/\\\/my-life.lu\\\/wp-content\\\/uploads\\\/2023\\\/11\\\/Article_51091-e1700573246268.jpg\",\"datePublished\":\"2024-02-01T08:00:41+00:00\",\"description\":\"Wer mit seinem Konsumverhalten einen Beitrag im Kampf gegen den Klimawandel leisten m\u00f6chte, sollte sich vor Greenwashing in Acht nehmen.\",\"breadcrumb\":{\"@id\":\"https:\\\/\\\/my-life.lu\\\/de\\\/klimaangst-vorsicht-vor-greenwashing-51091\\\/#breadcrumb\"},\"inLanguage\":\"de\",\"potentialAction\":[{\"@type\":\"ReadAction\",\"target\":[\"https:\\\/\\\/my-life.lu\\\/de\\\/klimaangst-vorsicht-vor-greenwashing-51091\\\/\"]}]},{\"@type\":\"ImageObject\",\"inLanguage\":\"de\",\"@id\":\"https:\\\/\\\/my-life.lu\\\/de\\\/klimaangst-vorsicht-vor-greenwashing-51091\\\/#primaryimage\",\"url\":\"https:\\\/\\\/my-life.lu\\\/wp-content\\\/uploads\\\/2023\\\/11\\\/Article_51091-e1700573246268.jpg\",\"contentUrl\":\"https:\\\/\\\/my-life.lu\\\/wp-content\\\/uploads\\\/2023\\\/11\\\/Article_51091-e1700573246268.jpg\",\"width\":3786,\"height\":2518},{\"@type\":\"BreadcrumbList\",\"@id\":\"https:\\\/\\\/my-life.lu\\\/de\\\/klimaangst-vorsicht-vor-greenwashing-51091\\\/#breadcrumb\",\"itemListElement\":[{\"@type\":\"ListItem\",\"position\":1,\"name\":\"Home\",\"item\":\"https:\\\/\\\/my-life.lu\\\/de\\\/\"},{\"@type\":\"ListItem\",\"position\":2,\"name\":\"Klimaangst: Vorsicht vor Greenwashing\"}]},{\"@type\":\"WebSite\",\"@id\":\"https:\\\/\\\/my-life.lu\\\/de\\\/#website\",\"url\":\"https:\\\/\\\/my-life.lu\\\/de\\\/\",\"name\":\"myLIFE\",\"description\":\"\",\"publisher\":{\"@id\":\"https:\\\/\\\/my-life.lu\\\/de\\\/#organization\"},\"potentialAction\":[{\"@type\":\"SearchAction\",\"target\":{\"@type\":\"EntryPoint\",\"urlTemplate\":\"https:\\\/\\\/my-life.lu\\\/de\\\/?s={search_term_string}\"},\"query-input\":{\"@type\":\"PropertyValueSpecification\",\"valueRequired\":true,\"valueName\":\"search_term_string\"}}],\"inLanguage\":\"de\"},{\"@type\":\"Organization\",\"@id\":\"https:\\\/\\\/my-life.lu\\\/de\\\/#organization\",\"name\":\"myLIFE\",\"url\":\"https:\\\/\\\/my-life.lu\\\/de\\\/\",\"logo\":{\"@type\":\"ImageObject\",\"inLanguage\":\"de\",\"@id\":\"https:\\\/\\\/my-life.lu\\\/de\\\/#\\\/schema\\\/logo\\\/image\\\/\",\"url\":\"https:\\\/\\\/my-life.lu\\\/wp-content\\\/uploads\\\/2018\\\/07\\\/myLIFE_LOGO_violet-AMP2.png\",\"contentUrl\":\"https:\\\/\\\/my-life.lu\\\/wp-content\\\/uploads\\\/2018\\\/07\\\/myLIFE_LOGO_violet-AMP2.png\",\"width\":190,\"height\":36,\"caption\":\"myLIFE\"},\"image\":{\"@id\":\"https:\\\/\\\/my-life.lu\\\/de\\\/#\\\/schema\\\/logo\\\/image\\\/\"}},{\"@type\":\"Person\",\"@id\":\"https:\\\/\\\/my-life.lu\\\/de\\\/#\\\/schema\\\/person\\\/84e6229e48fa68434bf18ec6c4f68d6b\",\"name\":\"Delphine Dard-Pourrat, Behavioural finance expert\",\"image\":{\"@type\":\"ImageObject\",\"inLanguage\":\"de\",\"@id\":\"https:\\\/\\\/secure.gravatar.com\\\/avatar\\\/c0b3a81ec32e5698ba72f58f576647499379208a2709a24ef6a3297abf551e31?s=96&d=mm&r=g\",\"url\":\"https:\\\/\\\/secure.gravatar.com\\\/avatar\\\/c0b3a81ec32e5698ba72f58f576647499379208a2709a24ef6a3297abf551e31?s=96&d=mm&r=g\",\"contentUrl\":\"https:\\\/\\\/secure.gravatar.com\\\/avatar\\\/c0b3a81ec32e5698ba72f58f576647499379208a2709a24ef6a3297abf551e31?s=96&d=mm&r=g\",\"caption\":\"Delphine Dard-Pourrat, Behavioural finance expert\"},\"url\":\"https:\\\/\\\/my-life.lu\\\/de\\\/author\\\/delphine-dard-pourrat\\\/\"}]}<\/script>\n<!-- \/ Yoast SEO Premium plugin. -->","yoast_head_json":{"title":"Klimaangst: Vorsicht vor Greenwashing - myLIFE","description":"Wer mit seinem Konsumverhalten einen Beitrag im Kampf gegen den Klimawandel leisten m\u00f6chte, sollte sich vor Greenwashing in Acht nehmen.","robots":{"index":"index","follow":"follow","max-snippet":"max-snippet:-1","max-image-preview":"max-image-preview:large","max-video-preview":"max-video-preview:-1"},"canonical":"https:\/\/my-life.lu\/de\/klimaangst-vorsicht-vor-greenwashing-51091\/","og_locale":"de_DE","og_type":"article","og_title":"Klimaangst: Vorsicht vor Greenwashing","og_description":"Wer mit seinem Konsumverhalten einen Beitrag im Kampf gegen den Klimawandel leisten m\u00f6chte, sollte sich vor Greenwashing in Acht nehmen.","og_url":"https:\/\/my-life.lu\/de\/klimaangst-vorsicht-vor-greenwashing-51091\/","og_site_name":"myLIFE","article_published_time":"2024-02-01T08:00:41+00:00","og_image":[{"width":3786,"height":2518,"url":"https:\/\/my-life.lu\/wp-content\/uploads\/2023\/11\/Article_51091-e1700573246268.jpg","type":"image\/jpeg"}],"author":"Delphine Dard-Pourrat, Behavioural finance expert","twitter_card":"summary_large_image","twitter_misc":{"Verfasst von":"Delphine Dard-Pourrat, Experte f\u00fcr Verhaltens\u00f6konomie","Gesch\u00e4tzte Lesezeit":"7\u00a0Minuten"},"schema":{"@context":"https:\/\/schema.org","@graph":[{"@type":"Article","@id":"https:\/\/my-life.lu\/de\/klimaangst-vorsicht-vor-greenwashing-51091\/#article","isPartOf":{"@id":"https:\/\/my-life.lu\/de\/klimaangst-vorsicht-vor-greenwashing-51091\/"},"author":{"name":"Delphine Dard-Pourrat, Behavioural finance expert","@id":"https:\/\/my-life.lu\/de\/#\/schema\/person\/84e6229e48fa68434bf18ec6c4f68d6b"},"headline":"Klimaangst: Vorsicht vor Greenwashing","datePublished":"2024-02-01T08:00:41+00:00","mainEntityOfPage":{"@id":"https:\/\/my-life.lu\/de\/klimaangst-vorsicht-vor-greenwashing-51091\/"},"wordCount":1495,"publisher":{"@id":"https:\/\/my-life.lu\/de\/#organization"},"image":{"@id":"https:\/\/my-life.lu\/de\/klimaangst-vorsicht-vor-greenwashing-51091\/#primaryimage"},"thumbnailUrl":"https:\/\/my-life.lu\/wp-content\/uploads\/2023\/11\/Article_51091-e1700573246268.jpg","keywords":["Investitionen","Budget","Kontakt"],"articleSection":["me&amp;myFAMILY","Budget","Investitionen"],"inLanguage":"de"},{"@type":"WebPage","@id":"https:\/\/my-life.lu\/de\/klimaangst-vorsicht-vor-greenwashing-51091\/","url":"https:\/\/my-life.lu\/de\/klimaangst-vorsicht-vor-greenwashing-51091\/","name":"Klimaangst: Vorsicht vor Greenwashing - myLIFE","isPartOf":{"@id":"https:\/\/my-life.lu\/de\/#website"},"primaryImageOfPage":{"@id":"https:\/\/my-life.lu\/de\/klimaangst-vorsicht-vor-greenwashing-51091\/#primaryimage"},"image":{"@id":"https:\/\/my-life.lu\/de\/klimaangst-vorsicht-vor-greenwashing-51091\/#primaryimage"},"thumbnailUrl":"https:\/\/my-life.lu\/wp-content\/uploads\/2023\/11\/Article_51091-e1700573246268.jpg","datePublished":"2024-02-01T08:00:41+00:00","description":"Wer mit seinem Konsumverhalten einen Beitrag im Kampf gegen den Klimawandel leisten m\u00f6chte, sollte sich vor Greenwashing in Acht nehmen.","breadcrumb":{"@id":"https:\/\/my-life.lu\/de\/klimaangst-vorsicht-vor-greenwashing-51091\/#breadcrumb"},"inLanguage":"de","potentialAction":[{"@type":"ReadAction","target":["https:\/\/my-life.lu\/de\/klimaangst-vorsicht-vor-greenwashing-51091\/"]}]},{"@type":"ImageObject","inLanguage":"de","@id":"https:\/\/my-life.lu\/de\/klimaangst-vorsicht-vor-greenwashing-51091\/#primaryimage","url":"https:\/\/my-life.lu\/wp-content\/uploads\/2023\/11\/Article_51091-e1700573246268.jpg","contentUrl":"https:\/\/my-life.lu\/wp-content\/uploads\/2023\/11\/Article_51091-e1700573246268.jpg","width":3786,"height":2518},{"@type":"BreadcrumbList","@id":"https:\/\/my-life.lu\/de\/klimaangst-vorsicht-vor-greenwashing-51091\/#breadcrumb","itemListElement":[{"@type":"ListItem","position":1,"name":"Home","item":"https:\/\/my-life.lu\/de\/"},{"@type":"ListItem","position":2,"name":"Klimaangst: Vorsicht vor Greenwashing"}]},{"@type":"WebSite","@id":"https:\/\/my-life.lu\/de\/#website","url":"https:\/\/my-life.lu\/de\/","name":"myLIFE","description":"","publisher":{"@id":"https:\/\/my-life.lu\/de\/#organization"},"potentialAction":[{"@type":"SearchAction","target":{"@type":"EntryPoint","urlTemplate":"https:\/\/my-life.lu\/de\/?s={search_term_string}"},"query-input":{"@type":"PropertyValueSpecification","valueRequired":true,"valueName":"search_term_string"}}],"inLanguage":"de"},{"@type":"Organization","@id":"https:\/\/my-life.lu\/de\/#organization","name":"myLIFE","url":"https:\/\/my-life.lu\/de\/","logo":{"@type":"ImageObject","inLanguage":"de","@id":"https:\/\/my-life.lu\/de\/#\/schema\/logo\/image\/","url":"https:\/\/my-life.lu\/wp-content\/uploads\/2018\/07\/myLIFE_LOGO_violet-AMP2.png","contentUrl":"https:\/\/my-life.lu\/wp-content\/uploads\/2018\/07\/myLIFE_LOGO_violet-AMP2.png","width":190,"height":36,"caption":"myLIFE"},"image":{"@id":"https:\/\/my-life.lu\/de\/#\/schema\/logo\/image\/"}},{"@type":"Person","@id":"https:\/\/my-life.lu\/de\/#\/schema\/person\/84e6229e48fa68434bf18ec6c4f68d6b","name":"Delphine Dard-Pourrat, Behavioural finance expert","image":{"@type":"ImageObject","inLanguage":"de","@id":"https:\/\/secure.gravatar.com\/avatar\/c0b3a81ec32e5698ba72f58f576647499379208a2709a24ef6a3297abf551e31?s=96&d=mm&r=g","url":"https:\/\/secure.gravatar.com\/avatar\/c0b3a81ec32e5698ba72f58f576647499379208a2709a24ef6a3297abf551e31?s=96&d=mm&r=g","contentUrl":"https:\/\/secure.gravatar.com\/avatar\/c0b3a81ec32e5698ba72f58f576647499379208a2709a24ef6a3297abf551e31?s=96&d=mm&r=g","caption":"Delphine Dard-Pourrat, Behavioural finance expert"},"url":"https:\/\/my-life.lu\/de\/author\/delphine-dard-pourrat\/"}]}},"_links":{"self":[{"href":"https:\/\/my-life.lu\/de\/wp-json\/wp\/v2\/posts\/22370","targetHints":{"allow":["GET"]}}],"collection":[{"href":"https:\/\/my-life.lu\/de\/wp-json\/wp\/v2\/posts"}],"about":[{"href":"https:\/\/my-life.lu\/de\/wp-json\/wp\/v2\/types\/post"}],"author":[{"embeddable":true,"href":"https:\/\/my-life.lu\/de\/wp-json\/wp\/v2\/users\/11"}],"replies":[{"embeddable":true,"href":"https:\/\/my-life.lu\/de\/wp-json\/wp\/v2\/comments?post=22370"}],"version-history":[{"count":2,"href":"https:\/\/my-life.lu\/de\/wp-json\/wp\/v2\/posts\/22370\/revisions"}],"predecessor-version":[{"id":22373,"href":"https:\/\/my-life.lu\/de\/wp-json\/wp\/v2\/posts\/22370\/revisions\/22373"}],"wp:featuredmedia":[{"embeddable":true,"href":"https:\/\/my-life.lu\/de\/wp-json\/wp\/v2\/media\/22366"}],"wp:attachment":[{"href":"https:\/\/my-life.lu\/de\/wp-json\/wp\/v2\/media?parent=22370"}],"wp:term":[{"taxonomy":"category","embeddable":true,"href":"https:\/\/my-life.lu\/de\/wp-json\/wp\/v2\/categories?post=22370"},{"taxonomy":"post_tag","embeddable":true,"href":"https:\/\/my-life.lu\/de\/wp-json\/wp\/v2\/tags?post=22370"}],"curies":[{"name":"wp","href":"https:\/\/api.w.org\/{rel}","templated":true}]}}