{"id":2299,"date":"2017-09-21T11:09:55","date_gmt":"2017-09-21T09:09:55","guid":{"rendered":"https:\/\/my-life.lu\/?p=2299\/"},"modified":"2024-12-09T12:07:40","modified_gmt":"2024-12-09T11:07:40","slug":"denken-sie-schon-am-anfang-ihres-berufslebens-an-ihre-rente-53006","status":"publish","type":"post","link":"https:\/\/my-life.lu\/de\/denken-sie-schon-am-anfang-ihres-berufslebens-an-ihre-rente-53006\/","title":{"rendered":"Denken Sie am Anfang Ihres Berufslebens an Ihre Rente!"},"content":{"rendered":"<p class=\"entete\">Gem\u00e4\u00df dem OECD-Bericht \u201eRenten auf einen Blick\u201c ist das Rentenniveau in Luxemburg weit h\u00f6her als der Durchschnitt und als in unseren Nachbarl\u00e4ndern. Ihre Eink\u00fcnfte im Ruhestand k\u00f6nnen jedoch in Abh\u00e4ngigkeit von Ihrer beruflichen Laufbahn wesentlich geringer sein. Dies ist vor allem dann der Fall, wenn Sie keine Vorbereitungen getroffen haben, um den unweigerlichen R\u00fcckgang auszugleichen. Daher sollten Sie sich schon jetzt damit besch\u00e4ftigen.<\/p>\n<p>Partnerschaft, Karriere, Kinder, begrenzte Mittel &#8230; junge Berufst\u00e4tige haben normalerweise andere Sorgen als die Vorbereitung ihres Ruhestands. Angesichts einer durchschnittlichen Einkommenseinbu\u00dfe von 25% beim \u00a0Eintritt in den Ruhestand sollten Sie aber schon jetzt Vorbereitungen treffen, wenn Sie die Rente in vollen Z\u00fcgen genie\u00dfen wollen. Dies gilt umso mehr, weil nicht garantiert ist, dass Luxemburg noch in 15 oder 20 Jahren ein solches Rentenniveau halten kann. Was k\u00f6nnen Sie tun?<\/p>\n<h2 id=\"h2_0\" >Bereiten Sie sich vor<\/h2>\n<p>Stellen Sie sicher, dass Sie alle Ihnen zustehenden Leistungen auch erhalten! Denn um in <a href=\"https:\/\/my-life.lu\/de\/wie-wird-ihre-altersrente-luxemburg-besteuert-53003\/\" target=\"_blank\" rel=\"noopener noreferrer\"><span style=\"text-decoration: underline;\"><strong>vollem Umfang von der gesetzlichen Rente<\/strong><\/span><\/a>, auf die Sie Anspruch haben werden, zu profitieren, m\u00fcssen Sie Ihre Pflichtversicherungszeiten (Berufst\u00e4tigkeit, Arbeitslosigkeit, Elternurlaub, Babyjahre usw.) und zus\u00e4tzliche, gleichgestellte Zeiten (Studien- und Berufsausbildungszeiten zwischen dem 18. und dem 27. Lebensjahr, Erziehungsjahre f\u00fcr Kinder unter 6 Jahren usw.) nachweisen k\u00f6nnen.<\/p>\n<p>Am besten legen Sie schon jetzt einen Ordner an, in dem Sie alle Belege sammeln, bevor Sie in 30\u00a0Jahren feststellen, dass Ihnen einige unersetzliche Dokumente fehlen.<\/p>\n<h2 id=\"h2_1\" >Bilden Sie Ersparnisse<\/h2>\n<p>Da die Lebenserwartung steigt und es fraglich ist, ob der Staat auf Dauer in der Lage sein wird, die gesetzliche Rente auf ihrem jetzigen Niveau zu halten, sind sich junge Berufst\u00e4tige zunehmend bewusst, dass die H\u00f6he ihrer Rente in erheblichem Ma\u00dfe davon abh\u00e4ngen wird, was sie selbst daf\u00fcr tun. Es lohnt sich, schon fr\u00fch mit dem Sparen zu beginnen.<\/p>\n<p>Sie k\u00f6nnen nur wenig auf die Seite legen? Macht nichts! Selbst wenn Sie \u00fcber mehrere Jahrzehnte nur <a href=\"https:\/\/my-life.lu\/de\/ist-eine-investition-von-50-euro-pro-monat-sinnvoll-30097\/\" target=\"_blank\" rel=\"noopener\"><span style=\"text-decoration: underline;\"><strong>kleinere Betr\u00e4ge sparen<\/strong><\/span><\/a>, kommen Sie am Ende trotzdem auf eine h\u00fcbsche Summe. Vorausgesetzt, Sie fangen jetzt schon damit an. Achten Sie aber auf die Liquidit\u00e4t Ihrer Ersparnisse, damit Sie die notwendige Flexibilit\u00e4t f\u00fcr kurzfristige Projekte wahren. Sparen f\u00fcr morgen hei\u00dft nicht, das Leben nicht mehr zu genie\u00dfen. Die Kunst besteht darin, <a href=\"https:\/\/my-life.lu\/de\/die-anlagepyramide-30079\/\" target=\"_blank\" rel=\"noopener\"><span style=\"text-decoration: underline;\"><strong>dies auf intelligente Weise zu tun<\/strong><\/span><\/a>.<\/p>\n<h2 id=\"h2_2\" >Werden Sie Eigent\u00fcmer Ihres Hauptwohnsitzes<\/h2>\n<p>Eigent\u00fcmer seiner Wohnung zu sein ist ein wichtiger Schritt zur Vorbereitung des Ruhestands. Wenn Sie Ihren Kredit rechtzeitig aufnehmen, m\u00fcssen Sie im Ruhestand <span style=\"text-decoration: underline;\"><strong><a href=\"https:\/\/my-life.lu\/de\/wie-erhaelt-man-seinen-lebensstandard-im-ruhestand-aufrecht-53001\/\" target=\"_blank\" rel=\"noopener noreferrer\">weder R\u00fcckzahlungen leisten noch Miete zahlen.<\/a><\/strong><\/span><\/p>\n<blockquote><p>Wenn Sie Ihren Kredit rechtzeitig aufnehmen, m\u00fcssen Sie im Ruhestand weder R\u00fcckzahlungen leisten noch Miete zahlen.<\/p><\/blockquote>\n<p>Nat\u00fcrlich sind die Immobilienpreise hoch und den gew\u00fcnschten Kredit erh\u00e4lt man auch nicht ohne Weiteres, vor allem wenn Ihre Bank Eigenkapital verlangt, was meistens der Fall ist. Aber die gute Nachricht ist, dass Sie, wenn Sie sich an unseren Tipp zu sparen gehalten haben, bereits \u00fcber ein kleines Kapital verf\u00fcgen.<\/p>\n<p><span style=\"text-decoration: underline;\"><strong><a href=\"https:\/\/www.bil.com\/de\/privatkunden\/produkte-und-dienstleistungen\/kreditaufnahme\/Seiten\/Immobilienkredit.aspx\" target=\"_blank\" rel=\"noopener noreferrer\">Simulieren Sie jetzt Ihr Hypothekendarlehen<\/a><\/strong><\/span>, um Ihre Kreditaufnahmekapazit\u00e4t zu ermitteln, und sprechen Sie dann mit Ihrem Bankberater. Er ist f\u00fcr Sie da, um Fragen zu beantworten und Sie bei der Umsetzung dieses Vorhabens zu unterst\u00fctzen.<\/p>\n<h2 id=\"h2_3\" >Nutzen Sie die Zusatzrentenregelungen<\/h2>\n<p>Neben dem gesetzlichen Rentensystem hat der luxemburgische Gesetzgeber Ma\u00dfnahmen zur F\u00f6rderung der betrieblichen (zweite S\u00e4ule) und <a href=\"https:\/\/my-life.lu\/de\/altersvorsorge-welcher-vertrag-ist-der-richtige-53008\/\" target=\"_blank\" rel=\"noopener noreferrer\"><span style=\"text-decoration: underline;\"><strong>privaten Altersvorsorge<\/strong><\/span><\/a> (dritte S\u00e4ule) eingef\u00fchrt.<\/p>\n<p>Wenn Ihr Arbeitgeber einen Zusatzrentenplan anbietet, k\u00f6nnen Sie diesen durch pers\u00f6nliche Beitr\u00e4ge erg\u00e4nzen, die bis zu einem Betrag von 1.200EUR pro Jahr als Sonderausgaben steuerlich absetzbar sind. Beim Renteneintritt werden die Leistungen in Form von Kapital oder einer Leibrente ausbezahlt und sind in Luxemburg in voller H\u00f6he von der Einkommensteuer befreit. Sie unterliegen jedoch einer pauschalen Quellensteuer von 20% zu Lasten des Arbeitgebers.<\/p>\n<p>Die am 1. Januar 2017 in Kraft getretene Steuerreform sieht ungeachtet Ihres Alters einen j\u00e4hrlichen Freibetrag von 3.200EUR f\u00fcr die Altersvorsorgeversicherung (nach Artikel 111bis LIR) vor. Beim Renteneintritt (Mindestalter: 60 Jahre) erhalten Sie die R\u00fcckzahlung entweder in Form einer Leibrente, die zu 50% steuerfrei ist, oder Sie lassen sich den Gesamtkapitalbetrag auszahlen, der mit dem halben Regelsteuersatz besteuert wird, oder Sie w\u00e4hlen eine Zwischenl\u00f6sung. Seit dem Steuerjahr 2022 kann das bei Vertragsablauf angesammelte Sparguthaben bis zum Alter von 75 Jahren ebenfalls j\u00e4hrliche Abhebungen vorgenommen werden. Diese j\u00e4hrlichen Abhebungen k\u00f6nnen auch mit einer Kapitalabhebung und\/oder einer Leibrente kombiniert werden. Lassen Sie sich gegebenenfalls von Ihrer Bank oder Versicherungsgesellschaft beraten.<\/p>\n<blockquote><p>Die Steuerreform sieht ungeachtet Ihres Alters einen j\u00e4hrlichen Freibetrag von 3.200EUR f\u00fcr die Altersvorsorgeversicherung vor.<\/p><\/blockquote>\n<h2 id=\"h2_4\" >Anlegen<\/h2>\n<p>Ob Versicherungsprodukte, Investmentfonds oder strukturierte Produkte: Es gibt zahlreiche Anlagem\u00f6glichkeiten, um Kapital zu bilden und Ihren Lebensstandard im Ruhestand zu halten. Und daf\u00fcr muss man nicht unbedingt \u00fcber astronomische Summen verf\u00fcgen.<\/p>\n<p>Besprechen Sie mit Ihrer Bank, welches <a href=\"https:\/\/my-life.lu\/de\/welche-art-von-anleger-sind-sie-30008\/\" target=\"_blank\" rel=\"noopener noreferrer\"><span style=\"text-decoration: underline;\"><strong>Anlegerprofil<\/strong><\/span><\/a> f\u00fcr Ihre pers\u00f6nliche Situation am besten geeignet ist und welche Chancen und Risiken mit den gew\u00fcnschten Anlagen verbunden sind. Vergessen Sie nicht, dass die bereitgestellten Informationen immer entsprechend Ihrer pers\u00f6nlichen Situation ber\u00fccksichtigt werden m\u00fcssen und sich im Falle ver\u00e4nderter Gesetzgebungen \u00e4ndern k\u00f6nnen.<\/p>\n<p class=\"p1\">Planen Sie Ihren Ruhestand schon heute, damit Sie ihn morgen gut leben k\u00f6nnen!<\/p>\n","protected":false},"excerpt":{"rendered":"<p>Gem\u00e4\u00df dem OECD-Bericht \u201eRenten auf einen Blick\u201c ist das Rentenniveau in Luxemburg weit h\u00f6her als der Durchschnitt und als in unseren Nachbarl\u00e4ndern. Ihre Eink\u00fcnfte im Ruhestand k\u00f6nnen jedoch in Abh\u00e4ngigkeit von Ihrer beruflichen Laufbahn wesentlich geringer sein. Dies ist vor allem dann der Fall, wenn Sie keine Vorbereitungen getroffen haben, um den unweigerlichen R\u00fcckgang auszugleichen. &hellip; <\/p>\n<p class=\"link-more\"><a href=\"https:\/\/my-life.lu\/de\/denken-sie-schon-am-anfang-ihres-berufslebens-an-ihre-rente-53006\/\" class=\"more-link\">Continue reading<span class=\"screen-reader-text\"> &#8220;Denken Sie am Anfang Ihres Berufslebens an Ihre Rente!&#8221;<\/span><\/a><\/p>\n","protected":false},"author":4,"featured_media":4458,"comment_status":"closed","ping_status":"closed","sticky":false,"template":"","format":"standard","meta":{"_et_pb_use_builder":"","_et_pb_old_content":"","_et_gb_content_width":"","footnotes":"","beyondwords_generate_audio":"1","beyondwords_integration_method":"","beyondwords_project_id":"44704","beyondwords_content_id":"32f7da62-6488-4bea-b97c-bac845ca606d","beyondwords_preview_token":"38afbca5-76bb-4e00-ad51-8b7369224a7b","beyondwords_player_content":"","beyondwords_player_style":"standard","beyondwords_language_code":"de_DE","beyondwords_language_id":"44","beyondwords_title_voice_id":"757","beyondwords_body_voice_id":"757","beyondwords_summary_voice_id":"757","beyondwords_error_message":"","beyondwords_disabled":"","beyondwords_delete_content":"","beyondwords_podcast_id":"","beyondwords_hash":"","publish_post_to_speechkit":"","speechkit_hash":"","speechkit_generate_audio":"","speechkit_project_id":"","speechkit_podcast_id":"","speechkit_error_message":"","speechkit_disabled":"","speechkit_access_key":"","speechkit_error":"","speechkit_info":"","speechkit_response":"","speechkit_retries":"","speechkit_status":"","speechkit_updated_at":"","_speechkit_link":"","_speechkit_text":""},"categories":[2,187,189,199,153],"tags":[442,450,455,582],"class_list":["post-2299","post","type-post","status-publish","format-standard","has-post-thumbnail","hentry","category-me-and-my-family-de","category-sparen-de-2","category-investitionen-de","category-rente-de-2","category-rente-de","tag-investitionen","tag-sparen","tag-rente","tag-kontakt-de","my_family"],"yoast_head":"<!-- This site is optimized with the Yoast SEO Premium plugin v27.3 (Yoast SEO v27.3) - https:\/\/yoast.com\/product\/yoast-seo-premium-wordpress\/ -->\n<title>Denken Sie am Anfang Ihres Berufslebens an Ihre Rente! - myLIFE<\/title>\n<meta name=\"description\" content=\"Schon heute sollten Sie Ihren Ruhestand vorbereiten, damit Sie ihn zu gegebener Zeit voll und ganz genie\u00dfen k\u00f6nnen. Hier unsere Ratschl\u00e4ge!\" \/>\n<meta name=\"robots\" content=\"index, follow, max-snippet:-1, max-image-preview:large, max-video-preview:-1\" \/>\n<link rel=\"canonical\" href=\"https:\/\/my-life.lu\/de\/denken-sie-schon-am-anfang-ihres-berufslebens-an-ihre-rente-53006\/\" \/>\n<meta property=\"og:locale\" content=\"de_DE\" \/>\n<meta property=\"og:type\" content=\"article\" \/>\n<meta property=\"og:title\" content=\"Denken Sie am Anfang Ihres Berufslebens an Ihre Rente!\" \/>\n<meta property=\"og:description\" content=\"Schon heute sollten Sie Ihren Ruhestand vorbereiten, damit Sie ihn zu gegebener Zeit voll und ganz genie\u00dfen k\u00f6nnen. Hier unsere Ratschl\u00e4ge!\" \/>\n<meta property=\"og:url\" content=\"https:\/\/my-life.lu\/de\/denken-sie-schon-am-anfang-ihres-berufslebens-an-ihre-rente-53006\/\" \/>\n<meta property=\"og:site_name\" content=\"myLIFE\" \/>\n<meta property=\"article:published_time\" content=\"2017-09-21T09:09:55+00:00\" \/>\n<meta property=\"article:modified_time\" content=\"2024-12-09T11:07:40+00:00\" \/>\n<meta property=\"og:image\" content=\"https:\/\/my-life.lu\/wp-content\/uploads\/2017\/09\/Article_53006-e1726040228376.jpg\" \/>\n\t<meta property=\"og:image:width\" content=\"1920\" \/>\n\t<meta property=\"og:image:height\" content=\"1280\" \/>\n\t<meta property=\"og:image:type\" content=\"image\/jpeg\" \/>\n<meta name=\"author\" content=\"Compiled by myLIFE team\" \/>\n<meta name=\"twitter:card\" content=\"summary_large_image\" \/>\n<meta name=\"twitter:label1\" content=\"Verfasst von\" \/>\n\t<meta name=\"twitter:data1\" content=\"Gesammelt von myLIFE team\" \/>\n\t<meta name=\"twitter:label2\" content=\"Gesch\u00e4tzte Lesezeit\" \/>\n\t<meta name=\"twitter:data2\" content=\"5\u00a0Minuten\" \/>\n<script type=\"application\/ld+json\" class=\"yoast-schema-graph\">{\"@context\":\"https:\\\/\\\/schema.org\",\"@graph\":[{\"@type\":\"Article\",\"@id\":\"https:\\\/\\\/my-life.lu\\\/de\\\/denken-sie-schon-am-anfang-ihres-berufslebens-an-ihre-rente-53006\\\/#article\",\"isPartOf\":{\"@id\":\"https:\\\/\\\/my-life.lu\\\/de\\\/denken-sie-schon-am-anfang-ihres-berufslebens-an-ihre-rente-53006\\\/\"},\"author\":{\"name\":\"Compiled by myLIFE team\",\"@id\":\"https:\\\/\\\/my-life.lu\\\/de\\\/#\\\/schema\\\/person\\\/224f7e554674eb9534cbab8498cd369b\"},\"headline\":\"Denken Sie am Anfang Ihres Berufslebens an Ihre Rente!\",\"datePublished\":\"2017-09-21T09:09:55+00:00\",\"dateModified\":\"2024-12-09T11:07:40+00:00\",\"mainEntityOfPage\":{\"@id\":\"https:\\\/\\\/my-life.lu\\\/de\\\/denken-sie-schon-am-anfang-ihres-berufslebens-an-ihre-rente-53006\\\/\"},\"wordCount\":871,\"publisher\":{\"@id\":\"https:\\\/\\\/my-life.lu\\\/de\\\/#organization\"},\"image\":{\"@id\":\"https:\\\/\\\/my-life.lu\\\/de\\\/denken-sie-schon-am-anfang-ihres-berufslebens-an-ihre-rente-53006\\\/#primaryimage\"},\"thumbnailUrl\":\"https:\\\/\\\/my-life.lu\\\/wp-content\\\/uploads\\\/2017\\\/09\\\/Article_53006-e1726040228376.jpg\",\"keywords\":[\"Investitionen\",\"Sparen\",\"Rente\",\"Kontakt\"],\"articleSection\":[\"me&amp;myFAMILY\",\"Sparen\",\"Investitionen\",\"Rente\",\"Rente\"],\"inLanguage\":\"de\"},{\"@type\":\"WebPage\",\"@id\":\"https:\\\/\\\/my-life.lu\\\/de\\\/denken-sie-schon-am-anfang-ihres-berufslebens-an-ihre-rente-53006\\\/\",\"url\":\"https:\\\/\\\/my-life.lu\\\/de\\\/denken-sie-schon-am-anfang-ihres-berufslebens-an-ihre-rente-53006\\\/\",\"name\":\"Denken Sie am Anfang Ihres Berufslebens an Ihre Rente! - myLIFE\",\"isPartOf\":{\"@id\":\"https:\\\/\\\/my-life.lu\\\/de\\\/#website\"},\"primaryImageOfPage\":{\"@id\":\"https:\\\/\\\/my-life.lu\\\/de\\\/denken-sie-schon-am-anfang-ihres-berufslebens-an-ihre-rente-53006\\\/#primaryimage\"},\"image\":{\"@id\":\"https:\\\/\\\/my-life.lu\\\/de\\\/denken-sie-schon-am-anfang-ihres-berufslebens-an-ihre-rente-53006\\\/#primaryimage\"},\"thumbnailUrl\":\"https:\\\/\\\/my-life.lu\\\/wp-content\\\/uploads\\\/2017\\\/09\\\/Article_53006-e1726040228376.jpg\",\"datePublished\":\"2017-09-21T09:09:55+00:00\",\"dateModified\":\"2024-12-09T11:07:40+00:00\",\"description\":\"Schon heute sollten Sie Ihren Ruhestand vorbereiten, damit Sie ihn zu gegebener Zeit voll und ganz genie\u00dfen k\u00f6nnen. Hier unsere Ratschl\u00e4ge!\",\"breadcrumb\":{\"@id\":\"https:\\\/\\\/my-life.lu\\\/de\\\/denken-sie-schon-am-anfang-ihres-berufslebens-an-ihre-rente-53006\\\/#breadcrumb\"},\"inLanguage\":\"de\",\"potentialAction\":[{\"@type\":\"ReadAction\",\"target\":[\"https:\\\/\\\/my-life.lu\\\/de\\\/denken-sie-schon-am-anfang-ihres-berufslebens-an-ihre-rente-53006\\\/\"]}]},{\"@type\":\"ImageObject\",\"inLanguage\":\"de\",\"@id\":\"https:\\\/\\\/my-life.lu\\\/de\\\/denken-sie-schon-am-anfang-ihres-berufslebens-an-ihre-rente-53006\\\/#primaryimage\",\"url\":\"https:\\\/\\\/my-life.lu\\\/wp-content\\\/uploads\\\/2017\\\/09\\\/Article_53006-e1726040228376.jpg\",\"contentUrl\":\"https:\\\/\\\/my-life.lu\\\/wp-content\\\/uploads\\\/2017\\\/09\\\/Article_53006-e1726040228376.jpg\",\"width\":1920,\"height\":1280},{\"@type\":\"BreadcrumbList\",\"@id\":\"https:\\\/\\\/my-life.lu\\\/de\\\/denken-sie-schon-am-anfang-ihres-berufslebens-an-ihre-rente-53006\\\/#breadcrumb\",\"itemListElement\":[{\"@type\":\"ListItem\",\"position\":1,\"name\":\"Home\",\"item\":\"https:\\\/\\\/my-life.lu\\\/de\\\/\"},{\"@type\":\"ListItem\",\"position\":2,\"name\":\"Denken Sie am Anfang Ihres Berufslebens an Ihre Rente!\"}]},{\"@type\":\"WebSite\",\"@id\":\"https:\\\/\\\/my-life.lu\\\/de\\\/#website\",\"url\":\"https:\\\/\\\/my-life.lu\\\/de\\\/\",\"name\":\"myLIFE\",\"description\":\"\",\"publisher\":{\"@id\":\"https:\\\/\\\/my-life.lu\\\/de\\\/#organization\"},\"potentialAction\":[{\"@type\":\"SearchAction\",\"target\":{\"@type\":\"EntryPoint\",\"urlTemplate\":\"https:\\\/\\\/my-life.lu\\\/de\\\/?s={search_term_string}\"},\"query-input\":{\"@type\":\"PropertyValueSpecification\",\"valueRequired\":true,\"valueName\":\"search_term_string\"}}],\"inLanguage\":\"de\"},{\"@type\":\"Organization\",\"@id\":\"https:\\\/\\\/my-life.lu\\\/de\\\/#organization\",\"name\":\"myLIFE\",\"url\":\"https:\\\/\\\/my-life.lu\\\/de\\\/\",\"logo\":{\"@type\":\"ImageObject\",\"inLanguage\":\"de\",\"@id\":\"https:\\\/\\\/my-life.lu\\\/de\\\/#\\\/schema\\\/logo\\\/image\\\/\",\"url\":\"https:\\\/\\\/my-life.lu\\\/wp-content\\\/uploads\\\/2018\\\/07\\\/myLIFE_LOGO_violet-AMP2.png\",\"contentUrl\":\"https:\\\/\\\/my-life.lu\\\/wp-content\\\/uploads\\\/2018\\\/07\\\/myLIFE_LOGO_violet-AMP2.png\",\"width\":190,\"height\":36,\"caption\":\"myLIFE\"},\"image\":{\"@id\":\"https:\\\/\\\/my-life.lu\\\/de\\\/#\\\/schema\\\/logo\\\/image\\\/\"}},{\"@type\":\"Person\",\"@id\":\"https:\\\/\\\/my-life.lu\\\/de\\\/#\\\/schema\\\/person\\\/224f7e554674eb9534cbab8498cd369b\",\"name\":\"Compiled by myLIFE team\",\"image\":{\"@type\":\"ImageObject\",\"inLanguage\":\"de\",\"@id\":\"https:\\\/\\\/secure.gravatar.com\\\/avatar\\\/28b395d9b8d5c7e9757fb0c7315ee854d88aef3f02f0c439e5813c8149eb6ecb?s=96&d=mm&r=g\",\"url\":\"https:\\\/\\\/secure.gravatar.com\\\/avatar\\\/28b395d9b8d5c7e9757fb0c7315ee854d88aef3f02f0c439e5813c8149eb6ecb?s=96&d=mm&r=g\",\"contentUrl\":\"https:\\\/\\\/secure.gravatar.com\\\/avatar\\\/28b395d9b8d5c7e9757fb0c7315ee854d88aef3f02f0c439e5813c8149eb6ecb?s=96&d=mm&r=g\",\"caption\":\"Compiled by myLIFE team\"},\"url\":\"https:\\\/\\\/my-life.lu\\\/de\\\/author\\\/compiled-by-mylife-team\\\/\"}]}<\/script>\n<!-- \/ Yoast SEO Premium plugin. -->","yoast_head_json":{"title":"Denken Sie am Anfang Ihres Berufslebens an Ihre Rente! - myLIFE","description":"Schon heute sollten Sie Ihren Ruhestand vorbereiten, damit Sie ihn zu gegebener Zeit voll und ganz genie\u00dfen k\u00f6nnen. Hier unsere Ratschl\u00e4ge!","robots":{"index":"index","follow":"follow","max-snippet":"max-snippet:-1","max-image-preview":"max-image-preview:large","max-video-preview":"max-video-preview:-1"},"canonical":"https:\/\/my-life.lu\/de\/denken-sie-schon-am-anfang-ihres-berufslebens-an-ihre-rente-53006\/","og_locale":"de_DE","og_type":"article","og_title":"Denken Sie am Anfang Ihres Berufslebens an Ihre Rente!","og_description":"Schon heute sollten Sie Ihren Ruhestand vorbereiten, damit Sie ihn zu gegebener Zeit voll und ganz genie\u00dfen k\u00f6nnen. Hier unsere Ratschl\u00e4ge!","og_url":"https:\/\/my-life.lu\/de\/denken-sie-schon-am-anfang-ihres-berufslebens-an-ihre-rente-53006\/","og_site_name":"myLIFE","article_published_time":"2017-09-21T09:09:55+00:00","article_modified_time":"2024-12-09T11:07:40+00:00","og_image":[{"width":1920,"height":1280,"url":"https:\/\/my-life.lu\/wp-content\/uploads\/2017\/09\/Article_53006-e1726040228376.jpg","type":"image\/jpeg"}],"author":"Compiled by myLIFE team","twitter_card":"summary_large_image","twitter_misc":{"Verfasst von":"Gesammelt von myLIFE team","Gesch\u00e4tzte Lesezeit":"5\u00a0Minuten"},"schema":{"@context":"https:\/\/schema.org","@graph":[{"@type":"Article","@id":"https:\/\/my-life.lu\/de\/denken-sie-schon-am-anfang-ihres-berufslebens-an-ihre-rente-53006\/#article","isPartOf":{"@id":"https:\/\/my-life.lu\/de\/denken-sie-schon-am-anfang-ihres-berufslebens-an-ihre-rente-53006\/"},"author":{"name":"Compiled by myLIFE team","@id":"https:\/\/my-life.lu\/de\/#\/schema\/person\/224f7e554674eb9534cbab8498cd369b"},"headline":"Denken Sie am Anfang Ihres Berufslebens an Ihre Rente!","datePublished":"2017-09-21T09:09:55+00:00","dateModified":"2024-12-09T11:07:40+00:00","mainEntityOfPage":{"@id":"https:\/\/my-life.lu\/de\/denken-sie-schon-am-anfang-ihres-berufslebens-an-ihre-rente-53006\/"},"wordCount":871,"publisher":{"@id":"https:\/\/my-life.lu\/de\/#organization"},"image":{"@id":"https:\/\/my-life.lu\/de\/denken-sie-schon-am-anfang-ihres-berufslebens-an-ihre-rente-53006\/#primaryimage"},"thumbnailUrl":"https:\/\/my-life.lu\/wp-content\/uploads\/2017\/09\/Article_53006-e1726040228376.jpg","keywords":["Investitionen","Sparen","Rente","Kontakt"],"articleSection":["me&amp;myFAMILY","Sparen","Investitionen","Rente","Rente"],"inLanguage":"de"},{"@type":"WebPage","@id":"https:\/\/my-life.lu\/de\/denken-sie-schon-am-anfang-ihres-berufslebens-an-ihre-rente-53006\/","url":"https:\/\/my-life.lu\/de\/denken-sie-schon-am-anfang-ihres-berufslebens-an-ihre-rente-53006\/","name":"Denken Sie am Anfang Ihres Berufslebens an Ihre Rente! - myLIFE","isPartOf":{"@id":"https:\/\/my-life.lu\/de\/#website"},"primaryImageOfPage":{"@id":"https:\/\/my-life.lu\/de\/denken-sie-schon-am-anfang-ihres-berufslebens-an-ihre-rente-53006\/#primaryimage"},"image":{"@id":"https:\/\/my-life.lu\/de\/denken-sie-schon-am-anfang-ihres-berufslebens-an-ihre-rente-53006\/#primaryimage"},"thumbnailUrl":"https:\/\/my-life.lu\/wp-content\/uploads\/2017\/09\/Article_53006-e1726040228376.jpg","datePublished":"2017-09-21T09:09:55+00:00","dateModified":"2024-12-09T11:07:40+00:00","description":"Schon heute sollten Sie Ihren Ruhestand vorbereiten, damit Sie ihn zu gegebener Zeit voll und ganz genie\u00dfen k\u00f6nnen. Hier unsere Ratschl\u00e4ge!","breadcrumb":{"@id":"https:\/\/my-life.lu\/de\/denken-sie-schon-am-anfang-ihres-berufslebens-an-ihre-rente-53006\/#breadcrumb"},"inLanguage":"de","potentialAction":[{"@type":"ReadAction","target":["https:\/\/my-life.lu\/de\/denken-sie-schon-am-anfang-ihres-berufslebens-an-ihre-rente-53006\/"]}]},{"@type":"ImageObject","inLanguage":"de","@id":"https:\/\/my-life.lu\/de\/denken-sie-schon-am-anfang-ihres-berufslebens-an-ihre-rente-53006\/#primaryimage","url":"https:\/\/my-life.lu\/wp-content\/uploads\/2017\/09\/Article_53006-e1726040228376.jpg","contentUrl":"https:\/\/my-life.lu\/wp-content\/uploads\/2017\/09\/Article_53006-e1726040228376.jpg","width":1920,"height":1280},{"@type":"BreadcrumbList","@id":"https:\/\/my-life.lu\/de\/denken-sie-schon-am-anfang-ihres-berufslebens-an-ihre-rente-53006\/#breadcrumb","itemListElement":[{"@type":"ListItem","position":1,"name":"Home","item":"https:\/\/my-life.lu\/de\/"},{"@type":"ListItem","position":2,"name":"Denken Sie am Anfang Ihres Berufslebens an Ihre Rente!"}]},{"@type":"WebSite","@id":"https:\/\/my-life.lu\/de\/#website","url":"https:\/\/my-life.lu\/de\/","name":"myLIFE","description":"","publisher":{"@id":"https:\/\/my-life.lu\/de\/#organization"},"potentialAction":[{"@type":"SearchAction","target":{"@type":"EntryPoint","urlTemplate":"https:\/\/my-life.lu\/de\/?s={search_term_string}"},"query-input":{"@type":"PropertyValueSpecification","valueRequired":true,"valueName":"search_term_string"}}],"inLanguage":"de"},{"@type":"Organization","@id":"https:\/\/my-life.lu\/de\/#organization","name":"myLIFE","url":"https:\/\/my-life.lu\/de\/","logo":{"@type":"ImageObject","inLanguage":"de","@id":"https:\/\/my-life.lu\/de\/#\/schema\/logo\/image\/","url":"https:\/\/my-life.lu\/wp-content\/uploads\/2018\/07\/myLIFE_LOGO_violet-AMP2.png","contentUrl":"https:\/\/my-life.lu\/wp-content\/uploads\/2018\/07\/myLIFE_LOGO_violet-AMP2.png","width":190,"height":36,"caption":"myLIFE"},"image":{"@id":"https:\/\/my-life.lu\/de\/#\/schema\/logo\/image\/"}},{"@type":"Person","@id":"https:\/\/my-life.lu\/de\/#\/schema\/person\/224f7e554674eb9534cbab8498cd369b","name":"Compiled by myLIFE team","image":{"@type":"ImageObject","inLanguage":"de","@id":"https:\/\/secure.gravatar.com\/avatar\/28b395d9b8d5c7e9757fb0c7315ee854d88aef3f02f0c439e5813c8149eb6ecb?s=96&d=mm&r=g","url":"https:\/\/secure.gravatar.com\/avatar\/28b395d9b8d5c7e9757fb0c7315ee854d88aef3f02f0c439e5813c8149eb6ecb?s=96&d=mm&r=g","contentUrl":"https:\/\/secure.gravatar.com\/avatar\/28b395d9b8d5c7e9757fb0c7315ee854d88aef3f02f0c439e5813c8149eb6ecb?s=96&d=mm&r=g","caption":"Compiled by myLIFE team"},"url":"https:\/\/my-life.lu\/de\/author\/compiled-by-mylife-team\/"}]}},"_links":{"self":[{"href":"https:\/\/my-life.lu\/de\/wp-json\/wp\/v2\/posts\/2299","targetHints":{"allow":["GET"]}}],"collection":[{"href":"https:\/\/my-life.lu\/de\/wp-json\/wp\/v2\/posts"}],"about":[{"href":"https:\/\/my-life.lu\/de\/wp-json\/wp\/v2\/types\/post"}],"author":[{"embeddable":true,"href":"https:\/\/my-life.lu\/de\/wp-json\/wp\/v2\/users\/4"}],"replies":[{"embeddable":true,"href":"https:\/\/my-life.lu\/de\/wp-json\/wp\/v2\/comments?post=2299"}],"version-history":[{"count":21,"href":"https:\/\/my-life.lu\/de\/wp-json\/wp\/v2\/posts\/2299\/revisions"}],"predecessor-version":[{"id":24708,"href":"https:\/\/my-life.lu\/de\/wp-json\/wp\/v2\/posts\/2299\/revisions\/24708"}],"wp:featuredmedia":[{"embeddable":true,"href":"https:\/\/my-life.lu\/de\/wp-json\/wp\/v2\/media\/4458"}],"wp:attachment":[{"href":"https:\/\/my-life.lu\/de\/wp-json\/wp\/v2\/media?parent=2299"}],"wp:term":[{"taxonomy":"category","embeddable":true,"href":"https:\/\/my-life.lu\/de\/wp-json\/wp\/v2\/categories?post=2299"},{"taxonomy":"post_tag","embeddable":true,"href":"https:\/\/my-life.lu\/de\/wp-json\/wp\/v2\/tags?post=2299"}],"curies":[{"name":"wp","href":"https:\/\/api.w.org\/{rel}","templated":true}]}}