{"id":4205,"date":"2018-02-15T11:56:08","date_gmt":"2018-02-15T10:56:08","guid":{"rendered":"https:\/\/my-life.lu\/?p=4205\/"},"modified":"2025-10-02T16:20:55","modified_gmt":"2025-10-02T14:20:55","slug":"wann-muss-ich-meine-steuererklarung-abgeben-52002","status":"publish","type":"post","link":"https:\/\/my-life.lu\/de\/wann-muss-ich-meine-steuererklarung-abgeben-52002\/","title":{"rendered":"Wann muss ich meine Steuererkl\u00e4rung abgeben?"},"content":{"rendered":"<p class=\"entete\">Ob Sie Grenzg\u00e4nger oder Einwohner, Angestellter, Selbst\u00e4ndiger oder Rentner sind \u2013 das Einkommen, das Sie in Luxemburg erzielen, macht Sie zum Steuerpflichtigen. Aber wann m\u00fcssen Sie Ihre Steuererkl\u00e4rung einreichen? Hier eine Erinnerung an die Regeln zu diesem Thema.*<\/p>\n<h2 id=\"h2_0\" >Grunds\u00e4tzliches<\/h2>\n<p>Wissen Sie zun\u00e4chst, dass Sie in bestimmten F\u00e4llen keine Verpflichtung haben, eine j\u00e4hrliche Steuererkl\u00e4rung (Veranlagungserkl\u00e4rung, Modell 100) einzureichen, egal ob Sie <a href=\"https:\/\/guichet.public.lu\/de\/citoyens\/fiscalite\/declaration-impot-decompte\/activite-professionnelle\/declaration-revenus\/declaration-impot.html\" target=\"_blank\" rel=\"noopener\"><span style=\"text-decoration: underline;\"><strong>ans\u00e4ssig oder nicht ans\u00e4ssig<\/strong><\/span><\/a> sind. Nein, das bedeutet nicht, dass Sie nichts an den Staat zahlen, sondern dass die Quellensteuer auf Ihr Einkommen ausreichend ist und Sie der Meinung sind, keine au\u00dfergew\u00f6hnlichen Belastungen oder andere abzugsf\u00e4hige Ausgaben anzugeben, um <a href=\"https:\/\/my-life.lu\/de\/verringern-sie-ihre-steuerlast-durch-steuerliche-abzuege-52009\/\" target=\"_blank\" rel=\"noopener\"><span style=\"text-decoration: underline;\"><strong>Ihre Steuerlast zu verringern<\/strong><\/span><\/a>. Ist das bei Ihnen der Fall?<\/p>\n<p>Kurz gesagt, seit dem Steuerjahr 2018 sind nur Steuerpflichtige der Steuerklasse 1 und 1A (Ans\u00e4ssige und Nicht-Ans\u00e4ssige), die nur eine Einkommensart beziehen, die der Quellensteuer unterliegt, und ein zu versteuerndes Einkommen von weniger als 100.000\u20ac haben, von der Abgabe einer Steuererkl\u00e4rung befreit. Da Artikel 157bis ge\u00e4ndert wurde, m\u00fcssen nicht-ans\u00e4ssige Steuerpflichtige der Steuerklasse 2 in Luxemburg eine Steuererkl\u00e4rung abgeben, um die Steuerklasse 2 beizubehalten, andernfalls werden sie in Steuerklasse 1 eingestuft. F\u00fcr weitere Details besuchen Sie die Website <a href=\"https:\/\/impotsdirects.public.lu\/fr\/az\/i\/impot_assiet_revenu.html\" target=\"_blank\" rel=\"noopener\"><span style=\"text-decoration: underline;\"><strong>der Steuerverwaltung (ACD)<\/strong><\/span><\/a>.<\/p>\n<p>F\u00fcr alle anderen Steuerpflichtigen stellt sich weniger die Frage, ob eine Steuererkl\u00e4rung abgegeben werden muss, sondern vielmehr, wann? Das Grundprinzip ist, dass immer das Einkommen des Vorjahres erkl\u00e4rt wird. In diesem Jahr geben Sie also das Einkommen des letzten Jahres an, w\u00e4hrend Ihr Einkommen des laufenden Jahres erst n\u00e4chstes Jahr erkl\u00e4rt wird.<\/p>\n<h2 id=\"h2_1\" >In der Praxis<\/h2>\n<p>Jedes Jahr, in der Regel zu Beginn des 2. Quartals des laufenden Jahres, erhalten Sie entweder:<\/p>\n<ul>\n<li style=\"list-style-type: none;\">\n<ul>\n<li>eine Einladung, die <a href=\"https:\/\/impotsdirects.public.lu\/fr\/formulaires\/pers_physiques.html\" target=\"_blank\" rel=\"noopener\"><span style=\"text-decoration: underline;\"><strong>Erkl\u00e4rungsformulare<\/strong><\/span><\/a> auf der Website der ACD herunterzuladen und auszuf\u00fcllen;<\/li>\n<li>ein Papierformular (Modell 100) per Post;<\/li>\n<li>eine einfache und vorausgef\u00fcllte Erkl\u00e4rung (nur f\u00fcr anspruchsberechtigte Personen).<\/li>\n<\/ul>\n<\/li>\n<\/ul>\n<p>Die Fristen f\u00fcr die Abgabe der Steuererkl\u00e4rungen haben sich seit dem Steuerjahr 2022 ge\u00e4ndert. Ans\u00e4ssige und nicht-ans\u00e4ssige Steuerpflichtige haben nun sp\u00e4testens bis zum 31. Dezember Zeit, ihre Erkl\u00e4rung auszuf\u00fcllen und einzureichen. Sie m\u00fcssen daher Ihre Steuererkl\u00e4rung 2025 f\u00fcr die Eink\u00fcnfte aus 2024 bis sp\u00e4testens 31. Dezember 2025 einreichen.<\/p>\n<p>Um Ihre ausgef\u00fcllte und unterschriebene Steuererkl\u00e4rung einzureichen, haben Sie drei M\u00f6glichkeiten:<\/p>\n<ul>\n<li style=\"list-style-type: none;\">\n<ul>\n<li>per Post an das zust\u00e4ndige Steueramt senden;<\/li>\n<li>elektronisch im PDF-Format \u00fcber MyGuichet.lu;<\/li>\n<li>\u00fcber den <a href=\"https:\/\/guichet.public.lu\/de\/citoyens\/fiscalite\/declaration-impot-decompte\/activite-professionnelle\/declaration-revenus\/declaration-impot-electronique.html\" target=\"_blank\" rel=\"noopener\"><span style=\"text-decoration: underline;\"><strong>elektronischen Assistenten<\/strong><\/span><\/a> auf MyGuichet.lu (wenn Sie die Anspruchsvoraussetzungen erf\u00fcllen).<\/li>\n<\/ul>\n<\/li>\n<\/ul>\n<p><strong>Achtung<\/strong>: Wenn Sie Ihr Formular per Post versenden, warten Sie nicht bis zur letzten Minute. Es z\u00e4hlt das Empfangsdatum des Formulars bei der ACD.<\/p>\n<p>Weitere Informationen zum <a href=\"https:\/\/123easy.public.lu\/de.html\" target=\"_blank\" rel=\"noopener\"><span style=\"text-decoration: underline;\"><strong>elektronischen Assistenten und zu vereinfachten Erkl\u00e4rungen<\/strong><\/span><\/a> finden Sie auf der Website der ACD.<\/p>\n<p>Versuchen Sie nicht, ohne Grund Zeit zu sparen. Wie die ACD auf ihrer Website erw\u00e4hnt: \u201eDie Frist f\u00fcr die Einreichung der Einkommensteuererkl\u00e4rung ist einzuhalten, andernfalls drohen ein Zuschlag f\u00fcr versp\u00e4tete oder nicht erfolgte Einreichung, eine Geldstrafe oder sogar beide Sanktionen.\u201c Bei versp\u00e4teter Einreichung beachten Sie bitte, dass neben einer m\u00f6glichen Strafe auch die Bearbeitungszeit Ihrer Erkl\u00e4rung l\u00e4nger sein wird. Nicht optimal, wenn Sie auf eine R\u00fcckerstattung eines Teils der gezahlten Steuern hoffen.<\/p>\n<p><strong>Gut zu wissen<\/strong>: Der Steuerpflichtige, der nicht verpflichtet ist, eine Steuererkl\u00e4rung auszuf\u00fcllen oder nicht zur Veranlagungsbesteuerung zugelassen ist, kann die an der Quelle einbehaltene Steuer durch Ausf\u00fcllen einer <a href=\"https:\/\/my-life.lu\/de\/wozu-dient-der-lohnsteuerjahresausgleich-52010\/\" target=\"_blank\" rel=\"noopener\"><span style=\"text-decoration: underline;\"><strong>j\u00e4hrlichen Abrechnung<\/strong><\/span><\/a> (Modell 163) regulieren.<\/p>\n<p><strong>Zusammengefasst:<\/strong><\/p>\n<table cellspacing=\"0\" cellpadding=\"0\">\n<tbody>\n<tr>\n<td style=\"border-style: solid; border-color: #000000; background-color: #b883cc;\" valign=\"middle\">\n<p style=\"text-align: center;\"><strong>Beginn des 2. Quartals des laufenden Jahres<\/strong><\/p>\n<\/td>\n<td style=\"border-style: solid; border-color: #000000; background-color: #e7d3f0;\" valign=\"top\">\n<ul>\n<li style=\"list-style-type: none;\">\n<ul>\n<li>Bereitstellung der Erkl\u00e4rungsformulare durch die ACD (erster Montag im April)<\/li>\n<li>Erhalt entweder einer Einladung, die Erkl\u00e4rungsformulare online herunterzuladen und auszuf\u00fcllen, oder eines Papierformulars (Modell 100) per Post oder einer einfachen und vorausgef\u00fcllten Erkl\u00e4rung (nur f\u00fcr berechtigte Steuerpflichtige)<\/li>\n<li>Wenn Sie nichts erhalten, k\u00f6nnen Sie trotzdem eine Erkl\u00e4rung ausf\u00fcllen und einreichen<\/li>\n<\/ul>\n<\/li>\n<\/ul>\n<\/td>\n<\/tr>\n<tr>\n<td style=\"border-style: solid; border-color: #000000; background-color: #b883cc;\" valign=\"middle\">\n<p style=\"text-align: center;\"><strong>31. Dezember<\/strong><\/p>\n<\/td>\n<td style=\"border-style: solid; border-color: #000000; background-color: #e7d3f0;\" valign=\"top\">Frist f\u00fcr die Einreichung und den Erhalt der Einkommensteuererkl\u00e4rungen f\u00fcr nat\u00fcrliche Personen und der Jahresabrechnungen<\/td>\n<\/tr>\n<\/tbody>\n<\/table>\n<p>Achtung, wenn Sie Unternehmensleiter sind, haben Sie weitere steuerliche Verpflichtungen und daher zus\u00e4tzliche Fristen, die Sie beachten m\u00fcssen.<\/p>\n<p><span style=\"font-size: 10pt;\">* Inhalt aus dem Franz\u00f6sischen \u00fcbersetzt mit dem AI-Tool BIL GPT<\/span><\/p>\n","protected":false},"excerpt":{"rendered":"<p>Ob Sie Grenzg\u00e4nger oder Einwohner, Angestellter, Selbst\u00e4ndiger oder Rentner sind \u2013 das Einkommen, das Sie in Luxemburg erzielen, macht Sie zum Steuerpflichtigen. Aber wann m\u00fcssen Sie Ihre Steuererkl\u00e4rung einreichen? Hier eine Erinnerung an die Regeln zu diesem Thema.* Grunds\u00e4tzliches Wissen Sie zun\u00e4chst, dass Sie in bestimmten F\u00e4llen keine Verpflichtung haben, eine j\u00e4hrliche Steuererkl\u00e4rung (Veranlagungserkl\u00e4rung, Modell &hellip; <\/p>\n<p class=\"link-more\"><a href=\"https:\/\/my-life.lu\/de\/wann-muss-ich-meine-steuererklarung-abgeben-52002\/\" class=\"more-link\">Continue reading<span class=\"screen-reader-text\"> &#8220;Wann muss ich meine Steuererkl\u00e4rung abgeben?&#8221;<\/span><\/a><\/p>\n","protected":false},"author":4,"featured_media":4609,"comment_status":"closed","ping_status":"closed","sticky":false,"template":"","format":"standard","meta":{"_et_pb_use_builder":"","_et_pb_old_content":"","_et_gb_content_width":"","footnotes":"","beyondwords_generate_audio":"1","beyondwords_integration_method":"","beyondwords_project_id":"44704","beyondwords_content_id":"71c52eb0-5956-4f3b-8337-e1e059a9b06f","beyondwords_preview_token":"7f5a42ed-0d78-4293-bf62-5d918b463322","beyondwords_player_content":"","beyondwords_player_style":"standard","beyondwords_language_code":"de_DE","beyondwords_language_id":"","beyondwords_title_voice_id":"1929","beyondwords_body_voice_id":"1929","beyondwords_summary_voice_id":"1929","beyondwords_error_message":"","beyondwords_disabled":"","beyondwords_delete_content":"","beyondwords_podcast_id":"","beyondwords_hash":"","publish_post_to_speechkit":"","speechkit_hash":"","speechkit_generate_audio":"","speechkit_project_id":"","speechkit_podcast_id":"","speechkit_error_message":"","speechkit_disabled":"","speechkit_access_key":"","speechkit_error":"","speechkit_info":"","speechkit_response":"","speechkit_retries":"","speechkit_status":"","speechkit_updated_at":"","_speechkit_link":"","_speechkit_text":""},"categories":[2,139],"tags":[460,582],"class_list":["post-4205","post","type-post","status-publish","format-standard","has-post-thumbnail","hentry","category-me-and-my-family-de","category-steuern-de","tag-steuern","tag-kontakt-de","my_family"],"yoast_head":"<!-- This site is optimized with the Yoast SEO Premium plugin v27.3 (Yoast SEO v27.3) - https:\/\/yoast.com\/product\/yoast-seo-premium-wordpress\/ -->\n<title>Wann muss ich meine Steuererkl\u00e4rung abgeben? - myLIFE<\/title>\n<meta name=\"description\" content=\"Wann m\u00fcssen Sie in Luxemburg Ihre Steuererkl\u00e4rung einreichen? Dazu sind zahlreiche Fehlinformationen in Umlauf, doch myLIFE kl\u00e4rt auf.\" \/>\n<meta name=\"robots\" content=\"index, follow, max-snippet:-1, max-image-preview:large, max-video-preview:-1\" \/>\n<link rel=\"canonical\" href=\"https:\/\/my-life.lu\/de\/wann-muss-ich-meine-steuererklarung-abgeben-52002\/\" \/>\n<meta property=\"og:locale\" content=\"de_DE\" \/>\n<meta property=\"og:type\" content=\"article\" \/>\n<meta property=\"og:title\" content=\"Wann muss ich meine Steuererkl\u00e4rung abgeben?\" \/>\n<meta property=\"og:description\" content=\"Wann m\u00fcssen Sie in Luxemburg Ihre Steuererkl\u00e4rung einreichen? Dazu sind zahlreiche Fehlinformationen in Umlauf, doch myLIFE kl\u00e4rt auf.\" \/>\n<meta property=\"og:url\" content=\"https:\/\/my-life.lu\/de\/wann-muss-ich-meine-steuererklarung-abgeben-52002\/\" \/>\n<meta property=\"og:site_name\" content=\"myLIFE\" \/>\n<meta property=\"article:published_time\" content=\"2018-02-15T10:56:08+00:00\" \/>\n<meta property=\"article:modified_time\" content=\"2025-10-02T14:20:55+00:00\" \/>\n<meta property=\"og:image\" content=\"https:\/\/my-life.lu\/wp-content\/uploads\/2018\/02\/Article_52002-1-e1759414473465.jpg\" \/>\n\t<meta property=\"og:image:width\" content=\"1920\" \/>\n\t<meta property=\"og:image:height\" content=\"1281\" \/>\n\t<meta property=\"og:image:type\" content=\"image\/jpeg\" \/>\n<meta name=\"author\" content=\"Compiled by myLIFE team\" \/>\n<meta name=\"twitter:card\" content=\"summary_large_image\" \/>\n<meta name=\"twitter:label1\" content=\"Verfasst von\" \/>\n\t<meta name=\"twitter:data1\" content=\"Gesammelt von myLIFE team\" \/>\n\t<meta name=\"twitter:label2\" content=\"Gesch\u00e4tzte Lesezeit\" \/>\n\t<meta name=\"twitter:data2\" content=\"4\u00a0Minuten\" \/>\n<script type=\"application\/ld+json\" class=\"yoast-schema-graph\">{\"@context\":\"https:\\\/\\\/schema.org\",\"@graph\":[{\"@type\":\"Article\",\"@id\":\"https:\\\/\\\/my-life.lu\\\/de\\\/wann-muss-ich-meine-steuererklarung-abgeben-52002\\\/#article\",\"isPartOf\":{\"@id\":\"https:\\\/\\\/my-life.lu\\\/de\\\/wann-muss-ich-meine-steuererklarung-abgeben-52002\\\/\"},\"author\":{\"name\":\"Compiled by myLIFE team\",\"@id\":\"https:\\\/\\\/my-life.lu\\\/de\\\/#\\\/schema\\\/person\\\/224f7e554674eb9534cbab8498cd369b\"},\"headline\":\"Wann muss ich meine Steuererkl\u00e4rung abgeben?\",\"datePublished\":\"2018-02-15T10:56:08+00:00\",\"dateModified\":\"2025-10-02T14:20:55+00:00\",\"mainEntityOfPage\":{\"@id\":\"https:\\\/\\\/my-life.lu\\\/de\\\/wann-muss-ich-meine-steuererklarung-abgeben-52002\\\/\"},\"wordCount\":689,\"publisher\":{\"@id\":\"https:\\\/\\\/my-life.lu\\\/de\\\/#organization\"},\"image\":{\"@id\":\"https:\\\/\\\/my-life.lu\\\/de\\\/wann-muss-ich-meine-steuererklarung-abgeben-52002\\\/#primaryimage\"},\"thumbnailUrl\":\"https:\\\/\\\/my-life.lu\\\/wp-content\\\/uploads\\\/2018\\\/02\\\/Article_52002-1-e1759414473465.jpg\",\"keywords\":[\"Steuern\",\"Kontakt\"],\"articleSection\":[\"me&amp;myFAMILY\",\"Steuern\"],\"inLanguage\":\"de\"},{\"@type\":\"WebPage\",\"@id\":\"https:\\\/\\\/my-life.lu\\\/de\\\/wann-muss-ich-meine-steuererklarung-abgeben-52002\\\/\",\"url\":\"https:\\\/\\\/my-life.lu\\\/de\\\/wann-muss-ich-meine-steuererklarung-abgeben-52002\\\/\",\"name\":\"Wann muss ich meine Steuererkl\u00e4rung abgeben? - myLIFE\",\"isPartOf\":{\"@id\":\"https:\\\/\\\/my-life.lu\\\/de\\\/#website\"},\"primaryImageOfPage\":{\"@id\":\"https:\\\/\\\/my-life.lu\\\/de\\\/wann-muss-ich-meine-steuererklarung-abgeben-52002\\\/#primaryimage\"},\"image\":{\"@id\":\"https:\\\/\\\/my-life.lu\\\/de\\\/wann-muss-ich-meine-steuererklarung-abgeben-52002\\\/#primaryimage\"},\"thumbnailUrl\":\"https:\\\/\\\/my-life.lu\\\/wp-content\\\/uploads\\\/2018\\\/02\\\/Article_52002-1-e1759414473465.jpg\",\"datePublished\":\"2018-02-15T10:56:08+00:00\",\"dateModified\":\"2025-10-02T14:20:55+00:00\",\"description\":\"Wann m\u00fcssen Sie in Luxemburg Ihre Steuererkl\u00e4rung einreichen? Dazu sind zahlreiche Fehlinformationen in Umlauf, doch myLIFE kl\u00e4rt auf.\",\"breadcrumb\":{\"@id\":\"https:\\\/\\\/my-life.lu\\\/de\\\/wann-muss-ich-meine-steuererklarung-abgeben-52002\\\/#breadcrumb\"},\"inLanguage\":\"de\",\"potentialAction\":[{\"@type\":\"ReadAction\",\"target\":[\"https:\\\/\\\/my-life.lu\\\/de\\\/wann-muss-ich-meine-steuererklarung-abgeben-52002\\\/\"]}]},{\"@type\":\"ImageObject\",\"inLanguage\":\"de\",\"@id\":\"https:\\\/\\\/my-life.lu\\\/de\\\/wann-muss-ich-meine-steuererklarung-abgeben-52002\\\/#primaryimage\",\"url\":\"https:\\\/\\\/my-life.lu\\\/wp-content\\\/uploads\\\/2018\\\/02\\\/Article_52002-1-e1759414473465.jpg\",\"contentUrl\":\"https:\\\/\\\/my-life.lu\\\/wp-content\\\/uploads\\\/2018\\\/02\\\/Article_52002-1-e1759414473465.jpg\",\"width\":1920,\"height\":1281,\"caption\":\"Serious young multiethnic couple sitting on the floor and leaning on sofa while doing taxes\"},{\"@type\":\"BreadcrumbList\",\"@id\":\"https:\\\/\\\/my-life.lu\\\/de\\\/wann-muss-ich-meine-steuererklarung-abgeben-52002\\\/#breadcrumb\",\"itemListElement\":[{\"@type\":\"ListItem\",\"position\":1,\"name\":\"Home\",\"item\":\"https:\\\/\\\/my-life.lu\\\/de\\\/\"},{\"@type\":\"ListItem\",\"position\":2,\"name\":\"Wann muss ich meine Steuererkl\u00e4rung abgeben?\"}]},{\"@type\":\"WebSite\",\"@id\":\"https:\\\/\\\/my-life.lu\\\/de\\\/#website\",\"url\":\"https:\\\/\\\/my-life.lu\\\/de\\\/\",\"name\":\"myLIFE\",\"description\":\"\",\"publisher\":{\"@id\":\"https:\\\/\\\/my-life.lu\\\/de\\\/#organization\"},\"potentialAction\":[{\"@type\":\"SearchAction\",\"target\":{\"@type\":\"EntryPoint\",\"urlTemplate\":\"https:\\\/\\\/my-life.lu\\\/de\\\/?s={search_term_string}\"},\"query-input\":{\"@type\":\"PropertyValueSpecification\",\"valueRequired\":true,\"valueName\":\"search_term_string\"}}],\"inLanguage\":\"de\"},{\"@type\":\"Organization\",\"@id\":\"https:\\\/\\\/my-life.lu\\\/de\\\/#organization\",\"name\":\"myLIFE\",\"url\":\"https:\\\/\\\/my-life.lu\\\/de\\\/\",\"logo\":{\"@type\":\"ImageObject\",\"inLanguage\":\"de\",\"@id\":\"https:\\\/\\\/my-life.lu\\\/de\\\/#\\\/schema\\\/logo\\\/image\\\/\",\"url\":\"https:\\\/\\\/my-life.lu\\\/wp-content\\\/uploads\\\/2018\\\/07\\\/myLIFE_LOGO_violet-AMP2.png\",\"contentUrl\":\"https:\\\/\\\/my-life.lu\\\/wp-content\\\/uploads\\\/2018\\\/07\\\/myLIFE_LOGO_violet-AMP2.png\",\"width\":190,\"height\":36,\"caption\":\"myLIFE\"},\"image\":{\"@id\":\"https:\\\/\\\/my-life.lu\\\/de\\\/#\\\/schema\\\/logo\\\/image\\\/\"}},{\"@type\":\"Person\",\"@id\":\"https:\\\/\\\/my-life.lu\\\/de\\\/#\\\/schema\\\/person\\\/224f7e554674eb9534cbab8498cd369b\",\"name\":\"Compiled by myLIFE team\",\"image\":{\"@type\":\"ImageObject\",\"inLanguage\":\"de\",\"@id\":\"https:\\\/\\\/secure.gravatar.com\\\/avatar\\\/28b395d9b8d5c7e9757fb0c7315ee854d88aef3f02f0c439e5813c8149eb6ecb?s=96&d=mm&r=g\",\"url\":\"https:\\\/\\\/secure.gravatar.com\\\/avatar\\\/28b395d9b8d5c7e9757fb0c7315ee854d88aef3f02f0c439e5813c8149eb6ecb?s=96&d=mm&r=g\",\"contentUrl\":\"https:\\\/\\\/secure.gravatar.com\\\/avatar\\\/28b395d9b8d5c7e9757fb0c7315ee854d88aef3f02f0c439e5813c8149eb6ecb?s=96&d=mm&r=g\",\"caption\":\"Compiled by myLIFE team\"},\"url\":\"https:\\\/\\\/my-life.lu\\\/de\\\/author\\\/compiled-by-mylife-team\\\/\"}]}<\/script>\n<!-- \/ Yoast SEO Premium plugin. -->","yoast_head_json":{"title":"Wann muss ich meine Steuererkl\u00e4rung abgeben? - myLIFE","description":"Wann m\u00fcssen Sie in Luxemburg Ihre Steuererkl\u00e4rung einreichen? Dazu sind zahlreiche Fehlinformationen in Umlauf, doch myLIFE kl\u00e4rt auf.","robots":{"index":"index","follow":"follow","max-snippet":"max-snippet:-1","max-image-preview":"max-image-preview:large","max-video-preview":"max-video-preview:-1"},"canonical":"https:\/\/my-life.lu\/de\/wann-muss-ich-meine-steuererklarung-abgeben-52002\/","og_locale":"de_DE","og_type":"article","og_title":"Wann muss ich meine Steuererkl\u00e4rung abgeben?","og_description":"Wann m\u00fcssen Sie in Luxemburg Ihre Steuererkl\u00e4rung einreichen? Dazu sind zahlreiche Fehlinformationen in Umlauf, doch myLIFE kl\u00e4rt auf.","og_url":"https:\/\/my-life.lu\/de\/wann-muss-ich-meine-steuererklarung-abgeben-52002\/","og_site_name":"myLIFE","article_published_time":"2018-02-15T10:56:08+00:00","article_modified_time":"2025-10-02T14:20:55+00:00","og_image":[{"width":1920,"height":1281,"url":"https:\/\/my-life.lu\/wp-content\/uploads\/2018\/02\/Article_52002-1-e1759414473465.jpg","type":"image\/jpeg"}],"author":"Compiled by myLIFE team","twitter_card":"summary_large_image","twitter_misc":{"Verfasst von":"Gesammelt von myLIFE team","Gesch\u00e4tzte Lesezeit":"4\u00a0Minuten"},"schema":{"@context":"https:\/\/schema.org","@graph":[{"@type":"Article","@id":"https:\/\/my-life.lu\/de\/wann-muss-ich-meine-steuererklarung-abgeben-52002\/#article","isPartOf":{"@id":"https:\/\/my-life.lu\/de\/wann-muss-ich-meine-steuererklarung-abgeben-52002\/"},"author":{"name":"Compiled by myLIFE team","@id":"https:\/\/my-life.lu\/de\/#\/schema\/person\/224f7e554674eb9534cbab8498cd369b"},"headline":"Wann muss ich meine Steuererkl\u00e4rung abgeben?","datePublished":"2018-02-15T10:56:08+00:00","dateModified":"2025-10-02T14:20:55+00:00","mainEntityOfPage":{"@id":"https:\/\/my-life.lu\/de\/wann-muss-ich-meine-steuererklarung-abgeben-52002\/"},"wordCount":689,"publisher":{"@id":"https:\/\/my-life.lu\/de\/#organization"},"image":{"@id":"https:\/\/my-life.lu\/de\/wann-muss-ich-meine-steuererklarung-abgeben-52002\/#primaryimage"},"thumbnailUrl":"https:\/\/my-life.lu\/wp-content\/uploads\/2018\/02\/Article_52002-1-e1759414473465.jpg","keywords":["Steuern","Kontakt"],"articleSection":["me&amp;myFAMILY","Steuern"],"inLanguage":"de"},{"@type":"WebPage","@id":"https:\/\/my-life.lu\/de\/wann-muss-ich-meine-steuererklarung-abgeben-52002\/","url":"https:\/\/my-life.lu\/de\/wann-muss-ich-meine-steuererklarung-abgeben-52002\/","name":"Wann muss ich meine Steuererkl\u00e4rung abgeben? - myLIFE","isPartOf":{"@id":"https:\/\/my-life.lu\/de\/#website"},"primaryImageOfPage":{"@id":"https:\/\/my-life.lu\/de\/wann-muss-ich-meine-steuererklarung-abgeben-52002\/#primaryimage"},"image":{"@id":"https:\/\/my-life.lu\/de\/wann-muss-ich-meine-steuererklarung-abgeben-52002\/#primaryimage"},"thumbnailUrl":"https:\/\/my-life.lu\/wp-content\/uploads\/2018\/02\/Article_52002-1-e1759414473465.jpg","datePublished":"2018-02-15T10:56:08+00:00","dateModified":"2025-10-02T14:20:55+00:00","description":"Wann m\u00fcssen Sie in Luxemburg Ihre Steuererkl\u00e4rung einreichen? Dazu sind zahlreiche Fehlinformationen in Umlauf, doch myLIFE kl\u00e4rt auf.","breadcrumb":{"@id":"https:\/\/my-life.lu\/de\/wann-muss-ich-meine-steuererklarung-abgeben-52002\/#breadcrumb"},"inLanguage":"de","potentialAction":[{"@type":"ReadAction","target":["https:\/\/my-life.lu\/de\/wann-muss-ich-meine-steuererklarung-abgeben-52002\/"]}]},{"@type":"ImageObject","inLanguage":"de","@id":"https:\/\/my-life.lu\/de\/wann-muss-ich-meine-steuererklarung-abgeben-52002\/#primaryimage","url":"https:\/\/my-life.lu\/wp-content\/uploads\/2018\/02\/Article_52002-1-e1759414473465.jpg","contentUrl":"https:\/\/my-life.lu\/wp-content\/uploads\/2018\/02\/Article_52002-1-e1759414473465.jpg","width":1920,"height":1281,"caption":"Serious young multiethnic couple sitting on the floor and leaning on sofa while doing taxes"},{"@type":"BreadcrumbList","@id":"https:\/\/my-life.lu\/de\/wann-muss-ich-meine-steuererklarung-abgeben-52002\/#breadcrumb","itemListElement":[{"@type":"ListItem","position":1,"name":"Home","item":"https:\/\/my-life.lu\/de\/"},{"@type":"ListItem","position":2,"name":"Wann muss ich meine Steuererkl\u00e4rung abgeben?"}]},{"@type":"WebSite","@id":"https:\/\/my-life.lu\/de\/#website","url":"https:\/\/my-life.lu\/de\/","name":"myLIFE","description":"","publisher":{"@id":"https:\/\/my-life.lu\/de\/#organization"},"potentialAction":[{"@type":"SearchAction","target":{"@type":"EntryPoint","urlTemplate":"https:\/\/my-life.lu\/de\/?s={search_term_string}"},"query-input":{"@type":"PropertyValueSpecification","valueRequired":true,"valueName":"search_term_string"}}],"inLanguage":"de"},{"@type":"Organization","@id":"https:\/\/my-life.lu\/de\/#organization","name":"myLIFE","url":"https:\/\/my-life.lu\/de\/","logo":{"@type":"ImageObject","inLanguage":"de","@id":"https:\/\/my-life.lu\/de\/#\/schema\/logo\/image\/","url":"https:\/\/my-life.lu\/wp-content\/uploads\/2018\/07\/myLIFE_LOGO_violet-AMP2.png","contentUrl":"https:\/\/my-life.lu\/wp-content\/uploads\/2018\/07\/myLIFE_LOGO_violet-AMP2.png","width":190,"height":36,"caption":"myLIFE"},"image":{"@id":"https:\/\/my-life.lu\/de\/#\/schema\/logo\/image\/"}},{"@type":"Person","@id":"https:\/\/my-life.lu\/de\/#\/schema\/person\/224f7e554674eb9534cbab8498cd369b","name":"Compiled by myLIFE team","image":{"@type":"ImageObject","inLanguage":"de","@id":"https:\/\/secure.gravatar.com\/avatar\/28b395d9b8d5c7e9757fb0c7315ee854d88aef3f02f0c439e5813c8149eb6ecb?s=96&d=mm&r=g","url":"https:\/\/secure.gravatar.com\/avatar\/28b395d9b8d5c7e9757fb0c7315ee854d88aef3f02f0c439e5813c8149eb6ecb?s=96&d=mm&r=g","contentUrl":"https:\/\/secure.gravatar.com\/avatar\/28b395d9b8d5c7e9757fb0c7315ee854d88aef3f02f0c439e5813c8149eb6ecb?s=96&d=mm&r=g","caption":"Compiled by myLIFE team"},"url":"https:\/\/my-life.lu\/de\/author\/compiled-by-mylife-team\/"}]}},"_links":{"self":[{"href":"https:\/\/my-life.lu\/de\/wp-json\/wp\/v2\/posts\/4205","targetHints":{"allow":["GET"]}}],"collection":[{"href":"https:\/\/my-life.lu\/de\/wp-json\/wp\/v2\/posts"}],"about":[{"href":"https:\/\/my-life.lu\/de\/wp-json\/wp\/v2\/types\/post"}],"author":[{"embeddable":true,"href":"https:\/\/my-life.lu\/de\/wp-json\/wp\/v2\/users\/4"}],"replies":[{"embeddable":true,"href":"https:\/\/my-life.lu\/de\/wp-json\/wp\/v2\/comments?post=4205"}],"version-history":[{"count":13,"href":"https:\/\/my-life.lu\/de\/wp-json\/wp\/v2\/posts\/4205\/revisions"}],"predecessor-version":[{"id":26638,"href":"https:\/\/my-life.lu\/de\/wp-json\/wp\/v2\/posts\/4205\/revisions\/26638"}],"wp:featuredmedia":[{"embeddable":true,"href":"https:\/\/my-life.lu\/de\/wp-json\/wp\/v2\/media\/4609"}],"wp:attachment":[{"href":"https:\/\/my-life.lu\/de\/wp-json\/wp\/v2\/media?parent=4205"}],"wp:term":[{"taxonomy":"category","embeddable":true,"href":"https:\/\/my-life.lu\/de\/wp-json\/wp\/v2\/categories?post=4205"},{"taxonomy":"post_tag","embeddable":true,"href":"https:\/\/my-life.lu\/de\/wp-json\/wp\/v2\/tags?post=4205"}],"curies":[{"name":"wp","href":"https:\/\/api.w.org\/{rel}","templated":true}]}}