{"id":9053,"date":"2019-05-03T09:00:20","date_gmt":"2019-05-03T07:00:20","guid":{"rendered":"https:\/\/my-life.lu\/?p=9053\/"},"modified":"2019-07-02T15:21:46","modified_gmt":"2019-07-02T13:21:46","slug":"haben-wir-aus-der-finanzkrise-gelernt-30043","status":"publish","type":"post","link":"https:\/\/my-life.lu\/de\/haben-wir-aus-der-finanzkrise-gelernt-30043\/","title":{"rendered":"Haben wir aus der Finanzkrise gelernt?"},"content":{"rendered":"<div id=\"playht-iframe-wrapper\" style=\"max-height: 210px !important;\">\n\t<iframe\n\tscrolling=\"no\"\n\tclass=\"playht-iframe-player\"\n\tid=\"playht-iframe-player\"\n\theight=\"90px\"\n\twidth=\"100%\"\n\tframeborder=\"0\"\n\tstyle=\"max-height: 90px; height: 90px !important;\"\n\tsrc=\"https:\/\/play.ht\/embed\/?article_url=https:\/\/my-life.lu\/de\/?p=9053&voice=de-DE-Wavenet-C&appId=fiFJxxWiUV3tImG&trans_id=-MJWYIzoRIsWSkpdES0h\"\n\tdata-voice=\"de-DE-Wavenet-C\"\n\tarticle-url=\"https:\/\/my-life.lu\/de\/?p=9053\"\n\tdata-appId=\"fiFJxxWiUV3tImG\"\n\tallowfullscreen=\"\">\n\t<\/iframe>\n<\/div>\n<p class=\"entete\">Statt auf das hochgradig pr\u00e4skriptive, \u00fcberlange und komplexe Regelwerk zu setzen, das seit der Finanzkrise vor rund zehn Jahren aufgebaut wurde, sollte Europa nach Ansicht von Olivier Goemans, Head of Investment Services and Innovation bei der Banque Internationale \u00e0 Luxembourg, lieber dem amerikanischen Ansatz der treuh\u00e4nderischen Verpflichtung folgen.<\/p>\n<p>In diesem letzten Artikel unserer dreiteiligen Reihe, die auf einem ausf\u00fchrlichen Interview beruht, f\u00fchrt Goemans an, dass das oberste Ziel der Regulierung der Finanzbranche\u00a0\u2013 der Schutz von Kunden und Anlegern\u00a0\u2013 mit umst\u00e4ndlichen, zeitraubenden und teuren Kontroll- und Berechnungssystemen unter Umst\u00e4nden nicht effizient erreicht werden kann.<\/p>\n<p>\u201eMeines Erachtens w\u00e4re die Pr\u00e4vention effizienter, wenn man die Branchenakteure dazu verpflichten w\u00fcrde, eine Art hippokratischen Eid der Finanzindustrie zu leisten, und man ihnen f\u00fcr den Fall von Verst\u00f6\u00dfen schwerwiegende Konsequenzen androhen w\u00fcrde\u201c, so Goemans. \u201eDie Europ\u00e4ische Kommission hat einige sehr gute Initiativen angesto\u00dfen, Regulierung muss jedoch effizient, pragmatisch und wirklich auf das Ziel des Anlegerschutzes ausgerichtet sein.\u201c<\/p>\n<blockquote><p>Weder die Branche noch die Gesellschaft insgesamt haben aus der Krise die richtigen Lehren gezogen.<\/p><\/blockquote>\n<h2 id=\"h2_0\" >Erinnerungen verblassen schnell<\/h2>\n<p>Die Skepsis gegen\u00fcber komplexen Finanzprodukten wie besicherten Schuldtiteln\u00a0\u2013 aber auch das Verst\u00e4ndnis von diesen\u00a0\u2013 ist laut Olivier Goemans heute viel gr\u00f6\u00dfer. Er hegt jedoch Zweifel daran, dass wir wirklich aus der Krise gelernt haben.<\/p>\n<p>\u201eWeder die Branche noch die Gesellschaft insgesamt hat aus der Krise die richtigen Lehren gezogen\u201c, so Goemans. \u201eDie Erinnerung der Menschen verblasst tendenziell sehr schnell, und man kann zwischen der aktuellen Situation und den Ereignissen w\u00e4hrend der Dotcom-Blase vor rund zwanzig Jahren gewisse Parallelen ziehen. 2018 setzten die Zentralbanken ihre geldpolitische Unterst\u00fctzung weiter fort und die Volatilit\u00e4t sank auf ein Rekordtief, sodass passive ETF-Strategien einen \u201equantitativen \u00dcberfluss\u201c erlebten. Die Notenbanken sind allerdings j\u00fcngst zu einer Normalisierung der Geldpolitik \u00fcbergegangen, wodurch das Risiko dieser Strategien steigt. Dar\u00fcber hinaus gibt es einen anhaltenden Trend zu Engagements in weniger verbreiteten Anlageformen, die komplexer und weniger liquide sind.\u201c<\/p>\n<p>W\u00e4hrend sich Analysten auf bestimmte Techniken wie die quantitative Analyse konzentrieren, sehen wir in Bezug auf manche Risiken laut Goemans den Wald vor lauter B\u00e4umen nicht. \u201eEinfache ETFs sind leicht zu verstehen. Es gibt jedoch auch \u00e4u\u00dferst komplexe Varianten, die wesentlich schwieriger zu verstehen sind\u201c, so Goemans.<\/p>\n<p>\u201eEs gibt einfache ETFs, die lediglich weithin bekannte Referenzindizes wie den S&amp;P\u00a0500 nachbilden. Daneben gibt es jedoch auch sogenannte Smart ETFs, die ma\u00dfgeschneiderten Indizes folgen, sowie gehebelte, inverse und gehebelte inverse ETFs. Viele Akteure der Anlagebranche sind sich des Risikos von Long-Positionen in einem gehebelten inversen ETF nicht bewusst. Diese Engagements sind grundlegend anders als Short-Positionen auf den Markt.\u201c<\/p>\n<p>Allgemein ist er der Auffassung, dass der Aufstieg des Populismus in Nord- und S\u00fcdamerika, Europa und anderen Teilen der Welt zu einem Zeitpunkt, der angesichts von Problemen wie dem Klimawandel nach internationaler Verst\u00e4ndigung und Kooperation verlangt, der endg\u00fcltige Beweis daf\u00fcr ist, dass wir nichts aus der Krise gelernt haben.<\/p>\n<blockquote><p>Negative Zinss\u00e4tze sorgen daf\u00fcr, dass Renditeberechnungen zu unsinnigen Ergebnissen f\u00fchren. Die Frage, die sich den Kunden stellt, ist jedoch viel trivialer: Warum sollten sie daf\u00fcr bezahlen, jemandem ihr Geld zu leihen?<\/p><\/blockquote>\n<h2 id=\"h2_1\" >Kuriose Zinss\u00e4tze<\/h2>\n<p>Anleger m\u00fcssen heute ebenfalls mit Ph\u00e4nomenen umgehen, die vor ein oder zwei Generationen noch v\u00f6llig undenkbar waren. Hierzu geh\u00f6ren etwa die rund zehn\u00a0Jahre mit extrem niedrigen Zinss\u00e4tzen, die zuvor niemals in Frage gestellte Annahmen und Methoden (z.\u00a0B. Risikopr\u00e4mienmodelle) auf den Kopf gestellt haben. \u201eDie Zinsen sind ja nicht einfach nur niedrig, sondern liegen\u00a0\u2013 was noch viel schlimmer ist\u00a0\u2013 in vielen Teilen der Welt im negativen Bereich\u201c, sagt Goemans und verweist darauf, dass die R\u00fcckzahlungsrendite von 10\u00a0% der weltweiten Anleihen nach wie vor negativ ist.<\/p>\n<p>\u201eIch w\u00fcrde nicht sagen, dass die Ma\u00dfnahmen der Zentralbanken eine schlechte Idee waren, denn sie boten eine M\u00f6glichkeit zur Bek\u00e4mpfung der Krise. Mittlerweile sind die Zinss\u00e4tze aber einfach nur noch kurios. Negative Zinss\u00e4tze sorgen daf\u00fcr, dass Berechnungen von Pr\u00e4mien und Spreads zu unsinnigen Ergebnissen f\u00fchren. Die Frage, die sich den Kunden stellt, ist jedoch viel trivialer: Warum sollten sie daf\u00fcr bezahlen, jemandem ihr Geld zu leihen?\u201c<\/p>\n<p>Zinss\u00e4tze von 0\u00a0% oder darunter waren n\u00f6tig, um die Wirtschaft zumindest kurzfristig zu st\u00fctzen. Goemans sorgt sich jedoch darum, dass die Wahrscheinlichkeit unerw\u00fcnschter Nebenwirkungen steigt, je l\u00e4nger die Zinsen derart niedrig bleiben. Liquide Mittel str\u00f6men ungehindert in Sachanlagen wie Wohnimmobilien, und renditehungrige Kunden halten Anlagen, die sie nicht richtig verstehen. Damit gehen sie blind Risiken ein.<\/p>\n<p>Goemans ist ferner der Ansicht, dass es weniger offensichtliche Auswirkungen geben k\u00f6nnte, wie etwa der Fortbestand nicht \u00fcberlebensf\u00e4higer Unternehmen (sog. \u201eZombiefirmen\u201c). Dies k\u00f6nnte erkl\u00e4ren, warum Investitionen in IT-Unternehmen und digitalen Technologien durchg\u00e4ngig dabei versagen, die Produktivit\u00e4t messbar zu steigern. \u201eDie nat\u00fcrliche Selektion funktioniert nicht mehr richtig, sodass sich das Kr\u00e4ftespiel traditioneller Wirtschaftsmodelle ver\u00e4ndert.\u201c<\/p>\n<blockquote><p>Die von k\u00fcnstlicher Intelligenz generierten Daten spielen heute f\u00fcr die Aktivit\u00e4ten auf der Verk\u00e4uferseite eine gr\u00f6\u00dfere Rolle als Titelempfehlungen von Analysten.<\/p><\/blockquote>\n<h2 id=\"h2_2\" >Neue Dimensionen f\u00fcr Anleihenanleger<\/h2>\n<p>Das hat laut Goemans einen Einfluss auf festverzinsliche Anlagen. \u201eWenn Sie nach wie vor in Anleihen anlegen m\u00f6chten, m\u00fcssen Sie heute mehrere Dimensionen betrachten: Neben den herk\u00f6mmlichen Kriterien wie Bonit\u00e4t und Duration m\u00fcssen Sie auch auf die Liquidit\u00e4t, die Komplexit\u00e4t und Regulierungsanforderungen achten\u201c, so Goemans. \u201eIm Grunde mochte ich die \u00e4ltere Generation von nachrangigen Tier\u00a01- und Tier\u00a02-Schuldverschreibungen. Doch \u00c4nderungen in der Regulierung haben dazu gef\u00fchrt, dass diese Anleihen f\u00fcr Emittenten wirtschaftlich uninteressant wurden. Um alle Risiken der neuen Generation von bedingten Pflichtwandelanleihen und zus\u00e4tzlichen Tier\u00a01-Anleihen vollst\u00e4ndig verstehen zu k\u00f6nnen, ist wesentlich mehr M\u00fche erforderlich.\u201c<\/p>\n<p>Olivier Goemans begr\u00fc\u00dft den technischen Fortschritt im Anlageentscheidungsprozess: \u201eIch bin ein gro\u00dfer Verfechter der Digitalisierung\u201c, schw\u00e4rmt Goemans. \u201eDas Finanzsystem ist viel internationaler geworden, und die Geschwindigkeit, mit der neue Entwicklungen vorgestellt werden, steigt mehr und mehr. Die Technologie muss uns dabei helfen, Daten zu erheben und neue L\u00f6sungen zu entwickeln, um Ereignisse zu verstehen und Informationen miteinander zu verbinden. Die von k\u00fcnstlicher Intelligenz generierten Daten spielen heute f\u00fcr die Aktivit\u00e4ten auf der Verk\u00e4uferseite eine gr\u00f6\u00dfere Rolle als Titelempfehlungen von Analysten.<\/p>\n<p>Goemans beharrt jedoch darauf, dass das menschliche Urteilsverm\u00f6gen weiterhin von entscheidender Bedeutung ist. \u201ePlattformen, die k\u00fcnstliche Intelligenz nutzen, k\u00f6nnen uns zwar dabei helfen, das Geschehen an den Finanzm\u00e4rkten besser zu verstehen. Wir m\u00fcssen jedoch sicherstellen, dass diese Systeme auf Rationalit\u00e4t und gesundem Menschenverstand beruhen. Dies erfordert letztendlich menschliches Urteilsverm\u00f6gen. Wir sollten quantitative Modelle einbeziehen, jedoch d\u00fcrfen sie keinesfalls als Allheilmittel verstanden werden. Sie k\u00f6nnen uns durchaus dabei helfen, einen Teil der Antwort zu finden\u00a0\u2013 aber eben nur einen Teil.\u201c<\/p>\n<blockquote><p>Ich bin immer noch der Auffassung, dass sich durch ein Team aus cleveren Portfoliomanagern und einen durchdachten Anlageprozess vor allem in schwierigen Phasen des Marktzyklus ein Mehrwert erzielen l\u00e4sst.<\/p><\/blockquote>\n<h2 id=\"h2_3\" >Der unersch\u00fctterliche Wert der aktiven Verwaltung<\/h2>\n<p>Die Frage nach den relativen Vorteilen von aktiven gegen\u00fcber passiven Anlagestrategien ist innerhalb und au\u00dferhalb der Verm\u00f6gensverwaltungsbranche zu einem vieldiskutierten Thema geworden. Denn die Aufsichtsbeh\u00f6rden haben damit begonnen, gegen sogenannte \u201eIndex-Hugger\u201c vorzugehen, die zwar Geb\u00fchren f\u00fcr eine aktive Verwaltung erheben, deren Prozesse jedoch zumindest im Hinblick auf die Renditen nur schwer von einer reinen Indexnachbildung zu unterscheiden sind.<\/p>\n<p>Goemans: \u201eDas Wachstum passiver Anlagestrategien sowie aufsichtsrechtliche \u00c4nderungen haben bei aktiven Ans\u00e4tzen f\u00fcr eine Bereinigung der Geb\u00fchren gesorgt. Ich bin mir allerdings nicht sicher, ob sich die Branche momentan wirklich neu erfindet. Pers\u00f6nlich habe ich keine Pr\u00e4ferenz, und meines Erachtens sind beide Ans\u00e4tze n\u00f6tig. Im Hinblick auf die aktive Verwaltung bin ich immer noch der Auffassung, dass sich durch ein Team aus cleveren Portfoliomanagern und einen durchdachten Anlageprozess vor allem in schwierigen Phasen des Marktzyklus ein Mehrwert erzielen l\u00e4sst.\u201c<\/p>\n<p>\u201eIch nutze passive Anlagestrategien, da sie g\u00fcnstig und leicht zug\u00e4nglich sind. Allerdings bin ich kein gro\u00dfer Freund von smarten passiven Techniken, da bei diesen meiner Meinung nach die Gefahr einer falschen Verwendung gro\u00df ist. Dar\u00fcber hinaus denke ich, dass viele passive Anlagestrategien auf einem wackeligen Fundament stehen. Es gibt viele passive Anlagestrategien f\u00fcr festverzinsliche Wertpapiere, bei denen eine gewaltige Diskrepanz zwischen der wahrgenommen und der tats\u00e4chlichen Liquidit\u00e4t besteht. Mann kann nicht mit Innertages-Liquidit\u00e4t werben, wenn die zugrunde liegenden Anlagen nicht innerhalb dieses Zeitrahmens get\u00e4tigt oder glattgestellt werden k\u00f6nnen.\u201c<\/p>\n<p>Olivier Goemans ist ein leidenschaftlicher K\u00e4mpfer f\u00fcr das Schaffen eines \u00f6ffentlichen Bewusstseins und die Vermittlung von Wissen in Bezug auf Anlagen und macht sich daf\u00fcr in Luxemburg und anderen L\u00e4ndern stark. \u201eWir m\u00fcssen das tun\u201c, so Goemans. \u201eDie Vermittlung von Wissen im Hinblick auf die Wirtschaft und die Finanzm\u00e4rkte ist unverzichtbar, denn die Wirtschaft ist Teil unserer Gesellschaft. Mit einem Grundverst\u00e4ndnis in Sachen Wirtschaftswissenschaften k\u00f6nnen wir die Ereignisse auf der Welt besser beobachten und verstehen.\u201c<\/p>\n<blockquote><p>\u201eDie Erinnerungen der Menschen verblassen sehr schnell, und man kann zwischen der aktuellen Situation und den Ereignissen w\u00e4hrend der Dotcom-Blase vor rund zwanzig Jahren gewisse Parallelen ziehen. Dar\u00fcber hinaus gibt es einen anhaltenden Trend zu Engagements in weniger verbreiteten Anlageformen, die komplexer und weniger liquide sind.\u201c<\/p><\/blockquote>\n","protected":false},"excerpt":{"rendered":"<p>Statt auf das hochgradig pr\u00e4skriptive, \u00fcberlange und komplexe Regelwerk zu setzen, das seit der Finanzkrise vor rund zehn Jahren aufgebaut wurde, sollte Europa nach Ansicht von Olivier Goemans, Head of Investment Services and Innovation bei der Banque Internationale \u00e0 Luxembourg, lieber dem amerikanischen Ansatz der treuh\u00e4nderischen Verpflichtung folgen. In diesem letzten Artikel unserer dreiteiligen Reihe, &hellip; <\/p>\n<p class=\"link-more\"><a href=\"https:\/\/my-life.lu\/de\/haben-wir-aus-der-finanzkrise-gelernt-30043\/\" class=\"more-link\">Continue reading<span class=\"screen-reader-text\"> &#8220;Haben wir aus der Finanzkrise gelernt?&#8221;<\/span><\/a><\/p>\n","protected":false},"author":4,"featured_media":9048,"comment_status":"closed","ping_status":"closed","sticky":false,"template":"","format":"standard","meta":{"_et_pb_use_builder":"","_et_pb_old_content":"","_et_gb_content_width":"","footnotes":"","beyondwords_generate_audio":"","beyondwords_integration_method":"","beyondwords_project_id":"","beyondwords_content_id":"","beyondwords_preview_token":"","beyondwords_player_content":"","beyondwords_player_style":"","beyondwords_language_code":"","beyondwords_language_id":"","beyondwords_title_voice_id":"","beyondwords_body_voice_id":"","beyondwords_summary_voice_id":"","beyondwords_error_message":"","beyondwords_disabled":"","beyondwords_delete_content":"","beyondwords_podcast_id":"","beyondwords_hash":"","publish_post_to_speechkit":"","speechkit_hash":"","speechkit_generate_audio":"","speechkit_project_id":"","speechkit_podcast_id":"","speechkit_error_message":"","speechkit_disabled":"","speechkit_access_key":"","speechkit_error":"","speechkit_info":"","speechkit_response":"","speechkit_retries":"","speechkit_status":"","speechkit_updated_at":"","_speechkit_link":"","_speechkit_text":""},"categories":[189,16],"tags":[429,442],"class_list":["post-9053","post","type-post","status-publish","format-standard","has-post-thumbnail","hentry","category-investitionen-de","category-myinvest-de","tag-anlegerprofil","tag-investitionen","my_invest"],"yoast_head":"<!-- This site is optimized with the Yoast SEO Premium plugin v27.3 (Yoast SEO v27.3) - https:\/\/yoast.com\/product\/yoast-seo-premium-wordpress\/ -->\n<title>Haben wir aus der Finanzkrise gelernt? - myLIFE<\/title>\n<meta name=\"description\" content=\"Die globale Finanzkrise vor rund zehn Jahren ersch\u00fctterte die Branche. Laut Olivier Goemans haben die Anleger daraus jedoch m\u00f6glicherweise nicht gelernt.\" \/>\n<meta name=\"robots\" content=\"index, follow, max-snippet:-1, max-image-preview:large, max-video-preview:-1\" \/>\n<link rel=\"canonical\" href=\"https:\/\/my-life.lu\/de\/haben-wir-aus-der-finanzkrise-gelernt-30043\/\" \/>\n<meta property=\"og:locale\" content=\"de_DE\" \/>\n<meta property=\"og:type\" content=\"article\" \/>\n<meta property=\"og:title\" content=\"Haben wir aus der Finanzkrise gelernt?\" \/>\n<meta property=\"og:description\" content=\"Die globale Finanzkrise vor rund zehn Jahren ersch\u00fctterte die Branche. Laut Olivier Goemans haben die Anleger daraus jedoch m\u00f6glicherweise nicht gelernt.\" \/>\n<meta property=\"og:url\" content=\"https:\/\/my-life.lu\/de\/haben-wir-aus-der-finanzkrise-gelernt-30043\/\" \/>\n<meta property=\"og:site_name\" content=\"myLIFE\" \/>\n<meta property=\"article:published_time\" content=\"2019-05-03T07:00:20+00:00\" \/>\n<meta property=\"article:modified_time\" content=\"2019-07-02T13:21:46+00:00\" \/>\n<meta property=\"og:image\" content=\"https:\/\/my-life.lu\/wp-content\/uploads\/2019\/04\/Article_30043.jpg\" \/>\n\t<meta property=\"og:image:width\" content=\"5616\" \/>\n\t<meta property=\"og:image:height\" content=\"3744\" \/>\n\t<meta property=\"og:image:type\" content=\"image\/jpeg\" \/>\n<meta name=\"author\" content=\"Compiled by myLIFE team\" \/>\n<meta name=\"twitter:card\" content=\"summary_large_image\" \/>\n<meta name=\"twitter:label1\" content=\"Verfasst von\" \/>\n\t<meta name=\"twitter:data1\" content=\"Gesammelt von myLIFE team\" \/>\n\t<meta name=\"twitter:label2\" content=\"Gesch\u00e4tzte Lesezeit\" \/>\n\t<meta name=\"twitter:data2\" content=\"8\u00a0Minuten\" \/>\n<script type=\"application\/ld+json\" class=\"yoast-schema-graph\">{\"@context\":\"https:\\\/\\\/schema.org\",\"@graph\":[{\"@type\":\"Article\",\"@id\":\"https:\\\/\\\/my-life.lu\\\/de\\\/haben-wir-aus-der-finanzkrise-gelernt-30043\\\/#article\",\"isPartOf\":{\"@id\":\"https:\\\/\\\/my-life.lu\\\/de\\\/haben-wir-aus-der-finanzkrise-gelernt-30043\\\/\"},\"author\":{\"name\":\"Compiled by myLIFE team\",\"@id\":\"https:\\\/\\\/my-life.lu\\\/de\\\/#\\\/schema\\\/person\\\/224f7e554674eb9534cbab8498cd369b\"},\"headline\":\"Haben wir aus der Finanzkrise gelernt?\",\"datePublished\":\"2019-05-03T07:00:20+00:00\",\"dateModified\":\"2019-07-02T13:21:46+00:00\",\"mainEntityOfPage\":{\"@id\":\"https:\\\/\\\/my-life.lu\\\/de\\\/haben-wir-aus-der-finanzkrise-gelernt-30043\\\/\"},\"wordCount\":1562,\"publisher\":{\"@id\":\"https:\\\/\\\/my-life.lu\\\/de\\\/#organization\"},\"image\":{\"@id\":\"https:\\\/\\\/my-life.lu\\\/de\\\/haben-wir-aus-der-finanzkrise-gelernt-30043\\\/#primaryimage\"},\"thumbnailUrl\":\"https:\\\/\\\/my-life.lu\\\/wp-content\\\/uploads\\\/2019\\\/04\\\/Article_30043.jpg\",\"keywords\":[\"Anlegerprofil\",\"Investitionen\"],\"articleSection\":[\"Investitionen\",\"myINVEST\"],\"inLanguage\":\"de\"},{\"@type\":\"WebPage\",\"@id\":\"https:\\\/\\\/my-life.lu\\\/de\\\/haben-wir-aus-der-finanzkrise-gelernt-30043\\\/\",\"url\":\"https:\\\/\\\/my-life.lu\\\/de\\\/haben-wir-aus-der-finanzkrise-gelernt-30043\\\/\",\"name\":\"Haben wir aus der Finanzkrise gelernt? - myLIFE\",\"isPartOf\":{\"@id\":\"https:\\\/\\\/my-life.lu\\\/de\\\/#website\"},\"primaryImageOfPage\":{\"@id\":\"https:\\\/\\\/my-life.lu\\\/de\\\/haben-wir-aus-der-finanzkrise-gelernt-30043\\\/#primaryimage\"},\"image\":{\"@id\":\"https:\\\/\\\/my-life.lu\\\/de\\\/haben-wir-aus-der-finanzkrise-gelernt-30043\\\/#primaryimage\"},\"thumbnailUrl\":\"https:\\\/\\\/my-life.lu\\\/wp-content\\\/uploads\\\/2019\\\/04\\\/Article_30043.jpg\",\"datePublished\":\"2019-05-03T07:00:20+00:00\",\"dateModified\":\"2019-07-02T13:21:46+00:00\",\"description\":\"Die globale Finanzkrise vor rund zehn Jahren ersch\u00fctterte die Branche. Laut Olivier Goemans haben die Anleger daraus jedoch m\u00f6glicherweise nicht gelernt.\",\"breadcrumb\":{\"@id\":\"https:\\\/\\\/my-life.lu\\\/de\\\/haben-wir-aus-der-finanzkrise-gelernt-30043\\\/#breadcrumb\"},\"inLanguage\":\"de\",\"potentialAction\":[{\"@type\":\"ReadAction\",\"target\":[\"https:\\\/\\\/my-life.lu\\\/de\\\/haben-wir-aus-der-finanzkrise-gelernt-30043\\\/\"]}]},{\"@type\":\"ImageObject\",\"inLanguage\":\"de\",\"@id\":\"https:\\\/\\\/my-life.lu\\\/de\\\/haben-wir-aus-der-finanzkrise-gelernt-30043\\\/#primaryimage\",\"url\":\"https:\\\/\\\/my-life.lu\\\/wp-content\\\/uploads\\\/2019\\\/04\\\/Article_30043.jpg\",\"contentUrl\":\"https:\\\/\\\/my-life.lu\\\/wp-content\\\/uploads\\\/2019\\\/04\\\/Article_30043.jpg\",\"width\":5616,\"height\":3744,\"caption\":\"Businessman standing in front of the panel with financial statistics\"},{\"@type\":\"BreadcrumbList\",\"@id\":\"https:\\\/\\\/my-life.lu\\\/de\\\/haben-wir-aus-der-finanzkrise-gelernt-30043\\\/#breadcrumb\",\"itemListElement\":[{\"@type\":\"ListItem\",\"position\":1,\"name\":\"Home\",\"item\":\"https:\\\/\\\/my-life.lu\\\/de\\\/\"},{\"@type\":\"ListItem\",\"position\":2,\"name\":\"Haben wir aus der Finanzkrise gelernt?\"}]},{\"@type\":\"WebSite\",\"@id\":\"https:\\\/\\\/my-life.lu\\\/de\\\/#website\",\"url\":\"https:\\\/\\\/my-life.lu\\\/de\\\/\",\"name\":\"myLIFE\",\"description\":\"\",\"publisher\":{\"@id\":\"https:\\\/\\\/my-life.lu\\\/de\\\/#organization\"},\"potentialAction\":[{\"@type\":\"SearchAction\",\"target\":{\"@type\":\"EntryPoint\",\"urlTemplate\":\"https:\\\/\\\/my-life.lu\\\/de\\\/?s={search_term_string}\"},\"query-input\":{\"@type\":\"PropertyValueSpecification\",\"valueRequired\":true,\"valueName\":\"search_term_string\"}}],\"inLanguage\":\"de\"},{\"@type\":\"Organization\",\"@id\":\"https:\\\/\\\/my-life.lu\\\/de\\\/#organization\",\"name\":\"myLIFE\",\"url\":\"https:\\\/\\\/my-life.lu\\\/de\\\/\",\"logo\":{\"@type\":\"ImageObject\",\"inLanguage\":\"de\",\"@id\":\"https:\\\/\\\/my-life.lu\\\/de\\\/#\\\/schema\\\/logo\\\/image\\\/\",\"url\":\"https:\\\/\\\/my-life.lu\\\/wp-content\\\/uploads\\\/2018\\\/07\\\/myLIFE_LOGO_violet-AMP2.png\",\"contentUrl\":\"https:\\\/\\\/my-life.lu\\\/wp-content\\\/uploads\\\/2018\\\/07\\\/myLIFE_LOGO_violet-AMP2.png\",\"width\":190,\"height\":36,\"caption\":\"myLIFE\"},\"image\":{\"@id\":\"https:\\\/\\\/my-life.lu\\\/de\\\/#\\\/schema\\\/logo\\\/image\\\/\"}},{\"@type\":\"Person\",\"@id\":\"https:\\\/\\\/my-life.lu\\\/de\\\/#\\\/schema\\\/person\\\/224f7e554674eb9534cbab8498cd369b\",\"name\":\"Compiled by myLIFE team\",\"image\":{\"@type\":\"ImageObject\",\"inLanguage\":\"de\",\"@id\":\"https:\\\/\\\/secure.gravatar.com\\\/avatar\\\/28b395d9b8d5c7e9757fb0c7315ee854d88aef3f02f0c439e5813c8149eb6ecb?s=96&d=mm&r=g\",\"url\":\"https:\\\/\\\/secure.gravatar.com\\\/avatar\\\/28b395d9b8d5c7e9757fb0c7315ee854d88aef3f02f0c439e5813c8149eb6ecb?s=96&d=mm&r=g\",\"contentUrl\":\"https:\\\/\\\/secure.gravatar.com\\\/avatar\\\/28b395d9b8d5c7e9757fb0c7315ee854d88aef3f02f0c439e5813c8149eb6ecb?s=96&d=mm&r=g\",\"caption\":\"Compiled by myLIFE team\"},\"url\":\"https:\\\/\\\/my-life.lu\\\/de\\\/author\\\/compiled-by-mylife-team\\\/\"}]}<\/script>\n<!-- \/ Yoast SEO Premium plugin. -->","yoast_head_json":{"title":"Haben wir aus der Finanzkrise gelernt? - myLIFE","description":"Die globale Finanzkrise vor rund zehn Jahren ersch\u00fctterte die Branche. Laut Olivier Goemans haben die Anleger daraus jedoch m\u00f6glicherweise nicht gelernt.","robots":{"index":"index","follow":"follow","max-snippet":"max-snippet:-1","max-image-preview":"max-image-preview:large","max-video-preview":"max-video-preview:-1"},"canonical":"https:\/\/my-life.lu\/de\/haben-wir-aus-der-finanzkrise-gelernt-30043\/","og_locale":"de_DE","og_type":"article","og_title":"Haben wir aus der Finanzkrise gelernt?","og_description":"Die globale Finanzkrise vor rund zehn Jahren ersch\u00fctterte die Branche. Laut Olivier Goemans haben die Anleger daraus jedoch m\u00f6glicherweise nicht gelernt.","og_url":"https:\/\/my-life.lu\/de\/haben-wir-aus-der-finanzkrise-gelernt-30043\/","og_site_name":"myLIFE","article_published_time":"2019-05-03T07:00:20+00:00","article_modified_time":"2019-07-02T13:21:46+00:00","og_image":[{"width":5616,"height":3744,"url":"https:\/\/my-life.lu\/wp-content\/uploads\/2019\/04\/Article_30043.jpg","type":"image\/jpeg"}],"author":"Compiled by myLIFE team","twitter_card":"summary_large_image","twitter_misc":{"Verfasst von":"Gesammelt von myLIFE team","Gesch\u00e4tzte Lesezeit":"8\u00a0Minuten"},"schema":{"@context":"https:\/\/schema.org","@graph":[{"@type":"Article","@id":"https:\/\/my-life.lu\/de\/haben-wir-aus-der-finanzkrise-gelernt-30043\/#article","isPartOf":{"@id":"https:\/\/my-life.lu\/de\/haben-wir-aus-der-finanzkrise-gelernt-30043\/"},"author":{"name":"Compiled by myLIFE team","@id":"https:\/\/my-life.lu\/de\/#\/schema\/person\/224f7e554674eb9534cbab8498cd369b"},"headline":"Haben wir aus der Finanzkrise gelernt?","datePublished":"2019-05-03T07:00:20+00:00","dateModified":"2019-07-02T13:21:46+00:00","mainEntityOfPage":{"@id":"https:\/\/my-life.lu\/de\/haben-wir-aus-der-finanzkrise-gelernt-30043\/"},"wordCount":1562,"publisher":{"@id":"https:\/\/my-life.lu\/de\/#organization"},"image":{"@id":"https:\/\/my-life.lu\/de\/haben-wir-aus-der-finanzkrise-gelernt-30043\/#primaryimage"},"thumbnailUrl":"https:\/\/my-life.lu\/wp-content\/uploads\/2019\/04\/Article_30043.jpg","keywords":["Anlegerprofil","Investitionen"],"articleSection":["Investitionen","myINVEST"],"inLanguage":"de"},{"@type":"WebPage","@id":"https:\/\/my-life.lu\/de\/haben-wir-aus-der-finanzkrise-gelernt-30043\/","url":"https:\/\/my-life.lu\/de\/haben-wir-aus-der-finanzkrise-gelernt-30043\/","name":"Haben wir aus der Finanzkrise gelernt? - myLIFE","isPartOf":{"@id":"https:\/\/my-life.lu\/de\/#website"},"primaryImageOfPage":{"@id":"https:\/\/my-life.lu\/de\/haben-wir-aus-der-finanzkrise-gelernt-30043\/#primaryimage"},"image":{"@id":"https:\/\/my-life.lu\/de\/haben-wir-aus-der-finanzkrise-gelernt-30043\/#primaryimage"},"thumbnailUrl":"https:\/\/my-life.lu\/wp-content\/uploads\/2019\/04\/Article_30043.jpg","datePublished":"2019-05-03T07:00:20+00:00","dateModified":"2019-07-02T13:21:46+00:00","description":"Die globale Finanzkrise vor rund zehn Jahren ersch\u00fctterte die Branche. Laut Olivier Goemans haben die Anleger daraus jedoch m\u00f6glicherweise nicht gelernt.","breadcrumb":{"@id":"https:\/\/my-life.lu\/de\/haben-wir-aus-der-finanzkrise-gelernt-30043\/#breadcrumb"},"inLanguage":"de","potentialAction":[{"@type":"ReadAction","target":["https:\/\/my-life.lu\/de\/haben-wir-aus-der-finanzkrise-gelernt-30043\/"]}]},{"@type":"ImageObject","inLanguage":"de","@id":"https:\/\/my-life.lu\/de\/haben-wir-aus-der-finanzkrise-gelernt-30043\/#primaryimage","url":"https:\/\/my-life.lu\/wp-content\/uploads\/2019\/04\/Article_30043.jpg","contentUrl":"https:\/\/my-life.lu\/wp-content\/uploads\/2019\/04\/Article_30043.jpg","width":5616,"height":3744,"caption":"Businessman standing in front of the panel with financial statistics"},{"@type":"BreadcrumbList","@id":"https:\/\/my-life.lu\/de\/haben-wir-aus-der-finanzkrise-gelernt-30043\/#breadcrumb","itemListElement":[{"@type":"ListItem","position":1,"name":"Home","item":"https:\/\/my-life.lu\/de\/"},{"@type":"ListItem","position":2,"name":"Haben wir aus der Finanzkrise gelernt?"}]},{"@type":"WebSite","@id":"https:\/\/my-life.lu\/de\/#website","url":"https:\/\/my-life.lu\/de\/","name":"myLIFE","description":"","publisher":{"@id":"https:\/\/my-life.lu\/de\/#organization"},"potentialAction":[{"@type":"SearchAction","target":{"@type":"EntryPoint","urlTemplate":"https:\/\/my-life.lu\/de\/?s={search_term_string}"},"query-input":{"@type":"PropertyValueSpecification","valueRequired":true,"valueName":"search_term_string"}}],"inLanguage":"de"},{"@type":"Organization","@id":"https:\/\/my-life.lu\/de\/#organization","name":"myLIFE","url":"https:\/\/my-life.lu\/de\/","logo":{"@type":"ImageObject","inLanguage":"de","@id":"https:\/\/my-life.lu\/de\/#\/schema\/logo\/image\/","url":"https:\/\/my-life.lu\/wp-content\/uploads\/2018\/07\/myLIFE_LOGO_violet-AMP2.png","contentUrl":"https:\/\/my-life.lu\/wp-content\/uploads\/2018\/07\/myLIFE_LOGO_violet-AMP2.png","width":190,"height":36,"caption":"myLIFE"},"image":{"@id":"https:\/\/my-life.lu\/de\/#\/schema\/logo\/image\/"}},{"@type":"Person","@id":"https:\/\/my-life.lu\/de\/#\/schema\/person\/224f7e554674eb9534cbab8498cd369b","name":"Compiled by myLIFE team","image":{"@type":"ImageObject","inLanguage":"de","@id":"https:\/\/secure.gravatar.com\/avatar\/28b395d9b8d5c7e9757fb0c7315ee854d88aef3f02f0c439e5813c8149eb6ecb?s=96&d=mm&r=g","url":"https:\/\/secure.gravatar.com\/avatar\/28b395d9b8d5c7e9757fb0c7315ee854d88aef3f02f0c439e5813c8149eb6ecb?s=96&d=mm&r=g","contentUrl":"https:\/\/secure.gravatar.com\/avatar\/28b395d9b8d5c7e9757fb0c7315ee854d88aef3f02f0c439e5813c8149eb6ecb?s=96&d=mm&r=g","caption":"Compiled by myLIFE team"},"url":"https:\/\/my-life.lu\/de\/author\/compiled-by-mylife-team\/"}]}},"_links":{"self":[{"href":"https:\/\/my-life.lu\/de\/wp-json\/wp\/v2\/posts\/9053","targetHints":{"allow":["GET"]}}],"collection":[{"href":"https:\/\/my-life.lu\/de\/wp-json\/wp\/v2\/posts"}],"about":[{"href":"https:\/\/my-life.lu\/de\/wp-json\/wp\/v2\/types\/post"}],"author":[{"embeddable":true,"href":"https:\/\/my-life.lu\/de\/wp-json\/wp\/v2\/users\/4"}],"replies":[{"embeddable":true,"href":"https:\/\/my-life.lu\/de\/wp-json\/wp\/v2\/comments?post=9053"}],"version-history":[{"count":1,"href":"https:\/\/my-life.lu\/de\/wp-json\/wp\/v2\/posts\/9053\/revisions"}],"predecessor-version":[{"id":9057,"href":"https:\/\/my-life.lu\/de\/wp-json\/wp\/v2\/posts\/9053\/revisions\/9057"}],"wp:featuredmedia":[{"embeddable":true,"href":"https:\/\/my-life.lu\/de\/wp-json\/wp\/v2\/media\/9048"}],"wp:attachment":[{"href":"https:\/\/my-life.lu\/de\/wp-json\/wp\/v2\/media?parent=9053"}],"wp:term":[{"taxonomy":"category","embeddable":true,"href":"https:\/\/my-life.lu\/de\/wp-json\/wp\/v2\/categories?post=9053"},{"taxonomy":"post_tag","embeddable":true,"href":"https:\/\/my-life.lu\/de\/wp-json\/wp\/v2\/tags?post=9053"}],"curies":[{"name":"wp","href":"https:\/\/api.w.org\/{rel}","templated":true}]}}