{"id":9970,"date":"2019-09-03T03:10:18","date_gmt":"2019-09-03T01:10:18","guid":{"rendered":"https:\/\/my-life.lu\/?p=9970\/"},"modified":"2020-03-06T14:01:11","modified_gmt":"2020-03-06T13:01:11","slug":"expertenmeinung-handelsspannungen-verschaerfen-die-weltweite-konjunkturschwaeche-32009","status":"publish","type":"post","link":"https:\/\/my-life.lu\/de\/expertenmeinung-handelsspannungen-verschaerfen-die-weltweite-konjunkturschwaeche-32009\/","title":{"rendered":"Expertenmeinung: \u201eHandelsspannungen versch\u00e4rfen die weltweite Konjunkturschw\u00e4che\u201c"},"content":{"rendered":"<div id=\"playht-iframe-wrapper\" style=\"max-height: 210px !important;\">\n\t<iframe\n\tscrolling=\"no\"\n\tclass=\"playht-iframe-player\"\n\tid=\"playht-iframe-player\"\n\theight=\"90px\"\n\twidth=\"100%\"\n\tframeborder=\"0\"\n\tstyle=\"max-height: 90px; height: 90px !important;\"\n\tsrc=\"https:\/\/play.ht\/embed\/?article_url=https:\/\/my-life.lu\/de\/?p=9970&voice=de-DE-Wavenet-C&appId=fiFJxxWiUV3tImG&trans_id=-MJWW7GVh2fnRATynulG\"\n\tdata-voice=\"de-DE-Wavenet-C\"\n\tarticle-url=\"https:\/\/my-life.lu\/de\/?p=9970\"\n\tdata-appId=\"fiFJxxWiUV3tImG\"\n\tallowfullscreen=\"\">\n\t<\/iframe>\n<\/div>\n<p class=\"entete\">Volkswirtschaften machen Phasen der Kontraktion und der Expansion durch. Wir scheinen uns dem Ende einer lang hingezogenen Phase der Expansion zu n\u00e4hern, und die Einkaufsmanagerindizes f\u00fcr das verarbeitende Gewerbe (Fr\u00fchindikatoren, die Hinweise auf k\u00fcnftiges Wachstum liefern) tendieren durch die Bank nach unten. Unter normalen Umst\u00e4nden kann dieses sp\u00e4tzyklische Umfeld eine fruchtbare Zeit f\u00fcr Risikoanlagen sein. Doch angesichts der von den USA betriebenen bipolaren Handelspolitik und der unvergleichlich niedrigen Renditeniveaus von Anleihen gibt es keinen Relativismus mehr. Fredrik Skoglund, CIO bei der BIL, und sein Team nehmen die wichtigsten Ereignisse vom August\u00a02019 unter die Lupe und pr\u00fcfen deren Auswirkungen f\u00fcr Anleger.<\/p>\n<p>Fest steht, dass die anhaltenden Handelsspannungen, in erster Linie zwischen den USA und China, den Abschwung beschleunigen. Im August gab es eine neue Runde von Scharm\u00fctzeln. Zun\u00e4chst waren die Hoffnungen auf eine L\u00f6sung gro\u00df, da beide Seiten an den Verhandlungstisch in Shanghai zur\u00fcckgekehrt waren. Dann k\u00fcndigte Pr\u00e4sident Trump unvermittelt neue Z\u00f6lle in H\u00f6he von 10\u00a0% auf die verbleibenden chinesischen Exporte in die USA (mit einem Volumen von etwa 300\u00a0Mrd.\u00a0US-Dollar) ab dem 1.\u00a0September an.\u00a0China lie\u00df ein Abrutschen seiner W\u00e4hrung unter die psychologisch wichtige Marke von 7\u00a0US-Dollar zu. Die US-Renditekurve invertierte (zum ersten Mal seit der Finanzkrise), und Anleger lie\u00dfen Risikoanlagen wie hei\u00dfe Kartoffeln fallen, wodurch der breiteste MSCI-Index weltweiter Aktien einen seiner schlechtesten Tage seit Jahren hatte. Es war eine Flucht in sichere H\u00e4fen wie Gold (das \u00fcber die Marke von 1.500\u00a0US-Dollar pro Feinunze stieg), Treasuries, den japanischen Yen und den Schweizer Franken zu beobachten. China wurde als W\u00e4hrungsmanipulator gescholten, und dann nahmen die USA einen Kurswechsel vor, indem beschlossen wurde, etwa die H\u00e4lfte der neuen Z\u00f6lle bis zum 15.\u00a0Dezember aufzuschieben. Daraufhin stiegen die M\u00e4rkte zun\u00e4chst schlagartig an, bis sie die Tatsache verdaut hatten, dass dies lediglich die Zeit der Ungewissheit verl\u00e4ngern w\u00fcrde. Peking schlug mit Z\u00f6llen im Bereich von 5 bis 10\u00a0% auf US-Importe im Wert von 75\u00a0Mrd.\u00a0US-Dollar zur\u00fcck. Auf diesen Schritt reagierten die USA mit einer Erh\u00f6hung der geplanten Z\u00f6lle und mit der als Joker eingesetzten Drohung Trumps, den nationalen Notstand auszurufen, um US-Firmen zu zwingen, ihre Verbindungen nach China abzubrechen. Dann telefonierte China m\u00f6glicherweise mit den USA oder auch nicht, um weitere Gespr\u00e4che zu fordern. Und so, wie es aussieht, ist Trump wieder einmal optimistisch, dass ein Deal abgeschlossen werden kann.<\/p>\n<p>Wir sind in dieser Hinsicht kurzfristig weniger optimistisch und glauben, dass es immer noch Jahre dauern k\u00f6nnte, bevor ein Deal unterzeichnet, besiegelt und umgesetzt ist. Und die anhaltende Ungewissheit wird weiterhin das Weltwirtschaftswachstum belasten\u00a0&#8230;<\/p>\n<blockquote><p>Aufgrund der starken Binnennachfrage ist die US-Wirtschaft in gewissem Ma\u00dfe von den Turbulenzen abgeschottet\u00a0\u2013 aber nicht immun gegen diese.<\/p><\/blockquote>\n<h2 id=\"h2_0\" >Die US-Wirtschaft\u00a0\u2013 abgeschottet, aber nicht immun gegen die Handelsspannungen<\/h2>\n<p>Aufgrund der starken Binnennachfrage ist die US-Wirtschaft in gewissem Ma\u00dfe von den Turbulenzen abgeschottet\u00a0\u2013 aber nicht immun gegen diese. Das Wachstum im zweiten Quartal von 2,1\u00a0% entsprach den Erwartungen und st\u00fctzte sich auf solide Verbraucherausgaben und einen robusten Dienstleistungssektor. Die Konsenserwartungen laut Bloomberg laufen auf ein Wachstum von 2,5\u00a0% im Gesamtjahr hinaus, das unseres Erachtens gerade vor dem Hintergrund der zuletzt zunehmenden Investitionen erreichbar ist.\u00a0Doch der Markit Einkaufsmanagerindex f\u00fcr das verarbeitende Gewerbe fiel im August mit 49,9\u00a0\u2013 sein tiefster Stand seit 2009\u00a0\u2013 in den Bereich der Rezession, was durch die Verschlechterung im Exportsektor bedingt war. Wenn sich dies in den Besch\u00e4ftigungs- und Lohndaten niederschl\u00e4gt, wird die F\u00e4higkeit der US-Verbraucher, die Wirtschaft zu st\u00fctzen, schwinden.<\/p>\n<h2 id=\"h2_1\" >In Europa scheint die Saat einer Rezession zu keimen<\/h2>\n<p>In Europa zeigt sich ein d\u00fcstereres Bild. In seiner gr\u00f6\u00dften Volkswirtschaft scheint die Saat der Rezession bereits zu keimen. Die deutsche Wirtschaft schrumpfte im zweiten Quartal infolge eines Exportr\u00fcckgangs um 0,1\u00a0%. Die Eurozone hat einen gro\u00dfen Kollateralschaden aus dem Handelsstreit zwischen den USA und China zu schultern, da ihre Wirtschaft stark exportorientiert ist. Da sich die Zuversicht aufgrund der Ungewissheit im Handel und der Konjunkturschw\u00e4che eingetr\u00fcbt hat, ist die Nachfrage nach den wichtigsten Exportg\u00fctern des Kontinents wie etwa Maschinen und Anlagen f\u00fcr die Industrie r\u00fcckl\u00e4ufig. Auch die einer Seifenoper \u00e4hnelnde politische Entwicklung in Europa beeintr\u00e4chtigte weiterhin die Aussichten. Boris Johnson erhielt von der Queen die Genehmigung, die T\u00e4tigkeit des Parlaments f\u00fcr f\u00fcnf Wochen auszusetzen, um die Bem\u00fchungen von Parlamentsmitgliedern einzud\u00e4mmen, eine Gesetzgebung einzubringen, mit der ein No-Deal-Brexit am 31.\u00a0Oktober verhindert werden kann. Die deutsche Regierungskoalition wurde vor dem Hintergrund lokaler Wahlen erneut in Frage gestellt, und Italiens Pr\u00e4sident Mattarella schritt ein, um Neuwahlen zu veranlassen, nachdem die Regierungskoalition zerbrochen war. Es sieht so aus, als habe sich Matteo Salvini, der das Misstrauensvotum gegen die Regierung (die aus einer Koalition seiner eigenen Partei Lega und der Anti-Establishment-Bewegung F\u00fcnf Sterne bestand) eingeleitet hatte, um eine absolute Mehrheit zu erlangen, letztendlich ein Eigentor geschossen. Nun hat der fr\u00fchere Ministerpr\u00e4sident Giuseppe Conte, der nach Salvinis Vorgehen zur\u00fcckgetreten war, von Pr\u00e4sident Mattarella ein neues Mandat zur Bildung einer neuen Regierung erhalten, und es scheint so, als b\u00fcndelten die Demokratische Partei PD und die F\u00fcnf-Sterne-Bewegung ihre Kr\u00e4fte, um die Lega zu verdr\u00e4ngen.<\/p>\n<h2 id=\"h2_2\" >Kommen die Zentralbanken zu Hilfe?<\/h2>\n<p>Angesichts des d\u00fcsteren Ausblicks gibt es gro\u00dfe Hoffnungen, dass die Zentralbanken einschreiten werden, um die Lage zu retten. Da Mario Draghi die wirtschaftliche Lage der Eurozone als \u201eimmer schlechter\u201c beschrieben hat, die Verbraucherpreisdaten hartn\u00e4ckig schwach bleiben, die Inflationserwartungen zur\u00fcckgehen und sich die weltweiten \u00d6lpreise den Futures-M\u00e4rkten zufolge auf einem Abw\u00e4rtstrend befinden, ist davon auszugehen, dass die EZB auf ihrer Sitzung am 12.\u00a0September ein riesiges Lockerungspaket vorstellen wird. Hierzu k\u00f6nnten eine Zinssenkung, ein System gestaffelter Einlagenzinsen, ein neues Anleihenkaufprogramm und\/oder eine erweiterte Prognose geh\u00f6ren. Allerdings geht man davon aus, dass dies von haushaltspolitischen Ma\u00dfnahmen begleitet werden muss, um eine starke und anhaltende Wirkung zu erzielen. Kurz darauf, am 18.\u00a0September, erwarten die M\u00e4rkte, dass die US-Notenbank ihre Zinsen noch einmal senken wird, wobei H\u00e4ndler eine 91-prozentige Wahrscheinlichkeit einer Senkung um einen viertel Prozentpunkt einpreisen. Es scheint sich eine R\u00fcckkopplung zwischen Geldpolitik und Handelspolitik einzustellen, was die Fed dazu veranlassen k\u00f6nnte, in diesem Jahr weitere \u201eInsurance Cuts\u201c, also vorsorgliche Zinssenkungen vorzunehmen.<\/p>\n<blockquote><p>Mit einem Trump-f\u00f6rmigen Schatten \u00fcber dem Tisch war es definitiv umsichtig, einige Chips einzul\u00f6sen.<\/p><\/blockquote>\n<h2 id=\"h2_3\" >Die richtige Positionierung: Vorsicht lautet das Motto<\/h2>\n<p>Wir haben beschlossen, unser Aktienengagement auf unserer Sitzung zur Allokation im August insgesamt zur\u00fcckzufahren, nachdem die amerikanisch-chinesischen Spannungen wieder zugenommen haben. Wir schichten die Erl\u00f6se in sicherere Gefilde des festverzinslichen Universums um, etwa in kurzfristige US-Treasuries und Geldmarktinstrumente. Wie einleitend bereits erw\u00e4hnt, haben Risikoanlagen im Sp\u00e4tzyklus normalerweise einen guten Lauf, aber die Bedingungen, mit denen wir es derzeit zu tun haben, sind eben nicht so \u201enormal\u201c, und nach unserer Einsch\u00e4tzung tendiert das Risikoumfeld in Richtung einer Verschlechterung. Mit einem Trump-f\u00f6rmigen Schatten \u00fcber dem Tisch war es definitiv umsichtig, einige Chips einzul\u00f6sen.<\/p>\n","protected":false},"excerpt":{"rendered":"<p>Volkswirtschaften machen Phasen der Kontraktion und der Expansion durch. Wir scheinen uns dem Ende einer lang hingezogenen Phase der Expansion zu n\u00e4hern, und die Einkaufsmanagerindizes f\u00fcr das verarbeitende Gewerbe (Fr\u00fchindikatoren, die Hinweise auf k\u00fcnftiges Wachstum liefern) tendieren durch die Bank nach unten. Unter normalen Umst\u00e4nden kann dieses sp\u00e4tzyklische Umfeld eine fruchtbare Zeit f\u00fcr Risikoanlagen sein. &hellip; <\/p>\n<p class=\"link-more\"><a href=\"https:\/\/my-life.lu\/de\/expertenmeinung-handelsspannungen-verschaerfen-die-weltweite-konjunkturschwaeche-32009\/\" class=\"more-link\">Continue reading<span class=\"screen-reader-text\"> &#8220;Expertenmeinung: \u201eHandelsspannungen versch\u00e4rfen die weltweite Konjunkturschw\u00e4che\u201c&#8221;<\/span><\/a><\/p>\n","protected":false},"author":10,"featured_media":9967,"comment_status":"closed","ping_status":"closed","sticky":false,"template":"","format":"standard","meta":{"_et_pb_use_builder":"","_et_pb_old_content":"","_et_gb_content_width":"","footnotes":"","beyondwords_generate_audio":"","beyondwords_integration_method":"","beyondwords_project_id":"","beyondwords_content_id":"","beyondwords_preview_token":"","beyondwords_player_content":"","beyondwords_player_style":"","beyondwords_language_code":"","beyondwords_language_id":"","beyondwords_title_voice_id":"","beyondwords_body_voice_id":"","beyondwords_summary_voice_id":"","beyondwords_error_message":"","beyondwords_disabled":"","beyondwords_delete_content":"","beyondwords_podcast_id":"","beyondwords_hash":"","publish_post_to_speechkit":"","speechkit_hash":"","speechkit_generate_audio":"","speechkit_project_id":"","speechkit_podcast_id":"","speechkit_error_message":"","speechkit_disabled":"","speechkit_access_key":"","speechkit_error":"","speechkit_info":"","speechkit_response":"","speechkit_retries":"","speechkit_status":"","speechkit_updated_at":"","_speechkit_link":"","_speechkit_text":""},"categories":[189,191,16],"tags":[441,442,495],"class_list":["post-9970","post","type-post","status-publish","format-standard","has-post-thumbnail","hentry","category-investitionen-de","category-ziele-und-perspektiven-de","category-myinvest-de","tag-ziele-und-perspektiven","tag-investitionen","tag-bil-investment-insights-de","my_invest"],"yoast_head":"<!-- This site is optimized with the Yoast SEO Premium plugin v27.3 (Yoast SEO v27.3) - https:\/\/yoast.com\/product\/yoast-seo-premium-wordpress\/ -->\n<title>Expertenmeinung: \u201eHandelsspannungen versch\u00e4rfen die weltweite Konjunkturschw\u00e4che\u201c - myLIFE<\/title>\n<meta name=\"description\" content=\"Fredrik Skoglund, CIO bei der BIL, und sein Team nehmen die wichtigsten Ereignisse vom August 2019 unter die Lupe und pr\u00fcfen deren Auswirkungen f\u00fcr Anleger.\" \/>\n<meta name=\"robots\" content=\"index, follow, max-snippet:-1, max-image-preview:large, max-video-preview:-1\" \/>\n<link rel=\"canonical\" href=\"https:\/\/my-life.lu\/de\/expertenmeinung-handelsspannungen-verschaerfen-die-weltweite-konjunkturschwaeche-32009\/\" \/>\n<meta property=\"og:locale\" content=\"de_DE\" \/>\n<meta property=\"og:type\" content=\"article\" \/>\n<meta property=\"og:title\" content=\"Expertenmeinung: \u201eHandelsspannungen versch\u00e4rfen die weltweite Konjunkturschw\u00e4che\u201c\" \/>\n<meta property=\"og:description\" content=\"Fredrik Skoglund, CIO bei der BIL, und sein Team nehmen die wichtigsten Ereignisse vom August 2019 unter die Lupe und pr\u00fcfen deren Auswirkungen f\u00fcr Anleger.\" \/>\n<meta property=\"og:url\" content=\"https:\/\/my-life.lu\/de\/expertenmeinung-handelsspannungen-verschaerfen-die-weltweite-konjunkturschwaeche-32009\/\" \/>\n<meta property=\"og:site_name\" content=\"myLIFE\" \/>\n<meta property=\"article:published_time\" content=\"2019-09-03T01:10:18+00:00\" \/>\n<meta property=\"article:modified_time\" content=\"2020-03-06T13:01:11+00:00\" \/>\n<meta property=\"og:image\" content=\"https:\/\/my-life.lu\/wp-content\/uploads\/2019\/09\/Article_32009.jpg\" \/>\n\t<meta property=\"og:image:width\" content=\"5833\" \/>\n\t<meta property=\"og:image:height\" content=\"3958\" \/>\n\t<meta property=\"og:image:type\" content=\"image\/jpeg\" \/>\n<meta name=\"author\" content=\"Compiled by BIL Group Investment Office\" \/>\n<meta name=\"twitter:card\" content=\"summary_large_image\" \/>\n<meta name=\"twitter:label1\" content=\"Verfasst von\" \/>\n\t<meta name=\"twitter:data1\" content=\"Gesammelt von BIL Group Investment Office\" \/>\n\t<meta name=\"twitter:label2\" content=\"Gesch\u00e4tzte Lesezeit\" \/>\n\t<meta name=\"twitter:data2\" content=\"6\u00a0Minuten\" \/>\n<script type=\"application\/ld+json\" class=\"yoast-schema-graph\">{\"@context\":\"https:\\\/\\\/schema.org\",\"@graph\":[{\"@type\":\"Article\",\"@id\":\"https:\\\/\\\/my-life.lu\\\/de\\\/expertenmeinung-handelsspannungen-verschaerfen-die-weltweite-konjunkturschwaeche-32009\\\/#article\",\"isPartOf\":{\"@id\":\"https:\\\/\\\/my-life.lu\\\/de\\\/expertenmeinung-handelsspannungen-verschaerfen-die-weltweite-konjunkturschwaeche-32009\\\/\"},\"author\":{\"name\":\"Compiled by BIL Group Investment Office\",\"@id\":\"https:\\\/\\\/my-life.lu\\\/de\\\/#\\\/schema\\\/person\\\/a7cf8483cf985a082271217b1ef5cb18\"},\"headline\":\"Expertenmeinung: \u201eHandelsspannungen versch\u00e4rfen die weltweite Konjunkturschw\u00e4che\u201c\",\"datePublished\":\"2019-09-03T01:10:18+00:00\",\"dateModified\":\"2020-03-06T13:01:11+00:00\",\"mainEntityOfPage\":{\"@id\":\"https:\\\/\\\/my-life.lu\\\/de\\\/expertenmeinung-handelsspannungen-verschaerfen-die-weltweite-konjunkturschwaeche-32009\\\/\"},\"wordCount\":1175,\"publisher\":{\"@id\":\"https:\\\/\\\/my-life.lu\\\/de\\\/#organization\"},\"image\":{\"@id\":\"https:\\\/\\\/my-life.lu\\\/de\\\/expertenmeinung-handelsspannungen-verschaerfen-die-weltweite-konjunkturschwaeche-32009\\\/#primaryimage\"},\"thumbnailUrl\":\"https:\\\/\\\/my-life.lu\\\/wp-content\\\/uploads\\\/2019\\\/09\\\/Article_32009.jpg\",\"keywords\":[\"Ziele und Perspektiven\",\"Investitionen\",\"BIL Investment Insights\"],\"articleSection\":[\"Investitionen\",\"Ziele und Perspektiven\",\"myINVEST\"],\"inLanguage\":\"de\"},{\"@type\":\"WebPage\",\"@id\":\"https:\\\/\\\/my-life.lu\\\/de\\\/expertenmeinung-handelsspannungen-verschaerfen-die-weltweite-konjunkturschwaeche-32009\\\/\",\"url\":\"https:\\\/\\\/my-life.lu\\\/de\\\/expertenmeinung-handelsspannungen-verschaerfen-die-weltweite-konjunkturschwaeche-32009\\\/\",\"name\":\"Expertenmeinung: \u201eHandelsspannungen versch\u00e4rfen die weltweite Konjunkturschw\u00e4che\u201c - myLIFE\",\"isPartOf\":{\"@id\":\"https:\\\/\\\/my-life.lu\\\/de\\\/#website\"},\"primaryImageOfPage\":{\"@id\":\"https:\\\/\\\/my-life.lu\\\/de\\\/expertenmeinung-handelsspannungen-verschaerfen-die-weltweite-konjunkturschwaeche-32009\\\/#primaryimage\"},\"image\":{\"@id\":\"https:\\\/\\\/my-life.lu\\\/de\\\/expertenmeinung-handelsspannungen-verschaerfen-die-weltweite-konjunkturschwaeche-32009\\\/#primaryimage\"},\"thumbnailUrl\":\"https:\\\/\\\/my-life.lu\\\/wp-content\\\/uploads\\\/2019\\\/09\\\/Article_32009.jpg\",\"datePublished\":\"2019-09-03T01:10:18+00:00\",\"dateModified\":\"2020-03-06T13:01:11+00:00\",\"description\":\"Fredrik Skoglund, CIO bei der BIL, und sein Team nehmen die wichtigsten Ereignisse vom August 2019 unter die Lupe und pr\u00fcfen deren Auswirkungen f\u00fcr Anleger.\",\"breadcrumb\":{\"@id\":\"https:\\\/\\\/my-life.lu\\\/de\\\/expertenmeinung-handelsspannungen-verschaerfen-die-weltweite-konjunkturschwaeche-32009\\\/#breadcrumb\"},\"inLanguage\":\"de\",\"potentialAction\":[{\"@type\":\"ReadAction\",\"target\":[\"https:\\\/\\\/my-life.lu\\\/de\\\/expertenmeinung-handelsspannungen-verschaerfen-die-weltweite-konjunkturschwaeche-32009\\\/\"]}]},{\"@type\":\"ImageObject\",\"inLanguage\":\"de\",\"@id\":\"https:\\\/\\\/my-life.lu\\\/de\\\/expertenmeinung-handelsspannungen-verschaerfen-die-weltweite-konjunkturschwaeche-32009\\\/#primaryimage\",\"url\":\"https:\\\/\\\/my-life.lu\\\/wp-content\\\/uploads\\\/2019\\\/09\\\/Article_32009.jpg\",\"contentUrl\":\"https:\\\/\\\/my-life.lu\\\/wp-content\\\/uploads\\\/2019\\\/09\\\/Article_32009.jpg\",\"width\":5833,\"height\":3958},{\"@type\":\"BreadcrumbList\",\"@id\":\"https:\\\/\\\/my-life.lu\\\/de\\\/expertenmeinung-handelsspannungen-verschaerfen-die-weltweite-konjunkturschwaeche-32009\\\/#breadcrumb\",\"itemListElement\":[{\"@type\":\"ListItem\",\"position\":1,\"name\":\"Home\",\"item\":\"https:\\\/\\\/my-life.lu\\\/de\\\/\"},{\"@type\":\"ListItem\",\"position\":2,\"name\":\"Expertenmeinung: \u201eHandelsspannungen versch\u00e4rfen die weltweite Konjunkturschw\u00e4che\u201c\"}]},{\"@type\":\"WebSite\",\"@id\":\"https:\\\/\\\/my-life.lu\\\/de\\\/#website\",\"url\":\"https:\\\/\\\/my-life.lu\\\/de\\\/\",\"name\":\"myLIFE\",\"description\":\"\",\"publisher\":{\"@id\":\"https:\\\/\\\/my-life.lu\\\/de\\\/#organization\"},\"potentialAction\":[{\"@type\":\"SearchAction\",\"target\":{\"@type\":\"EntryPoint\",\"urlTemplate\":\"https:\\\/\\\/my-life.lu\\\/de\\\/?s={search_term_string}\"},\"query-input\":{\"@type\":\"PropertyValueSpecification\",\"valueRequired\":true,\"valueName\":\"search_term_string\"}}],\"inLanguage\":\"de\"},{\"@type\":\"Organization\",\"@id\":\"https:\\\/\\\/my-life.lu\\\/de\\\/#organization\",\"name\":\"myLIFE\",\"url\":\"https:\\\/\\\/my-life.lu\\\/de\\\/\",\"logo\":{\"@type\":\"ImageObject\",\"inLanguage\":\"de\",\"@id\":\"https:\\\/\\\/my-life.lu\\\/de\\\/#\\\/schema\\\/logo\\\/image\\\/\",\"url\":\"https:\\\/\\\/my-life.lu\\\/wp-content\\\/uploads\\\/2018\\\/07\\\/myLIFE_LOGO_violet-AMP2.png\",\"contentUrl\":\"https:\\\/\\\/my-life.lu\\\/wp-content\\\/uploads\\\/2018\\\/07\\\/myLIFE_LOGO_violet-AMP2.png\",\"width\":190,\"height\":36,\"caption\":\"myLIFE\"},\"image\":{\"@id\":\"https:\\\/\\\/my-life.lu\\\/de\\\/#\\\/schema\\\/logo\\\/image\\\/\"}},{\"@type\":\"Person\",\"@id\":\"https:\\\/\\\/my-life.lu\\\/de\\\/#\\\/schema\\\/person\\\/a7cf8483cf985a082271217b1ef5cb18\",\"name\":\"Compiled by BIL Group Investment Office\",\"image\":{\"@type\":\"ImageObject\",\"inLanguage\":\"de\",\"@id\":\"https:\\\/\\\/secure.gravatar.com\\\/avatar\\\/078f967271ef7e8d2d2578b5e860b327c9fad1bba94b1d74768d1a507514a350?s=96&d=mm&r=g\",\"url\":\"https:\\\/\\\/secure.gravatar.com\\\/avatar\\\/078f967271ef7e8d2d2578b5e860b327c9fad1bba94b1d74768d1a507514a350?s=96&d=mm&r=g\",\"contentUrl\":\"https:\\\/\\\/secure.gravatar.com\\\/avatar\\\/078f967271ef7e8d2d2578b5e860b327c9fad1bba94b1d74768d1a507514a350?s=96&d=mm&r=g\",\"caption\":\"Compiled by BIL Group Investment Office\"},\"url\":\"https:\\\/\\\/my-life.lu\\\/de\\\/author\\\/groupinvestmentoffice\\\/\"}]}<\/script>\n<!-- \/ Yoast SEO Premium plugin. -->","yoast_head_json":{"title":"Expertenmeinung: \u201eHandelsspannungen versch\u00e4rfen die weltweite Konjunkturschw\u00e4che\u201c - myLIFE","description":"Fredrik Skoglund, CIO bei der BIL, und sein Team nehmen die wichtigsten Ereignisse vom August 2019 unter die Lupe und pr\u00fcfen deren Auswirkungen f\u00fcr Anleger.","robots":{"index":"index","follow":"follow","max-snippet":"max-snippet:-1","max-image-preview":"max-image-preview:large","max-video-preview":"max-video-preview:-1"},"canonical":"https:\/\/my-life.lu\/de\/expertenmeinung-handelsspannungen-verschaerfen-die-weltweite-konjunkturschwaeche-32009\/","og_locale":"de_DE","og_type":"article","og_title":"Expertenmeinung: \u201eHandelsspannungen versch\u00e4rfen die weltweite Konjunkturschw\u00e4che\u201c","og_description":"Fredrik Skoglund, CIO bei der BIL, und sein Team nehmen die wichtigsten Ereignisse vom August 2019 unter die Lupe und pr\u00fcfen deren Auswirkungen f\u00fcr Anleger.","og_url":"https:\/\/my-life.lu\/de\/expertenmeinung-handelsspannungen-verschaerfen-die-weltweite-konjunkturschwaeche-32009\/","og_site_name":"myLIFE","article_published_time":"2019-09-03T01:10:18+00:00","article_modified_time":"2020-03-06T13:01:11+00:00","og_image":[{"width":5833,"height":3958,"url":"https:\/\/my-life.lu\/wp-content\/uploads\/2019\/09\/Article_32009.jpg","type":"image\/jpeg"}],"author":"Compiled by BIL Group Investment Office","twitter_card":"summary_large_image","twitter_misc":{"Verfasst von":"Gesammelt von BIL Group Investment Office","Gesch\u00e4tzte Lesezeit":"6\u00a0Minuten"},"schema":{"@context":"https:\/\/schema.org","@graph":[{"@type":"Article","@id":"https:\/\/my-life.lu\/de\/expertenmeinung-handelsspannungen-verschaerfen-die-weltweite-konjunkturschwaeche-32009\/#article","isPartOf":{"@id":"https:\/\/my-life.lu\/de\/expertenmeinung-handelsspannungen-verschaerfen-die-weltweite-konjunkturschwaeche-32009\/"},"author":{"name":"Compiled by BIL Group Investment Office","@id":"https:\/\/my-life.lu\/de\/#\/schema\/person\/a7cf8483cf985a082271217b1ef5cb18"},"headline":"Expertenmeinung: \u201eHandelsspannungen versch\u00e4rfen die weltweite Konjunkturschw\u00e4che\u201c","datePublished":"2019-09-03T01:10:18+00:00","dateModified":"2020-03-06T13:01:11+00:00","mainEntityOfPage":{"@id":"https:\/\/my-life.lu\/de\/expertenmeinung-handelsspannungen-verschaerfen-die-weltweite-konjunkturschwaeche-32009\/"},"wordCount":1175,"publisher":{"@id":"https:\/\/my-life.lu\/de\/#organization"},"image":{"@id":"https:\/\/my-life.lu\/de\/expertenmeinung-handelsspannungen-verschaerfen-die-weltweite-konjunkturschwaeche-32009\/#primaryimage"},"thumbnailUrl":"https:\/\/my-life.lu\/wp-content\/uploads\/2019\/09\/Article_32009.jpg","keywords":["Ziele und Perspektiven","Investitionen","BIL Investment Insights"],"articleSection":["Investitionen","Ziele und Perspektiven","myINVEST"],"inLanguage":"de"},{"@type":"WebPage","@id":"https:\/\/my-life.lu\/de\/expertenmeinung-handelsspannungen-verschaerfen-die-weltweite-konjunkturschwaeche-32009\/","url":"https:\/\/my-life.lu\/de\/expertenmeinung-handelsspannungen-verschaerfen-die-weltweite-konjunkturschwaeche-32009\/","name":"Expertenmeinung: \u201eHandelsspannungen versch\u00e4rfen die weltweite Konjunkturschw\u00e4che\u201c - myLIFE","isPartOf":{"@id":"https:\/\/my-life.lu\/de\/#website"},"primaryImageOfPage":{"@id":"https:\/\/my-life.lu\/de\/expertenmeinung-handelsspannungen-verschaerfen-die-weltweite-konjunkturschwaeche-32009\/#primaryimage"},"image":{"@id":"https:\/\/my-life.lu\/de\/expertenmeinung-handelsspannungen-verschaerfen-die-weltweite-konjunkturschwaeche-32009\/#primaryimage"},"thumbnailUrl":"https:\/\/my-life.lu\/wp-content\/uploads\/2019\/09\/Article_32009.jpg","datePublished":"2019-09-03T01:10:18+00:00","dateModified":"2020-03-06T13:01:11+00:00","description":"Fredrik Skoglund, CIO bei der BIL, und sein Team nehmen die wichtigsten Ereignisse vom August 2019 unter die Lupe und pr\u00fcfen deren Auswirkungen f\u00fcr Anleger.","breadcrumb":{"@id":"https:\/\/my-life.lu\/de\/expertenmeinung-handelsspannungen-verschaerfen-die-weltweite-konjunkturschwaeche-32009\/#breadcrumb"},"inLanguage":"de","potentialAction":[{"@type":"ReadAction","target":["https:\/\/my-life.lu\/de\/expertenmeinung-handelsspannungen-verschaerfen-die-weltweite-konjunkturschwaeche-32009\/"]}]},{"@type":"ImageObject","inLanguage":"de","@id":"https:\/\/my-life.lu\/de\/expertenmeinung-handelsspannungen-verschaerfen-die-weltweite-konjunkturschwaeche-32009\/#primaryimage","url":"https:\/\/my-life.lu\/wp-content\/uploads\/2019\/09\/Article_32009.jpg","contentUrl":"https:\/\/my-life.lu\/wp-content\/uploads\/2019\/09\/Article_32009.jpg","width":5833,"height":3958},{"@type":"BreadcrumbList","@id":"https:\/\/my-life.lu\/de\/expertenmeinung-handelsspannungen-verschaerfen-die-weltweite-konjunkturschwaeche-32009\/#breadcrumb","itemListElement":[{"@type":"ListItem","position":1,"name":"Home","item":"https:\/\/my-life.lu\/de\/"},{"@type":"ListItem","position":2,"name":"Expertenmeinung: \u201eHandelsspannungen versch\u00e4rfen die weltweite Konjunkturschw\u00e4che\u201c"}]},{"@type":"WebSite","@id":"https:\/\/my-life.lu\/de\/#website","url":"https:\/\/my-life.lu\/de\/","name":"myLIFE","description":"","publisher":{"@id":"https:\/\/my-life.lu\/de\/#organization"},"potentialAction":[{"@type":"SearchAction","target":{"@type":"EntryPoint","urlTemplate":"https:\/\/my-life.lu\/de\/?s={search_term_string}"},"query-input":{"@type":"PropertyValueSpecification","valueRequired":true,"valueName":"search_term_string"}}],"inLanguage":"de"},{"@type":"Organization","@id":"https:\/\/my-life.lu\/de\/#organization","name":"myLIFE","url":"https:\/\/my-life.lu\/de\/","logo":{"@type":"ImageObject","inLanguage":"de","@id":"https:\/\/my-life.lu\/de\/#\/schema\/logo\/image\/","url":"https:\/\/my-life.lu\/wp-content\/uploads\/2018\/07\/myLIFE_LOGO_violet-AMP2.png","contentUrl":"https:\/\/my-life.lu\/wp-content\/uploads\/2018\/07\/myLIFE_LOGO_violet-AMP2.png","width":190,"height":36,"caption":"myLIFE"},"image":{"@id":"https:\/\/my-life.lu\/de\/#\/schema\/logo\/image\/"}},{"@type":"Person","@id":"https:\/\/my-life.lu\/de\/#\/schema\/person\/a7cf8483cf985a082271217b1ef5cb18","name":"Compiled by BIL Group Investment Office","image":{"@type":"ImageObject","inLanguage":"de","@id":"https:\/\/secure.gravatar.com\/avatar\/078f967271ef7e8d2d2578b5e860b327c9fad1bba94b1d74768d1a507514a350?s=96&d=mm&r=g","url":"https:\/\/secure.gravatar.com\/avatar\/078f967271ef7e8d2d2578b5e860b327c9fad1bba94b1d74768d1a507514a350?s=96&d=mm&r=g","contentUrl":"https:\/\/secure.gravatar.com\/avatar\/078f967271ef7e8d2d2578b5e860b327c9fad1bba94b1d74768d1a507514a350?s=96&d=mm&r=g","caption":"Compiled by BIL Group Investment Office"},"url":"https:\/\/my-life.lu\/de\/author\/groupinvestmentoffice\/"}]}},"_links":{"self":[{"href":"https:\/\/my-life.lu\/de\/wp-json\/wp\/v2\/posts\/9970","targetHints":{"allow":["GET"]}}],"collection":[{"href":"https:\/\/my-life.lu\/de\/wp-json\/wp\/v2\/posts"}],"about":[{"href":"https:\/\/my-life.lu\/de\/wp-json\/wp\/v2\/types\/post"}],"author":[{"embeddable":true,"href":"https:\/\/my-life.lu\/de\/wp-json\/wp\/v2\/users\/10"}],"replies":[{"embeddable":true,"href":"https:\/\/my-life.lu\/de\/wp-json\/wp\/v2\/comments?post=9970"}],"version-history":[{"count":2,"href":"https:\/\/my-life.lu\/de\/wp-json\/wp\/v2\/posts\/9970\/revisions"}],"predecessor-version":[{"id":9973,"href":"https:\/\/my-life.lu\/de\/wp-json\/wp\/v2\/posts\/9970\/revisions\/9973"}],"wp:featuredmedia":[{"embeddable":true,"href":"https:\/\/my-life.lu\/de\/wp-json\/wp\/v2\/media\/9967"}],"wp:attachment":[{"href":"https:\/\/my-life.lu\/de\/wp-json\/wp\/v2\/media?parent=9970"}],"wp:term":[{"taxonomy":"category","embeddable":true,"href":"https:\/\/my-life.lu\/de\/wp-json\/wp\/v2\/categories?post=9970"},{"taxonomy":"post_tag","embeddable":true,"href":"https:\/\/my-life.lu\/de\/wp-json\/wp\/v2\/tags?post=9970"}],"curies":[{"name":"wp","href":"https:\/\/api.w.org\/{rel}","templated":true}]}}